{"id":3700,"date":"2026-02-09T17:21:05","date_gmt":"2026-02-09T20:21:05","guid":{"rendered":"https:\/\/upconsultas.com.br\/blog\/moradora-admite-ter-divulgado-informacao-falsa-sobre-agressao-ao-cao-orelha-ouca-depoimento\/"},"modified":"2026-02-09T17:21:05","modified_gmt":"2026-02-09T20:21:05","slug":"moradora-admite-ter-divulgado-informacao-falsa-sobre-agressao-ao-cao-orelha-ouca-depoimento","status":"publish","type":"post","link":"https:\/\/upconsultas.com.br\/blog\/moradora-admite-ter-divulgado-informacao-falsa-sobre-agressao-ao-cao-orelha-ouca-depoimento\/","title":{"rendered":"Moradora admite ter divulgado informa\u00e7\u00e3o falsa sobre agress\u00e3o ao c\u00e3o Orelha; ou\u00e7a depoimento"},"content":{"rendered":"<p><\/p>\n<div id=\"post-body\">\n<div id=\"conteudo-target\">\n<div class=\"separator\" style=\"clear: both; text-align: center;\"><a href=\"https:\/\/blogger.googleusercontent.com\/img\/b\/R29vZ2xl\/AVvXsEi_9pdoF26RIv8yciERyjx0hyaupGxyq9wx_7ByZnwmXswvWArflpzt2Bu3qhH-4S8WDG_xzL4AdJhZS5A_61KZyTM73H-Xt6w9AxRwwrSKTRKEa9L9L8n2q2UboYBYr3Jo9Vsk10DJEVOJiKoEnOhkhqKHnvi1bbBI4IZqtcrsG6v3wYElQKUilLrMF7M\/s920\/eu-pequei-moradora-admite-divulgado-informacao-falsa-agressao-cao-orelha-ouca-depoimento.webp\" style=\"margin-left: 1em; margin-right: 1em;\"><\/a><\/div>\n<p>Via <b><a href=\"https:\/\/www.instagram.com\/portalg1\/?hl=pt-br\" target=\"_blank\" rel=\"noopener\">@portalg1<\/a><\/b> |\u00a0O Fant\u00e1stico teve acesso ao depoimento \u00e0 pol\u00edcia de uma moradora que admitiu ter feito a primeira postagem mencionando um suposto v\u00eddeo do espancamento do c\u00e3o Orelha &#8211; registro que nunca existiu.<\/p>\n<p>De acordo com a investiga\u00e7\u00e3o, ela afirmou que um porteiro havia filmado adolescentes batendo no Orelha e que depois teria sido coagido por parentes desses jovens. A mulher afirmou que fez a postagem baseada apenas no coment\u00e1rio de uma conhecida em uma rede social.<\/p>\n<blockquote style=\"border: none; margin: 0px 0px 0px 40px; padding: 0px;\">\n<p style=\"text-align: left;\"><b>&#8220;Partiu de mim o post que contou, s\u00f3 que eu n\u00e3o imaginei que fosse repercutir tanto. A\u00ed, quando eu comecei a perceber que o post tinha viralizado e come\u00e7aram a falar de repres\u00e1lias \u00e0s crian\u00e7as, eu n\u00e3o acho certo isso&#8221;, declarou a moradora em depoimento.<\/b><\/p>\n<\/blockquote>\n<p>A pol\u00edcia perguntou \u00e0 moradora se, em algum momento, ela teria visto o suposto v\u00eddeo feito pelo porteiro.<\/p>\n<blockquote style=\"border: none; margin: 0px 0px 0px 40px; padding: 0px;\">\n<p style=\"text-align: left;\"><b>&#8220;Essa menina tamb\u00e9m colocou no grupo que ele teria filmado os garotos indo atr\u00e1s dos cachorros. Em seguida, o pai de um dos menores foi at\u00e9 ele e amea\u00e7ou ele, que ele tirasse o post do grupo. Ent\u00e3o, eu acho que essa parte a\u00ed eu pequei, porque eu n\u00e3o deveria ter acreditado nela&#8221;.<\/b><\/p>\n<\/blockquote>\n<h2 style=\"text-align: left;\">Investiga\u00e7\u00e3o<\/h2>\n<p>O caso do cachorro Orelha \u00e9 investigado como maus-tratos seguidos de morte. O animal, que era comunit\u00e1rio e vivia na Praia Brava, foi encontrado ferido no dia 5 de janeiro e morreu ap\u00f3s ser levado ao veterin\u00e1rio.<\/p>\n<div class=\"jetpack-video-wrapper\"><iframe title=\"Em depoimento, moradora fala sobre falso v\u00eddeo de agress\u00e3o ao c\u00e3o Orelha: &#039;eu pequei&#039;\" width=\"640\" height=\"360\" src=\"https:\/\/www.youtube.com\/embed\/VXBKXEBawXQ?feature=oembed\" frameborder=\"0\" allow=\"accelerometer; autoplay; clipboard-write; encrypted-media; gyroscope; picture-in-picture; web-share\" referrerpolicy=\"strict-origin-when-cross-origin\" allowfullscreen><\/iframe><\/div>\n<p><i>Em depoimento, moradora fala sobre falso v\u00eddeo de agress\u00e3o ao c\u00e3o Orelha: &#8216;eu pequei&#8217;<\/i><\/p>\n<p>Um laudo indireto, baseado no atendimento veterin\u00e1rio, apontou que a causa da morte foi um golpe na cabe\u00e7a por objeto contundente. O relat\u00f3rio foi encaminhado ao Minist\u00e9rio P\u00fablico de Santa Catarina (MPSC), e a Pol\u00edcia Civil pediu a interna\u00e7\u00e3o de um menor. Outros tr\u00eas adolescentes inicialmente suspeitos foram descartados.<\/p>\n<h2 style=\"text-align: left;\">Defesa de menor aponta fragilidades<\/h2>\n<p>Para o advogado do adolescente apontado como respons\u00e1vel pela agress\u00e3o, h\u00e1 inconsist\u00eancias no material reunido.<\/p>\n<p>A pol\u00edcia, por sua vez, afirma que o adolescente entrou em contradi\u00e7\u00e3o ao declarar inicialmente que havia ficado apenas na piscina do condom\u00ednio na manh\u00e3 do ataque.<\/p>\n<p>A defesa tamb\u00e9m criticou o pedido de interna\u00e7\u00e3o. \u201cO Estatuto da Crian\u00e7a e do Adolescente n\u00e3o prev\u00ea isso. \u00c9 um absurdo. N\u00e3o h\u00e1 uma viol\u00eancia contra uma pessoa. H\u00e1 suposta viol\u00eancia contra animal. Nem clamor p\u00fablico pode ser motivo de causa para isso. E tem mais: nada tem de elemento para o adolescente ser cerceado da liberdade em virtude disso.&#8221;<\/p>\n<h3 style=\"text-align: left;\">Veja a reportagem completa no v\u00eddeo abaixo:<\/h3>\n<div class=\"jetpack-video-wrapper\"><iframe title=\"Caso Orelha: novos v\u00eddeos e depoimentos do caso\" width=\"640\" height=\"360\" src=\"https:\/\/www.youtube.com\/embed\/9Ae0lcoTnq4?feature=oembed\" frameborder=\"0\" allow=\"accelerometer; autoplay; clipboard-write; encrypted-media; gyroscope; picture-in-picture; web-share\" referrerpolicy=\"strict-origin-when-cross-origin\" allowfullscreen><\/iframe><\/div>\n<p><i>Caso Orelha: novos v\u00eddeos e depoimentos do caso<\/i><\/p>\n<p>Por <b>Fant\u00e1stico<\/b><br \/>Fonte:\u00a0<b><a href=\"https:\/\/www.instagram.com\/portalg1\/?hl=pt-br\" target=\"_blank\" rel=\"noopener\">@portalg1<\/a><\/b><\/p>\n<\/div>\n<\/div>\n<p><script async src=\"\/\/www.instagram.com\/embed.js\"><\/script><\/p>\n","protected":false},"excerpt":{"rendered":"<p>Via @portalg1 |\u00a0O Fant\u00e1stico teve acesso ao depoimento \u00e0 pol\u00edcia de uma moradora que admitiu<\/p>\n","protected":false},"author":1,"featured_media":3701,"comment_status":"open","ping_status":"open","sticky":false,"template":"","format":"standard","meta":{"footnotes":""},"categories":[315],"tags":[858,1379,2842,3296,3294,2273,3295,3293,3019,2810,828,1277],"yoast_head":"<!-- This site is optimized with the Yoast SEO plugin v20.1 - https:\/\/yoast.com\/wordpress\/plugins\/seo\/ -->\n<title>Moradora admite ter divulgado informa\u00e7\u00e3o falsa sobre agress\u00e3o ao c\u00e3o Orelha; ou\u00e7a depoimento - UP Consultas<\/title>\n<meta name=\"robots\" content=\"index, follow, max-snippet:-1, max-image-preview:large, max-video-preview:-1\" \/>\n<link rel=\"canonical\" href=\"https:\/\/upconsultas.com.br\/blog\/moradora-admite-ter-divulgado-informacao-falsa-sobre-agressao-ao-cao-orelha-ouca-depoimento\/\" \/>\n<meta property=\"og:locale\" content=\"pt_BR\" \/>\n<meta property=\"og:type\" content=\"article\" \/>\n<meta property=\"og:title\" content=\"Moradora admite ter divulgado informa\u00e7\u00e3o falsa sobre agress\u00e3o ao c\u00e3o Orelha; ou\u00e7a depoimento - UP Consultas\" \/>\n<meta property=\"og:description\" content=\"Via @portalg1 |\u00a0O Fant\u00e1stico teve acesso ao depoimento \u00e0 pol\u00edcia de uma moradora que admitiu\" \/>\n<meta property=\"og:url\" content=\"https:\/\/upconsultas.com.br\/blog\/moradora-admite-ter-divulgado-informacao-falsa-sobre-agressao-ao-cao-orelha-ouca-depoimento\/\" \/>\n<meta property=\"og:site_name\" content=\"UP Consultas\" \/>\n<meta property=\"article:published_time\" content=\"2026-02-09T20:21:05+00:00\" \/>\n<meta property=\"og:image\" content=\"https:\/\/blogger.googleusercontent.com\/img\/b\/R29vZ2xl\/AVvXsEi_9pdoF26RIv8yciERyjx0hyaupGxyq9wx_7ByZnwmXswvWArflpzt2Bu3qhH-4S8WDG_xzL4AdJhZS5A_61KZyTM73H-Xt6w9AxRwwrSKTRKEa9L9L8n2q2UboYBYr3Jo9Vsk10DJEVOJiKoEnOhkhqKHnvi1bbBI4IZqtcrsG6v3wYElQKUilLrMF7M\/s16000-rw\/eu-pequei-moradora-admite-divulgado-informacao-falsa-agressao-cao-orelha-ouca-depoimento.webp\" \/>\n<meta name=\"author\" content=\"UP Consultas Brasil\" \/>\n<meta name=\"twitter:card\" content=\"summary_large_image\" \/>\n<meta name=\"twitter:label1\" content=\"Escrito por\" \/>\n\t<meta name=\"twitter:data1\" content=\"UP Consultas Brasil\" \/>\n\t<meta name=\"twitter:label2\" content=\"Est. tempo de leitura\" \/>\n\t<meta name=\"twitter:data2\" content=\"2 minutos\" \/>\n<script type=\"application\/ld+json\" class=\"yoast-schema-graph\">{\"@context\":\"https:\/\/schema.org\",\"@graph\":[{\"@type\":\"Article\",\"@id\":\"https:\/\/upconsultas.com.br\/blog\/moradora-admite-ter-divulgado-informacao-falsa-sobre-agressao-ao-cao-orelha-ouca-depoimento\/#article\",\"isPartOf\":{\"@id\":\"https:\/\/upconsultas.com.br\/blog\/moradora-admite-ter-divulgado-informacao-falsa-sobre-agressao-ao-cao-orelha-ouca-depoimento\/\"},\"author\":{\"name\":\"UP Consultas Brasil\",\"@id\":\"https:\/\/upconsultas.com.br\/blog\/#\/schema\/person\/7989e66c6d2f68e50be6c07a2d492e52\"},\"headline\":\"Moradora admite ter divulgado informa\u00e7\u00e3o falsa sobre agress\u00e3o ao c\u00e3o Orelha; ou\u00e7a depoimento\",\"datePublished\":\"2026-02-09T20:21:05+00:00\",\"dateModified\":\"2026-02-09T20:21:05+00:00\",\"mainEntityOfPage\":{\"@id\":\"https:\/\/upconsultas.com.br\/blog\/moradora-admite-ter-divulgado-informacao-falsa-sobre-agressao-ao-cao-orelha-ouca-depoimento\/\"},\"wordCount\":502,\"commentCount\":0,\"publisher\":{\"@id\":\"https:\/\/upconsultas.com.br\/blog\/#organization\"},\"keywords\":[\"admite\",\"agress\u00e3o\",\"c\u00e3o\",\"depoimento\",\"divulgado\",\"Falsa\",\"informa\u00e7\u00e3o\",\"Moradora\",\"Orelha\",\"ou\u00e7a\",\"sobre\",\"ter\"],\"articleSection\":[\"Advocacia\"],\"inLanguage\":\"pt-BR\",\"potentialAction\":[{\"@type\":\"CommentAction\",\"name\":\"Comment\",\"target\":[\"https:\/\/upconsultas.com.br\/blog\/moradora-admite-ter-divulgado-informacao-falsa-sobre-agressao-ao-cao-orelha-ouca-depoimento\/#respond\"]}]},{\"@type\":\"WebPage\",\"@id\":\"https:\/\/upconsultas.com.br\/blog\/moradora-admite-ter-divulgado-informacao-falsa-sobre-agressao-ao-cao-orelha-ouca-depoimento\/\",\"url\":\"https:\/\/upconsultas.com.br\/blog\/moradora-admite-ter-divulgado-informacao-falsa-sobre-agressao-ao-cao-orelha-ouca-depoimento\/\",\"name\":\"Moradora admite ter divulgado informa\u00e7\u00e3o falsa sobre agress\u00e3o ao c\u00e3o Orelha; ou\u00e7a depoimento - UP Consultas\",\"isPartOf\":{\"@id\":\"https:\/\/upconsultas.com.br\/blog\/#website\"},\"datePublished\":\"2026-02-09T20:21:05+00:00\",\"dateModified\":\"2026-02-09T20:21:05+00:00\",\"breadcrumb\":{\"@id\":\"https:\/\/upconsultas.com.br\/blog\/moradora-admite-ter-divulgado-informacao-falsa-sobre-agressao-ao-cao-orelha-ouca-depoimento\/#breadcrumb\"},\"inLanguage\":\"pt-BR\",\"potentialAction\":[{\"@type\":\"ReadAction\",\"target\":[\"https:\/\/upconsultas.com.br\/blog\/moradora-admite-ter-divulgado-informacao-falsa-sobre-agressao-ao-cao-orelha-ouca-depoimento\/\"]}]},{\"@type\":\"BreadcrumbList\",\"@id\":\"https:\/\/upconsultas.com.br\/blog\/moradora-admite-ter-divulgado-informacao-falsa-sobre-agressao-ao-cao-orelha-ouca-depoimento\/#breadcrumb\",\"itemListElement\":[{\"@type\":\"ListItem\",\"position\":1,\"name\":\"In\u00edcio\",\"item\":\"https:\/\/upconsultas.com.br\/blog\/\"},{\"@type\":\"ListItem\",\"position\":2,\"name\":\"Moradora admite ter divulgado informa\u00e7\u00e3o falsa sobre agress\u00e3o ao c\u00e3o Orelha; ou\u00e7a depoimento\"}]},{\"@type\":\"WebSite\",\"@id\":\"https:\/\/upconsultas.com.br\/blog\/#website\",\"url\":\"https:\/\/upconsultas.com.br\/blog\/\",\"name\":\"UP Consultas\",\"description\":\"Portal de consultas, CPF, CNPJ e Veiculos\",\"publisher\":{\"@id\":\"https:\/\/upconsultas.com.br\/blog\/#organization\"},\"potentialAction\":[{\"@type\":\"SearchAction\",\"target\":{\"@type\":\"EntryPoint\",\"urlTemplate\":\"https:\/\/upconsultas.com.br\/blog\/?s={search_term_string}\"},\"query-input\":\"required name=search_term_string\"}],\"inLanguage\":\"pt-BR\"},{\"@type\":\"Organization\",\"@id\":\"https:\/\/upconsultas.com.br\/blog\/#organization\",\"name\":\"UP Consultas\",\"url\":\"https:\/\/upconsultas.com.br\/blog\/\",\"logo\":{\"@type\":\"ImageObject\",\"inLanguage\":\"pt-BR\",\"@id\":\"https:\/\/upconsultas.com.br\/blog\/#\/schema\/logo\/image\/\",\"url\":\"https:\/\/upconsultas.com.br\/blog\/wp-content\/uploads\/2024\/09\/cropped-Azul_v3.png\",\"contentUrl\":\"https:\/\/upconsultas.com.br\/blog\/wp-content\/uploads\/2024\/09\/cropped-Azul_v3.png\",\"width\":350,\"height\":199,\"caption\":\"UP Consultas\"},\"image\":{\"@id\":\"https:\/\/upconsultas.com.br\/blog\/#\/schema\/logo\/image\/\"}},{\"@type\":\"Person\",\"@id\":\"https:\/\/upconsultas.com.br\/blog\/#\/schema\/person\/7989e66c6d2f68e50be6c07a2d492e52\",\"name\":\"UP Consultas Brasil\",\"image\":{\"@type\":\"ImageObject\",\"inLanguage\":\"pt-BR\",\"@id\":\"https:\/\/upconsultas.com.br\/blog\/#\/schema\/person\/image\/\",\"url\":\"https:\/\/secure.gravatar.com\/avatar\/02f760804f39d0748d6cafbf5ca3b6e9?s=96&d=mm&r=g\",\"contentUrl\":\"https:\/\/secure.gravatar.com\/avatar\/02f760804f39d0748d6cafbf5ca3b6e9?s=96&d=mm&r=g\",\"caption\":\"UP Consultas Brasil\"},\"sameAs\":[\"http:\/\/blog.upconsultas.com.br\"],\"url\":\"https:\/\/upconsultas.com.br\/blog\/author\/pachecopauluciofgmail-com\/\"}]}<\/script>\n<!-- \/ Yoast SEO plugin. -->","yoast_head_json":{"title":"Moradora admite ter divulgado informa\u00e7\u00e3o falsa sobre agress\u00e3o ao c\u00e3o Orelha; ou\u00e7a depoimento - UP Consultas","robots":{"index":"index","follow":"follow","max-snippet":"max-snippet:-1","max-image-preview":"max-image-preview:large","max-video-preview":"max-video-preview:-1"},"canonical":"https:\/\/upconsultas.com.br\/blog\/moradora-admite-ter-divulgado-informacao-falsa-sobre-agressao-ao-cao-orelha-ouca-depoimento\/","og_locale":"pt_BR","og_type":"article","og_title":"Moradora admite ter divulgado informa\u00e7\u00e3o falsa sobre agress\u00e3o ao c\u00e3o Orelha; ou\u00e7a depoimento - UP Consultas","og_description":"Via @portalg1 |\u00a0O Fant\u00e1stico teve acesso ao depoimento \u00e0 pol\u00edcia de uma moradora que admitiu","og_url":"https:\/\/upconsultas.com.br\/blog\/moradora-admite-ter-divulgado-informacao-falsa-sobre-agressao-ao-cao-orelha-ouca-depoimento\/","og_site_name":"UP Consultas","article_published_time":"2026-02-09T20:21:05+00:00","og_image":[{"url":"https:\/\/blogger.googleusercontent.com\/img\/b\/R29vZ2xl\/AVvXsEi_9pdoF26RIv8yciERyjx0hyaupGxyq9wx_7ByZnwmXswvWArflpzt2Bu3qhH-4S8WDG_xzL4AdJhZS5A_61KZyTM73H-Xt6w9AxRwwrSKTRKEa9L9L8n2q2UboYBYr3Jo9Vsk10DJEVOJiKoEnOhkhqKHnvi1bbBI4IZqtcrsG6v3wYElQKUilLrMF7M\/s16000-rw\/eu-pequei-moradora-admite-divulgado-informacao-falsa-agressao-cao-orelha-ouca-depoimento.webp"}],"author":"UP Consultas Brasil","twitter_card":"summary_large_image","twitter_misc":{"Escrito por":"UP Consultas Brasil","Est. tempo de leitura":"2 minutos"},"schema":{"@context":"https:\/\/schema.org","@graph":[{"@type":"Article","@id":"https:\/\/upconsultas.com.br\/blog\/moradora-admite-ter-divulgado-informacao-falsa-sobre-agressao-ao-cao-orelha-ouca-depoimento\/#article","isPartOf":{"@id":"https:\/\/upconsultas.com.br\/blog\/moradora-admite-ter-divulgado-informacao-falsa-sobre-agressao-ao-cao-orelha-ouca-depoimento\/"},"author":{"name":"UP Consultas Brasil","@id":"https:\/\/upconsultas.com.br\/blog\/#\/schema\/person\/7989e66c6d2f68e50be6c07a2d492e52"},"headline":"Moradora admite ter divulgado informa\u00e7\u00e3o falsa sobre agress\u00e3o ao c\u00e3o Orelha; ou\u00e7a depoimento","datePublished":"2026-02-09T20:21:05+00:00","dateModified":"2026-02-09T20:21:05+00:00","mainEntityOfPage":{"@id":"https:\/\/upconsultas.com.br\/blog\/moradora-admite-ter-divulgado-informacao-falsa-sobre-agressao-ao-cao-orelha-ouca-depoimento\/"},"wordCount":502,"commentCount":0,"publisher":{"@id":"https:\/\/upconsultas.com.br\/blog\/#organization"},"keywords":["admite","agress\u00e3o","c\u00e3o","depoimento","divulgado","Falsa","informa\u00e7\u00e3o","Moradora","Orelha","ou\u00e7a","sobre","ter"],"articleSection":["Advocacia"],"inLanguage":"pt-BR","potentialAction":[{"@type":"CommentAction","name":"Comment","target":["https:\/\/upconsultas.com.br\/blog\/moradora-admite-ter-divulgado-informacao-falsa-sobre-agressao-ao-cao-orelha-ouca-depoimento\/#respond"]}]},{"@type":"WebPage","@id":"https:\/\/upconsultas.com.br\/blog\/moradora-admite-ter-divulgado-informacao-falsa-sobre-agressao-ao-cao-orelha-ouca-depoimento\/","url":"https:\/\/upconsultas.com.br\/blog\/moradora-admite-ter-divulgado-informacao-falsa-sobre-agressao-ao-cao-orelha-ouca-depoimento\/","name":"Moradora admite ter divulgado informa\u00e7\u00e3o falsa sobre agress\u00e3o ao c\u00e3o Orelha; ou\u00e7a depoimento - UP Consultas","isPartOf":{"@id":"https:\/\/upconsultas.com.br\/blog\/#website"},"datePublished":"2026-02-09T20:21:05+00:00","dateModified":"2026-02-09T20:21:05+00:00","breadcrumb":{"@id":"https:\/\/upconsultas.com.br\/blog\/moradora-admite-ter-divulgado-informacao-falsa-sobre-agressao-ao-cao-orelha-ouca-depoimento\/#breadcrumb"},"inLanguage":"pt-BR","potentialAction":[{"@type":"ReadAction","target":["https:\/\/upconsultas.com.br\/blog\/moradora-admite-ter-divulgado-informacao-falsa-sobre-agressao-ao-cao-orelha-ouca-depoimento\/"]}]},{"@type":"BreadcrumbList","@id":"https:\/\/upconsultas.com.br\/blog\/moradora-admite-ter-divulgado-informacao-falsa-sobre-agressao-ao-cao-orelha-ouca-depoimento\/#breadcrumb","itemListElement":[{"@type":"ListItem","position":1,"name":"In\u00edcio","item":"https:\/\/upconsultas.com.br\/blog\/"},{"@type":"ListItem","position":2,"name":"Moradora admite ter divulgado informa\u00e7\u00e3o falsa sobre agress\u00e3o ao c\u00e3o Orelha; ou\u00e7a depoimento"}]},{"@type":"WebSite","@id":"https:\/\/upconsultas.com.br\/blog\/#website","url":"https:\/\/upconsultas.com.br\/blog\/","name":"UP Consultas","description":"Portal de consultas, CPF, CNPJ e Veiculos","publisher":{"@id":"https:\/\/upconsultas.com.br\/blog\/#organization"},"potentialAction":[{"@type":"SearchAction","target":{"@type":"EntryPoint","urlTemplate":"https:\/\/upconsultas.com.br\/blog\/?s={search_term_string}"},"query-input":"required name=search_term_string"}],"inLanguage":"pt-BR"},{"@type":"Organization","@id":"https:\/\/upconsultas.com.br\/blog\/#organization","name":"UP Consultas","url":"https:\/\/upconsultas.com.br\/blog\/","logo":{"@type":"ImageObject","inLanguage":"pt-BR","@id":"https:\/\/upconsultas.com.br\/blog\/#\/schema\/logo\/image\/","url":"https:\/\/upconsultas.com.br\/blog\/wp-content\/uploads\/2024\/09\/cropped-Azul_v3.png","contentUrl":"https:\/\/upconsultas.com.br\/blog\/wp-content\/uploads\/2024\/09\/cropped-Azul_v3.png","width":350,"height":199,"caption":"UP Consultas"},"image":{"@id":"https:\/\/upconsultas.com.br\/blog\/#\/schema\/logo\/image\/"}},{"@type":"Person","@id":"https:\/\/upconsultas.com.br\/blog\/#\/schema\/person\/7989e66c6d2f68e50be6c07a2d492e52","name":"UP Consultas Brasil","image":{"@type":"ImageObject","inLanguage":"pt-BR","@id":"https:\/\/upconsultas.com.br\/blog\/#\/schema\/person\/image\/","url":"https:\/\/secure.gravatar.com\/avatar\/02f760804f39d0748d6cafbf5ca3b6e9?s=96&d=mm&r=g","contentUrl":"https:\/\/secure.gravatar.com\/avatar\/02f760804f39d0748d6cafbf5ca3b6e9?s=96&d=mm&r=g","caption":"UP Consultas Brasil"},"sameAs":["http:\/\/blog.upconsultas.com.br"],"url":"https:\/\/upconsultas.com.br\/blog\/author\/pachecopauluciofgmail-com\/"}]}},"jetpack_sharing_enabled":true,"featured_image_urls":{"full":["https:\/\/upconsultas.com.br\/blog\/wp-content\/uploads\/2026\/02\/eu-pequei-moradora-admite-divulgado-informacao-falsa-agressao-cao-orelha-ouca-depoimento.webp.jpeg",920,518,false],"thumbnail":["https:\/\/upconsultas.com.br\/blog\/wp-content\/uploads\/2026\/02\/eu-pequei-moradora-admite-divulgado-informacao-falsa-agressao-cao-orelha-ouca-depoimento.webp-150x150.jpeg",150,150,true],"medium":["https:\/\/upconsultas.com.br\/blog\/wp-content\/uploads\/2026\/02\/eu-pequei-moradora-admite-divulgado-informacao-falsa-agressao-cao-orelha-ouca-depoimento.webp-300x169.jpeg",300,169,true],"medium_large":["https:\/\/upconsultas.com.br\/blog\/wp-content\/uploads\/2026\/02\/eu-pequei-moradora-admite-divulgado-informacao-falsa-agressao-cao-orelha-ouca-depoimento.webp-768x432.jpeg",640,360,true],"large":["https:\/\/upconsultas.com.br\/blog\/wp-content\/uploads\/2026\/02\/eu-pequei-moradora-admite-divulgado-informacao-falsa-agressao-cao-orelha-ouca-depoimento.webp.jpeg",640,360,false],"1536x1536":["https:\/\/upconsultas.com.br\/blog\/wp-content\/uploads\/2026\/02\/eu-pequei-moradora-admite-divulgado-informacao-falsa-agressao-cao-orelha-ouca-depoimento.webp.jpeg",920,518,false],"2048x2048":["https:\/\/upconsultas.com.br\/blog\/wp-content\/uploads\/2026\/02\/eu-pequei-moradora-admite-divulgado-informacao-falsa-agressao-cao-orelha-ouca-depoimento.webp.jpeg",920,518,false],"chromenews-featured":["https:\/\/upconsultas.com.br\/blog\/wp-content\/uploads\/2026\/02\/eu-pequei-moradora-admite-divulgado-informacao-falsa-agressao-cao-orelha-ouca-depoimento.webp.jpeg",920,518,false],"chromenews-large":["https:\/\/upconsultas.com.br\/blog\/wp-content\/uploads\/2026\/02\/eu-pequei-moradora-admite-divulgado-informacao-falsa-agressao-cao-orelha-ouca-depoimento.webp-825x518.jpeg",825,518,true],"chromenews-medium":["https:\/\/upconsultas.com.br\/blog\/wp-content\/uploads\/2026\/02\/eu-pequei-moradora-admite-divulgado-informacao-falsa-agressao-cao-orelha-ouca-depoimento.webp-590x410.jpeg",590,410,true]},"author_info":{"display_name":"UP Consultas Brasil","author_link":"https:\/\/upconsultas.com.br\/blog\/author\/pachecopauluciofgmail-com\/"},"category_info":"<a href=\"https:\/\/upconsultas.com.br\/blog\/categoria\/advocacia\/\" rel=\"category tag\">Advocacia<\/a>","tag_info":"Advocacia","comment_count":"0","jetpack_featured_media_url":"https:\/\/upconsultas.com.br\/blog\/wp-content\/uploads\/2026\/02\/eu-pequei-moradora-admite-divulgado-informacao-falsa-agressao-cao-orelha-ouca-depoimento.webp.jpeg","_links":{"self":[{"href":"https:\/\/upconsultas.com.br\/blog\/wp-json\/wp\/v2\/posts\/3700"}],"collection":[{"href":"https:\/\/upconsultas.com.br\/blog\/wp-json\/wp\/v2\/posts"}],"about":[{"href":"https:\/\/upconsultas.com.br\/blog\/wp-json\/wp\/v2\/types\/post"}],"author":[{"embeddable":true,"href":"https:\/\/upconsultas.com.br\/blog\/wp-json\/wp\/v2\/users\/1"}],"replies":[{"embeddable":true,"href":"https:\/\/upconsultas.com.br\/blog\/wp-json\/wp\/v2\/comments?post=3700"}],"version-history":[{"count":0,"href":"https:\/\/upconsultas.com.br\/blog\/wp-json\/wp\/v2\/posts\/3700\/revisions"}],"wp:featuredmedia":[{"embeddable":true,"href":"https:\/\/upconsultas.com.br\/blog\/wp-json\/wp\/v2\/media\/3701"}],"wp:attachment":[{"href":"https:\/\/upconsultas.com.br\/blog\/wp-json\/wp\/v2\/media?parent=3700"}],"wp:term":[{"taxonomy":"category","embeddable":true,"href":"https:\/\/upconsultas.com.br\/blog\/wp-json\/wp\/v2\/categories?post=3700"},{"taxonomy":"post_tag","embeddable":true,"href":"https:\/\/upconsultas.com.br\/blog\/wp-json\/wp\/v2\/tags?post=3700"}],"curies":[{"name":"wp","href":"https:\/\/api.w.org\/{rel}","templated":true}]}}