{"id":3704,"date":"2026-02-09T19:23:05","date_gmt":"2026-02-09T22:23:05","guid":{"rendered":"https:\/\/upconsultas.com.br\/blog\/moraes-vota-contra-aplicacao-de-teto-de-r-500-a-anuidades-da-oab\/"},"modified":"2026-02-09T19:23:05","modified_gmt":"2026-02-09T22:23:05","slug":"moraes-vota-contra-aplicacao-de-teto-de-r-500-a-anuidades-da-oab","status":"publish","type":"post","link":"https:\/\/upconsultas.com.br\/blog\/moraes-vota-contra-aplicacao-de-teto-de-r-500-a-anuidades-da-oab\/","title":{"rendered":"Moraes vota contra aplica\u00e7\u00e3o de teto de R$ 500 a anuidades da OAB"},"content":{"rendered":"<p><\/p>\n<div id=\"conteudo-target\">\n<div class=\"separator\" style=\"clear: both; text-align: center;\"><a href=\"https:\/\/blogger.googleusercontent.com\/img\/b\/R29vZ2xl\/AVvXsEgPyjBRcSZEsvMM4qOAGqPxO6_ro8H-FrqXR2M0ZJLvp71uaXQQEFosf1JVyb8d8gfgRuLzyR1cAChb7zV6sJtKJLkGjmdHauZBY96uxxjffQ78jjRmMCE5JvbuXOgHzzMEjqcUzlZGj0YgL9rCbVAqI2SANVy4Y5mZyybnv7hF4wJwmPuuQu7zCGVbQ04\/s920\/stf-moraes-vota-aplicacao-teto-r-500-anuidades-oab-.webp\" imageanchor=\"1\" style=\"margin-left: 1em; margin-right: 1em;\"><\/a><\/div>\n<p>Via <b><a href=\"https:\/\/www.instagram.com\/portalmigalhas\/\" target=\"_blank\" rel=\"noopener\">@portalmigalhas<\/a><\/b> |\u00a0Ministro <b>Alexandre de Moraes<\/b> votou por afastar a aplica\u00e7\u00e3o do limite legal previsto na lei <b><a href=\"https:\/\/www.planalto.gov.br\/ccivil_03\/_ato2011-2014\/2011\/lei\/l12514.htm\" target=\"_blank\" rel=\"noopener\">12.514\/11<\/a><\/b> \u00e0s anuidades da OAB.<\/p>\n<p>Para\u00a0o relator, o teto de R$ 500 fixado para conselhos profissionais n\u00e3o se aplica \u00e0 entidade, em raz\u00e3o da natureza institucional e da autonomia constitucional que \u00e9 assegurada \u00e0 Ordem.<\/p>\n<p>O julgamento do recurso, com repercuss\u00e3o geral reconhecida (<b><a href=\"https:\/\/portal.stf.jus.br\/jurisprudenciaRepercussao\/verAndamentoProcesso.asp?incidente=6214998&amp;numeroProcesso=1336047&amp;classeProcesso=ARE&amp;numeroTema=1180\" target=\"_blank\" rel=\"noopener\">Tema 1.180<\/a><\/b>), ocorre no plen\u00e1rio virtual do STF e, at\u00e9 o momento, conta apenas com o voto do relator.<\/p>\n<p>A conclus\u00e3o da an\u00e1lise est\u00e1 prevista para a pr\u00f3xima sexta-feira, dia 13. At\u00e9 l\u00e1, os ministros podem apresentar voto, pedir vista ou solicitar destaque, hip\u00f3tese em que o processo ser\u00e1 remetido para julgamento presencial no plen\u00e1rio f\u00edsico da Corte.<\/p>\n<h2 style=\"text-align: left;\">Entenda o caso<\/h2>\n<p>Na origem, um advogado ajuizou a\u00e7\u00e3o contra a OAB\/RJ para limitar o valor da anuidade ao teto de R$ 500 previsto no art. 6\u00ba, I, da lei 12.514\/11, que regula as contribui\u00e7\u00f5es devidas a conselhos profissionais.<\/p>\n<p>A senten\u00e7a foi de improced\u00eancia, mas a turma recursal do JEF\/RJ reformou a decis\u00e3o e determinou a aplica\u00e7\u00e3o do limite legal \u00e0 OAB, com restitui\u00e7\u00e3o dos valores pagos a maior.<\/p>\n<p>A seccional fluminense da OAB recorreu ao STF, sustentando que a entidade n\u00e3o se confunde com os demais conselhos profissionais, por exercer fun\u00e7\u00e3o institucional pr\u00f3pria, voltada \u00e0 defesa da ordem constitucional, da cidadania e do Estado Democr\u00e1tico de Direito, o que inviabilizaria sua submiss\u00e3o ao regime jur\u00eddico da lei 12.514\/11.<\/p>\n<h2 style=\"text-align: left;\">Favor\u00e1vel ao teto<\/h2>\n<p>Em 2022, a Procuradoria-Geral da Rep\u00fablica manifestou-se pelo desprovimento do recurso e pela constitucionalidade da aplica\u00e7\u00e3o da lei 12.514\/11 \u00e0 OAB no que se refere ao limite de R$ 500 para anuidades.<\/p>\n<p>Para o \u00f3rg\u00e3o, a Ordem, embora possua natureza jur\u00eddica singular e exer\u00e7a fun\u00e7\u00f5es institucionais relevantes, atua tamb\u00e9m como conselho profissional ao cobrar contribui\u00e7\u00e3o obrigat\u00f3ria de seus inscritos, n\u00e3o havendo, nesse ponto, distin\u00e7\u00e3o que justifique tratamento diverso em rela\u00e7\u00e3o \u00e0s demais entidades fiscalizadoras.<\/p>\n<p>No parecer, a PGR sustenta que a limita\u00e7\u00e3o legal concretiza princ\u00edpios constitucionais como a liberdade de exerc\u00edcio profissional e a capacidade contributiva, sem comprometer a autonomia financeira ou a independ\u00eancia institucional da OAB.<\/p>\n<p>Segundo o \u00f3rg\u00e3o, n\u00e3o foi demonstrado que o teto fixado pelo legislador ultrapasse par\u00e2metros de proporcionalidade e razoabilidade, devendo prevalecer a solu\u00e7\u00e3o democraticamente estabelecida em lei.<\/p>\n<h2 style=\"text-align: left;\">Voto do relator<\/h2>\n<p>Ao analisar o caso, ministro Alexandre de Moraes fez um amplo resgate legislativo e jurisprudencial a respeito da natureza jur\u00eddica da OAB.<\/p>\n<p>O ministro destacou que o STF j\u00e1 reconheceu, em precedentes como a <b><a href=\"https:\/\/portal.stf.jus.br\/processos\/detalhe.asp?incidente=2178282\" target=\"_blank\" rel=\"noopener\">ADIn 3.026<\/a><\/b>, que a Ordem possui natureza jur\u00eddica singular, caracterizada como <b>&#8220;servi\u00e7o p\u00fablico independente&#8221;<\/b>, n\u00e3o integrante da Administra\u00e7\u00e3o P\u00fablica indireta e n\u00e3o equipar\u00e1vel aos conselhos de fiscaliza\u00e7\u00e3o profissional.<\/p>\n<p>Para o relator, a lei 12.514\/11 foi editada para suprir lacunas normativas relativas \u00e0 cobran\u00e7a de anuidades por conselhos profissionais em geral, e n\u00e3o para atingir a OAB, cuja disciplina espec\u00edfica est\u00e1 prevista no Estatuto da Advocacia (<b><a href=\"https:\/\/www.planalto.gov.br\/ccivil_03\/leis\/l8906.htm\" target=\"_blank\" rel=\"noopener\">lei 8.906\/94<\/a><\/b>).<\/p>\n<p>Segundo Moraes, aplicar o teto legal \u00e0 Ordem implicaria indevida interven\u00e7\u00e3o estatal em sua autonomia financeira, com potencial comprometimento de suas fun\u00e7\u00f5es institucionais.<\/p>\n<p>O ministro tamb\u00e9m ressaltou que a atua\u00e7\u00e3o da OAB n\u00e3o se limita \u00e0 fiscaliza\u00e7\u00e3o profissional, abrangendo atribui\u00e7\u00f5es constitucionais amplas, como a defesa da <b><a href=\"https:\/\/www.planalto.gov.br\/ccivil_03\/constituicao\/constituicao.htm\" target=\"_blank\" rel=\"noopener\">CF<\/a><\/b>, dos direitos humanos e da ordem democr\u00e1tica, o que a distingue substancialmente dos demais conselhos.<\/p>\n<p>Ao final, Alexandre de Moraes votou por dar provimento ao recurso da OAB\/RJ para restabelecer a senten\u00e7a de improced\u00eancia e prop\u00f4s a fixa\u00e7\u00e3o da seguinte tese de repercuss\u00e3o geral:<\/p>\n<blockquote style=\"border: none; margin: 0px 0px 0px 40px; padding: 0px; text-align: left;\">\n<p><b>&#8220;1. O art. 6\u00ba, inciso I, da Lei 12.514\/2011, que limita o valor da anuidade aos diversos Conselhos Profissionais, n\u00e3o se aplica \u00e0 Ordem dos Advogados do Brasil.<\/b><\/p>\n<p><b>2. A fixa\u00e7\u00e3o e cobran\u00e7a das contribui\u00e7\u00f5es anuais de advogados s\u00e3o regidas especificamente pelo Estatuto da OAB (Lei n\u00ba 8.906\/94), pois a Ordem dos Advogados do Brasil possui finalidade institucional, al\u00e9m das corporativas, uma vez que a advocacia \u00e9 indispens\u00e1vel \u00e0 administra\u00e7\u00e3o da Justi\u00e7a, nos termos do artigo 133 da Constitui\u00e7\u00e3o Federal, tendo o Supremo Tribunal Federal reconhecido sua \u201ccategoria \u00edmpar no elenco das personalidades jur\u00eddicas existentes no direito brasileiro\u201d, por exercer \u201cum servi\u00e7o p\u00fablico independente\u201d (ADI 3.026\/DF, Rel. Min. EROS GRAU).&#8221;<\/b><\/p>\n<\/blockquote>\n<p>Leia o <b><a href=\"https:\/\/arq.migalhas.com.br\/arquivos\/2026\/2\/5F9F6EFAAB91CE_votomoraes.pdf\" target=\"_blank\" rel=\"noopener\">voto<\/a><\/b>.<\/p>\n<p>Fonte: <b><a href=\"\" target=\"_blank\" rel=\"noopener\"><\/a><\/b><\/p>\n<\/div>\n<p><script async src=\"\/\/www.instagram.com\/embed.js\"><\/script><\/p>\n","protected":false},"excerpt":{"rendered":"<p>Via @portalmigalhas |\u00a0Ministro Alexandre de Moraes votou por afastar a aplica\u00e7\u00e3o do limite legal previsto<\/p>\n","protected":false},"author":1,"featured_media":3705,"comment_status":"open","ping_status":"open","sticky":false,"template":"","format":"standard","meta":{"footnotes":""},"categories":[315],"tags":[3302,470,361,349,472,1890,395],"yoast_head":"<!-- This site is optimized with the Yoast SEO plugin v20.1 - https:\/\/yoast.com\/wordpress\/plugins\/seo\/ -->\n<title>Moraes vota contra aplica\u00e7\u00e3o de teto de R$ 500 a anuidades da OAB - UP Consultas<\/title>\n<meta name=\"robots\" content=\"index, follow, max-snippet:-1, max-image-preview:large, max-video-preview:-1\" \/>\n<link rel=\"canonical\" href=\"https:\/\/upconsultas.com.br\/blog\/moraes-vota-contra-aplicacao-de-teto-de-r-500-a-anuidades-da-oab\/\" \/>\n<meta property=\"og:locale\" content=\"pt_BR\" \/>\n<meta property=\"og:type\" content=\"article\" \/>\n<meta property=\"og:title\" content=\"Moraes vota contra aplica\u00e7\u00e3o de teto de R$ 500 a anuidades da OAB - UP Consultas\" \/>\n<meta property=\"og:description\" content=\"Via @portalmigalhas |\u00a0Ministro Alexandre de Moraes votou por afastar a aplica\u00e7\u00e3o do limite legal previsto\" \/>\n<meta property=\"og:url\" content=\"https:\/\/upconsultas.com.br\/blog\/moraes-vota-contra-aplicacao-de-teto-de-r-500-a-anuidades-da-oab\/\" \/>\n<meta property=\"og:site_name\" content=\"UP Consultas\" \/>\n<meta property=\"article:published_time\" content=\"2026-02-09T22:23:05+00:00\" \/>\n<meta property=\"og:image\" content=\"https:\/\/blogger.googleusercontent.com\/img\/b\/R29vZ2xl\/AVvXsEgPyjBRcSZEsvMM4qOAGqPxO6_ro8H-FrqXR2M0ZJLvp71uaXQQEFosf1JVyb8d8gfgRuLzyR1cAChb7zV6sJtKJLkGjmdHauZBY96uxxjffQ78jjRmMCE5JvbuXOgHzzMEjqcUzlZGj0YgL9rCbVAqI2SANVy4Y5mZyybnv7hF4wJwmPuuQu7zCGVbQ04\/s16000-rw\/stf-moraes-vota-aplicacao-teto-r-500-anuidades-oab-.webp\" \/>\n<meta name=\"author\" content=\"UP Consultas Brasil\" \/>\n<meta name=\"twitter:card\" content=\"summary_large_image\" \/>\n<meta name=\"twitter:label1\" content=\"Escrito por\" \/>\n\t<meta name=\"twitter:data1\" content=\"UP Consultas Brasil\" \/>\n\t<meta name=\"twitter:label2\" content=\"Est. tempo de leitura\" \/>\n\t<meta name=\"twitter:data2\" content=\"4 minutos\" \/>\n<script type=\"application\/ld+json\" class=\"yoast-schema-graph\">{\"@context\":\"https:\/\/schema.org\",\"@graph\":[{\"@type\":\"Article\",\"@id\":\"https:\/\/upconsultas.com.br\/blog\/moraes-vota-contra-aplicacao-de-teto-de-r-500-a-anuidades-da-oab\/#article\",\"isPartOf\":{\"@id\":\"https:\/\/upconsultas.com.br\/blog\/moraes-vota-contra-aplicacao-de-teto-de-r-500-a-anuidades-da-oab\/\"},\"author\":{\"name\":\"UP Consultas Brasil\",\"@id\":\"https:\/\/upconsultas.com.br\/blog\/#\/schema\/person\/7989e66c6d2f68e50be6c07a2d492e52\"},\"headline\":\"Moraes vota contra aplica\u00e7\u00e3o de teto de R$ 500 a anuidades da OAB\",\"datePublished\":\"2026-02-09T22:23:05+00:00\",\"dateModified\":\"2026-02-09T22:23:05+00:00\",\"mainEntityOfPage\":{\"@id\":\"https:\/\/upconsultas.com.br\/blog\/moraes-vota-contra-aplicacao-de-teto-de-r-500-a-anuidades-da-oab\/\"},\"wordCount\":751,\"commentCount\":0,\"publisher\":{\"@id\":\"https:\/\/upconsultas.com.br\/blog\/#organization\"},\"keywords\":[\"anuidades\",\"aplica\u00e7\u00e3o\",\"contra\",\"Moraes\",\"OAB\",\"teto\",\"vota\"],\"articleSection\":[\"Advocacia\"],\"inLanguage\":\"pt-BR\",\"potentialAction\":[{\"@type\":\"CommentAction\",\"name\":\"Comment\",\"target\":[\"https:\/\/upconsultas.com.br\/blog\/moraes-vota-contra-aplicacao-de-teto-de-r-500-a-anuidades-da-oab\/#respond\"]}]},{\"@type\":\"WebPage\",\"@id\":\"https:\/\/upconsultas.com.br\/blog\/moraes-vota-contra-aplicacao-de-teto-de-r-500-a-anuidades-da-oab\/\",\"url\":\"https:\/\/upconsultas.com.br\/blog\/moraes-vota-contra-aplicacao-de-teto-de-r-500-a-anuidades-da-oab\/\",\"name\":\"Moraes vota contra aplica\u00e7\u00e3o de teto de R$ 500 a anuidades da OAB - UP Consultas\",\"isPartOf\":{\"@id\":\"https:\/\/upconsultas.com.br\/blog\/#website\"},\"datePublished\":\"2026-02-09T22:23:05+00:00\",\"dateModified\":\"2026-02-09T22:23:05+00:00\",\"breadcrumb\":{\"@id\":\"https:\/\/upconsultas.com.br\/blog\/moraes-vota-contra-aplicacao-de-teto-de-r-500-a-anuidades-da-oab\/#breadcrumb\"},\"inLanguage\":\"pt-BR\",\"potentialAction\":[{\"@type\":\"ReadAction\",\"target\":[\"https:\/\/upconsultas.com.br\/blog\/moraes-vota-contra-aplicacao-de-teto-de-r-500-a-anuidades-da-oab\/\"]}]},{\"@type\":\"BreadcrumbList\",\"@id\":\"https:\/\/upconsultas.com.br\/blog\/moraes-vota-contra-aplicacao-de-teto-de-r-500-a-anuidades-da-oab\/#breadcrumb\",\"itemListElement\":[{\"@type\":\"ListItem\",\"position\":1,\"name\":\"In\u00edcio\",\"item\":\"https:\/\/upconsultas.com.br\/blog\/\"},{\"@type\":\"ListItem\",\"position\":2,\"name\":\"Moraes vota contra aplica\u00e7\u00e3o de teto de R$ 500 a anuidades da OAB\"}]},{\"@type\":\"WebSite\",\"@id\":\"https:\/\/upconsultas.com.br\/blog\/#website\",\"url\":\"https:\/\/upconsultas.com.br\/blog\/\",\"name\":\"UP Consultas\",\"description\":\"Portal de consultas, CPF, CNPJ e Veiculos\",\"publisher\":{\"@id\":\"https:\/\/upconsultas.com.br\/blog\/#organization\"},\"potentialAction\":[{\"@type\":\"SearchAction\",\"target\":{\"@type\":\"EntryPoint\",\"urlTemplate\":\"https:\/\/upconsultas.com.br\/blog\/?s={search_term_string}\"},\"query-input\":\"required name=search_term_string\"}],\"inLanguage\":\"pt-BR\"},{\"@type\":\"Organization\",\"@id\":\"https:\/\/upconsultas.com.br\/blog\/#organization\",\"name\":\"UP Consultas\",\"url\":\"https:\/\/upconsultas.com.br\/blog\/\",\"logo\":{\"@type\":\"ImageObject\",\"inLanguage\":\"pt-BR\",\"@id\":\"https:\/\/upconsultas.com.br\/blog\/#\/schema\/logo\/image\/\",\"url\":\"https:\/\/upconsultas.com.br\/blog\/wp-content\/uploads\/2024\/09\/cropped-Azul_v3.png\",\"contentUrl\":\"https:\/\/upconsultas.com.br\/blog\/wp-content\/uploads\/2024\/09\/cropped-Azul_v3.png\",\"width\":350,\"height\":199,\"caption\":\"UP Consultas\"},\"image\":{\"@id\":\"https:\/\/upconsultas.com.br\/blog\/#\/schema\/logo\/image\/\"}},{\"@type\":\"Person\",\"@id\":\"https:\/\/upconsultas.com.br\/blog\/#\/schema\/person\/7989e66c6d2f68e50be6c07a2d492e52\",\"name\":\"UP Consultas Brasil\",\"image\":{\"@type\":\"ImageObject\",\"inLanguage\":\"pt-BR\",\"@id\":\"https:\/\/upconsultas.com.br\/blog\/#\/schema\/person\/image\/\",\"url\":\"https:\/\/secure.gravatar.com\/avatar\/02f760804f39d0748d6cafbf5ca3b6e9?s=96&d=mm&r=g\",\"contentUrl\":\"https:\/\/secure.gravatar.com\/avatar\/02f760804f39d0748d6cafbf5ca3b6e9?s=96&d=mm&r=g\",\"caption\":\"UP Consultas Brasil\"},\"sameAs\":[\"http:\/\/blog.upconsultas.com.br\"],\"url\":\"https:\/\/upconsultas.com.br\/blog\/author\/pachecopauluciofgmail-com\/\"}]}<\/script>\n<!-- \/ Yoast SEO plugin. -->","yoast_head_json":{"title":"Moraes vota contra aplica\u00e7\u00e3o de teto de R$ 500 a anuidades da OAB - UP Consultas","robots":{"index":"index","follow":"follow","max-snippet":"max-snippet:-1","max-image-preview":"max-image-preview:large","max-video-preview":"max-video-preview:-1"},"canonical":"https:\/\/upconsultas.com.br\/blog\/moraes-vota-contra-aplicacao-de-teto-de-r-500-a-anuidades-da-oab\/","og_locale":"pt_BR","og_type":"article","og_title":"Moraes vota contra aplica\u00e7\u00e3o de teto de R$ 500 a anuidades da OAB - UP Consultas","og_description":"Via @portalmigalhas |\u00a0Ministro Alexandre de Moraes votou por afastar a aplica\u00e7\u00e3o do limite legal previsto","og_url":"https:\/\/upconsultas.com.br\/blog\/moraes-vota-contra-aplicacao-de-teto-de-r-500-a-anuidades-da-oab\/","og_site_name":"UP Consultas","article_published_time":"2026-02-09T22:23:05+00:00","og_image":[{"url":"https:\/\/blogger.googleusercontent.com\/img\/b\/R29vZ2xl\/AVvXsEgPyjBRcSZEsvMM4qOAGqPxO6_ro8H-FrqXR2M0ZJLvp71uaXQQEFosf1JVyb8d8gfgRuLzyR1cAChb7zV6sJtKJLkGjmdHauZBY96uxxjffQ78jjRmMCE5JvbuXOgHzzMEjqcUzlZGj0YgL9rCbVAqI2SANVy4Y5mZyybnv7hF4wJwmPuuQu7zCGVbQ04\/s16000-rw\/stf-moraes-vota-aplicacao-teto-r-500-anuidades-oab-.webp"}],"author":"UP Consultas Brasil","twitter_card":"summary_large_image","twitter_misc":{"Escrito por":"UP Consultas Brasil","Est. tempo de leitura":"4 minutos"},"schema":{"@context":"https:\/\/schema.org","@graph":[{"@type":"Article","@id":"https:\/\/upconsultas.com.br\/blog\/moraes-vota-contra-aplicacao-de-teto-de-r-500-a-anuidades-da-oab\/#article","isPartOf":{"@id":"https:\/\/upconsultas.com.br\/blog\/moraes-vota-contra-aplicacao-de-teto-de-r-500-a-anuidades-da-oab\/"},"author":{"name":"UP Consultas Brasil","@id":"https:\/\/upconsultas.com.br\/blog\/#\/schema\/person\/7989e66c6d2f68e50be6c07a2d492e52"},"headline":"Moraes vota contra aplica\u00e7\u00e3o de teto de R$ 500 a anuidades da OAB","datePublished":"2026-02-09T22:23:05+00:00","dateModified":"2026-02-09T22:23:05+00:00","mainEntityOfPage":{"@id":"https:\/\/upconsultas.com.br\/blog\/moraes-vota-contra-aplicacao-de-teto-de-r-500-a-anuidades-da-oab\/"},"wordCount":751,"commentCount":0,"publisher":{"@id":"https:\/\/upconsultas.com.br\/blog\/#organization"},"keywords":["anuidades","aplica\u00e7\u00e3o","contra","Moraes","OAB","teto","vota"],"articleSection":["Advocacia"],"inLanguage":"pt-BR","potentialAction":[{"@type":"CommentAction","name":"Comment","target":["https:\/\/upconsultas.com.br\/blog\/moraes-vota-contra-aplicacao-de-teto-de-r-500-a-anuidades-da-oab\/#respond"]}]},{"@type":"WebPage","@id":"https:\/\/upconsultas.com.br\/blog\/moraes-vota-contra-aplicacao-de-teto-de-r-500-a-anuidades-da-oab\/","url":"https:\/\/upconsultas.com.br\/blog\/moraes-vota-contra-aplicacao-de-teto-de-r-500-a-anuidades-da-oab\/","name":"Moraes vota contra aplica\u00e7\u00e3o de teto de R$ 500 a anuidades da OAB - UP Consultas","isPartOf":{"@id":"https:\/\/upconsultas.com.br\/blog\/#website"},"datePublished":"2026-02-09T22:23:05+00:00","dateModified":"2026-02-09T22:23:05+00:00","breadcrumb":{"@id":"https:\/\/upconsultas.com.br\/blog\/moraes-vota-contra-aplicacao-de-teto-de-r-500-a-anuidades-da-oab\/#breadcrumb"},"inLanguage":"pt-BR","potentialAction":[{"@type":"ReadAction","target":["https:\/\/upconsultas.com.br\/blog\/moraes-vota-contra-aplicacao-de-teto-de-r-500-a-anuidades-da-oab\/"]}]},{"@type":"BreadcrumbList","@id":"https:\/\/upconsultas.com.br\/blog\/moraes-vota-contra-aplicacao-de-teto-de-r-500-a-anuidades-da-oab\/#breadcrumb","itemListElement":[{"@type":"ListItem","position":1,"name":"In\u00edcio","item":"https:\/\/upconsultas.com.br\/blog\/"},{"@type":"ListItem","position":2,"name":"Moraes vota contra aplica\u00e7\u00e3o de teto de R$ 500 a anuidades da OAB"}]},{"@type":"WebSite","@id":"https:\/\/upconsultas.com.br\/blog\/#website","url":"https:\/\/upconsultas.com.br\/blog\/","name":"UP Consultas","description":"Portal de consultas, CPF, CNPJ e Veiculos","publisher":{"@id":"https:\/\/upconsultas.com.br\/blog\/#organization"},"potentialAction":[{"@type":"SearchAction","target":{"@type":"EntryPoint","urlTemplate":"https:\/\/upconsultas.com.br\/blog\/?s={search_term_string}"},"query-input":"required name=search_term_string"}],"inLanguage":"pt-BR"},{"@type":"Organization","@id":"https:\/\/upconsultas.com.br\/blog\/#organization","name":"UP Consultas","url":"https:\/\/upconsultas.com.br\/blog\/","logo":{"@type":"ImageObject","inLanguage":"pt-BR","@id":"https:\/\/upconsultas.com.br\/blog\/#\/schema\/logo\/image\/","url":"https:\/\/upconsultas.com.br\/blog\/wp-content\/uploads\/2024\/09\/cropped-Azul_v3.png","contentUrl":"https:\/\/upconsultas.com.br\/blog\/wp-content\/uploads\/2024\/09\/cropped-Azul_v3.png","width":350,"height":199,"caption":"UP Consultas"},"image":{"@id":"https:\/\/upconsultas.com.br\/blog\/#\/schema\/logo\/image\/"}},{"@type":"Person","@id":"https:\/\/upconsultas.com.br\/blog\/#\/schema\/person\/7989e66c6d2f68e50be6c07a2d492e52","name":"UP Consultas Brasil","image":{"@type":"ImageObject","inLanguage":"pt-BR","@id":"https:\/\/upconsultas.com.br\/blog\/#\/schema\/person\/image\/","url":"https:\/\/secure.gravatar.com\/avatar\/02f760804f39d0748d6cafbf5ca3b6e9?s=96&d=mm&r=g","contentUrl":"https:\/\/secure.gravatar.com\/avatar\/02f760804f39d0748d6cafbf5ca3b6e9?s=96&d=mm&r=g","caption":"UP Consultas Brasil"},"sameAs":["http:\/\/blog.upconsultas.com.br"],"url":"https:\/\/upconsultas.com.br\/blog\/author\/pachecopauluciofgmail-com\/"}]}},"jetpack_sharing_enabled":true,"featured_image_urls":{"full":["https:\/\/upconsultas.com.br\/blog\/wp-content\/uploads\/2026\/02\/stf-moraes-vota-aplicacao-teto-r-500-anuidades-oab-.webp.jpeg",920,518,false],"thumbnail":["https:\/\/upconsultas.com.br\/blog\/wp-content\/uploads\/2026\/02\/stf-moraes-vota-aplicacao-teto-r-500-anuidades-oab-.webp-150x150.jpeg",150,150,true],"medium":["https:\/\/upconsultas.com.br\/blog\/wp-content\/uploads\/2026\/02\/stf-moraes-vota-aplicacao-teto-r-500-anuidades-oab-.webp-300x169.jpeg",300,169,true],"medium_large":["https:\/\/upconsultas.com.br\/blog\/wp-content\/uploads\/2026\/02\/stf-moraes-vota-aplicacao-teto-r-500-anuidades-oab-.webp-768x432.jpeg",640,360,true],"large":["https:\/\/upconsultas.com.br\/blog\/wp-content\/uploads\/2026\/02\/stf-moraes-vota-aplicacao-teto-r-500-anuidades-oab-.webp.jpeg",640,360,false],"1536x1536":["https:\/\/upconsultas.com.br\/blog\/wp-content\/uploads\/2026\/02\/stf-moraes-vota-aplicacao-teto-r-500-anuidades-oab-.webp.jpeg",920,518,false],"2048x2048":["https:\/\/upconsultas.com.br\/blog\/wp-content\/uploads\/2026\/02\/stf-moraes-vota-aplicacao-teto-r-500-anuidades-oab-.webp.jpeg",920,518,false],"chromenews-featured":["https:\/\/upconsultas.com.br\/blog\/wp-content\/uploads\/2026\/02\/stf-moraes-vota-aplicacao-teto-r-500-anuidades-oab-.webp.jpeg",920,518,false],"chromenews-large":["https:\/\/upconsultas.com.br\/blog\/wp-content\/uploads\/2026\/02\/stf-moraes-vota-aplicacao-teto-r-500-anuidades-oab-.webp-825x518.jpeg",825,518,true],"chromenews-medium":["https:\/\/upconsultas.com.br\/blog\/wp-content\/uploads\/2026\/02\/stf-moraes-vota-aplicacao-teto-r-500-anuidades-oab-.webp-590x410.jpeg",590,410,true]},"author_info":{"display_name":"UP Consultas Brasil","author_link":"https:\/\/upconsultas.com.br\/blog\/author\/pachecopauluciofgmail-com\/"},"category_info":"<a href=\"https:\/\/upconsultas.com.br\/blog\/categoria\/advocacia\/\" rel=\"category tag\">Advocacia<\/a>","tag_info":"Advocacia","comment_count":"0","jetpack_featured_media_url":"https:\/\/upconsultas.com.br\/blog\/wp-content\/uploads\/2026\/02\/stf-moraes-vota-aplicacao-teto-r-500-anuidades-oab-.webp.jpeg","_links":{"self":[{"href":"https:\/\/upconsultas.com.br\/blog\/wp-json\/wp\/v2\/posts\/3704"}],"collection":[{"href":"https:\/\/upconsultas.com.br\/blog\/wp-json\/wp\/v2\/posts"}],"about":[{"href":"https:\/\/upconsultas.com.br\/blog\/wp-json\/wp\/v2\/types\/post"}],"author":[{"embeddable":true,"href":"https:\/\/upconsultas.com.br\/blog\/wp-json\/wp\/v2\/users\/1"}],"replies":[{"embeddable":true,"href":"https:\/\/upconsultas.com.br\/blog\/wp-json\/wp\/v2\/comments?post=3704"}],"version-history":[{"count":0,"href":"https:\/\/upconsultas.com.br\/blog\/wp-json\/wp\/v2\/posts\/3704\/revisions"}],"wp:featuredmedia":[{"embeddable":true,"href":"https:\/\/upconsultas.com.br\/blog\/wp-json\/wp\/v2\/media\/3705"}],"wp:attachment":[{"href":"https:\/\/upconsultas.com.br\/blog\/wp-json\/wp\/v2\/media?parent=3704"}],"wp:term":[{"taxonomy":"category","embeddable":true,"href":"https:\/\/upconsultas.com.br\/blog\/wp-json\/wp\/v2\/categories?post=3704"},{"taxonomy":"post_tag","embeddable":true,"href":"https:\/\/upconsultas.com.br\/blog\/wp-json\/wp\/v2\/tags?post=3704"}],"curies":[{"name":"wp","href":"https:\/\/api.w.org\/{rel}","templated":true}]}}