{"id":3718,"date":"2026-02-10T10:38:04","date_gmt":"2026-02-10T13:38:04","guid":{"rendered":"https:\/\/upconsultas.com.br\/blog\/o-que-se-sabe-sobre-a-prisao-de-piloto-em-sp-acusado-de-manter-rede-de-abuso-sexual-infantil\/"},"modified":"2026-02-10T10:38:04","modified_gmt":"2026-02-10T13:38:04","slug":"o-que-se-sabe-sobre-a-prisao-de-piloto-em-sp-acusado-de-manter-rede-de-abuso-sexual-infantil","status":"publish","type":"post","link":"https:\/\/upconsultas.com.br\/blog\/o-que-se-sabe-sobre-a-prisao-de-piloto-em-sp-acusado-de-manter-rede-de-abuso-sexual-infantil\/","title":{"rendered":"O que se sabe sobre a pris\u00e3o de piloto em SP acusado de manter rede de abuso sexual infantil"},"content":{"rendered":"<p><\/p>\n<div id=\"conteudo-target\">\n<div class=\"separator\" style=\"clear: both; text-align: center;\"><a href=\"https:\/\/blogger.googleusercontent.com\/img\/b\/R29vZ2xl\/AVvXsEhr2urxXEWsIRmFWZMe2OJTeB1kbJMkehpfbJrUR9t8s0IchAB1UXHUQ5ag0giXpfV7cK00RI9-ZXqRjKmlRVqu1E2JLgo_5l1Pdn8kCi2sGCr0o-YcBg1HBN4fg6i6CM3d0J9RJ8HZZuefFyaitF-1lk43893HzYQWCKM4wsGx0h5K8BJ75a4LNBtJueE\/s920\/sabe-sobre-prisao-piloto-sp-acusado-manter-rede-abuso-sexual-infantil.webp\" imageanchor=\"1\" style=\"margin-left: 1em; margin-right: 1em;\"><\/a><\/div>\n<p>Via <b><a href=\"https:\/\/www.instagram.com\/portalg1\/?hl=pt-br\" target=\"_blank\" rel=\"noopener\">@portalg1<\/a><\/b> |\u00a0Um piloto da companhia a\u00e9rea Latam foi preso na manh\u00e3 desta segunda-feira (9), dentro de um avi\u00e3o no Aeroporto de Congonhas, na Zona Sul de S\u00e3o Paulo, acusado pela Pol\u00edcia Civil de chefiar uma rede de abuso e explora\u00e7\u00e3o sexual infantil que atuava havia pelo menos oito anos.<\/p>\n<p>Segundo as investiga\u00e7\u00f5es, <b>S\u00e9rgio Ant\u00f4nio Lopes<\/b>, de 60 anos, abusava de crian\u00e7as e adolescentes, pagava por fotos das v\u00edtimas e contava com a participa\u00e7\u00e3o de familiares para o aliciamento.<\/p>\n<p>O <b>g1<\/b> reuniu o que se sabe sobre o caso at\u00e9 agora:<\/p>\n<ul style=\"text-align: left;\">\n<li>Por que o piloto foi preso?<\/li>\n<li>Por que a pris\u00e3o foi no aeroporto?<\/li>\n<li>Como aconteceu a pris\u00e3o?<\/li>\n<li>Quem \u00e9 o piloto?<\/li>\n<li>Quais s\u00e3o as acusa\u00e7\u00f5es da pol\u00edcia?<\/li>\n<li>Como o piloto agia, segundo as acusa\u00e7\u00f5es?<\/li>\n<li>Quem mais est\u00e1 sendo investigado?<\/li>\n<li>O que diz a defesa dos envolvidos?<\/li>\n<\/ul>\n<h2 style=\"text-align: left;\">Por que o piloto foi preso?<\/h2>\n<p>O piloto foi preso por suspeita de chefiar uma rede estruturada de explora\u00e7\u00e3o sexual infantil. Segundo a Pol\u00edcia Civil, as provas reunidas indicam a pr\u00e1tica reiterada de crimes como estupro de vulner\u00e1vel, favorecimento da prostitui\u00e7\u00e3o e explora\u00e7\u00e3o sexual de crian\u00e7as e adolescentes, com atua\u00e7\u00e3o organizada e divis\u00e3o de fun\u00e7\u00f5es entre os envolvidos.<\/p>\n<p>A investiga\u00e7\u00e3o teve in\u00edcio em outubro e revelou que o esquema funcionava havia v\u00e1rios anos.<\/p>\n<h2 style=\"text-align: left;\">Por que a pris\u00e3o foi no aeroporto?<\/h2>\n<p>A pris\u00e3o ocorreu dentro de um avi\u00e3o no Aeroporto de Congonhas, momentos antes da decolagem com destino ao Rio de Janeiro. De acordo com a pol\u00edcia, havia dificuldade para localizar o suspeito em casa, j\u00e1 que ele viajava com frequ\u00eancia. Por isso, os investigadores solicitaram a escala de voo \u00e0 companhia a\u00e9rea e planejaram a abordagem no aeroporto. O piloto j\u00e1 estava na cabine quando foi preso pelos agentes.<\/p>\n<h2 style=\"text-align: left;\">Quem \u00e9 o piloto?<\/h2>\n<p>O preso \u00e9 S\u00e9rgio Ant\u00f4nio Lopes, de 60 anos, piloto da Latam. Ele \u00e9 casado, tem filhos e mora em Guararema, na regi\u00e3o metropolitana de S\u00e3o Paulo. Segundo a pol\u00edcia, a rotina de viagens frequentes dificultou a localiza\u00e7\u00e3o do suspeito durante a investiga\u00e7\u00e3o, o que levou \u00e0 decis\u00e3o de prend\u00ea-lo no aeroporto.<\/p>\n<h2 style=\"text-align: left;\">Quais s\u00e3o as acusa\u00e7\u00f5es da pol\u00edcia?<\/h2>\n<p>Segundo a Pol\u00edcia Civil, o piloto \u00e9 acusado de estupro de vulner\u00e1vel, explora\u00e7\u00e3o sexual infantil, favorecimento da prostitui\u00e7\u00e3o e envolvimento na produ\u00e7\u00e3o, no armazenamento e na poss\u00edvel distribui\u00e7\u00e3o de material de abuso sexual infantil.<\/p>\n<p>Os investigadores afirmam que ele pagava entre R$ 30 e R$ 100 por imagens das v\u00edtimas, enviadas principalmente por meio de aplicativos de mensagens, com transfer\u00eancias feitas via Pix.<\/p>\n<h2 style=\"text-align: left;\">Como o piloto agia, segundo as acusa\u00e7\u00f5es?<\/h2>\n<p>De acordo com a investiga\u00e7\u00e3o, o piloto se aproximava inicialmente de m\u00e3es, av\u00f3s ou respons\u00e1veis legais de crian\u00e7as e adolescentes, fingindo interesse em um relacionamento afetivo. Em seguida, deixava claro que o interesse era nas v\u00edtimas e fazia propostas financeiras.<\/p>\n<p>Al\u00e9m do pagamento em dinheiro, ele oferecia ajuda com despesas, comprava alimentos, medicamentos, eletrodom\u00e9sticos e chegou a pagar aluguel para algumas fam\u00edlias.<\/p>\n<p>Quando tinha contato presencial com as v\u00edtimas, segundo a pol\u00edcia, ele as levava a mot\u00e9is utilizando documentos de identidade falsos de adultos. A delegada respons\u00e1vel pelo caso afirmou que, sempre que havia contato f\u00edsico, os abusos se consumavam.<\/p>\n<h2 style=\"text-align: left;\">Quem mais est\u00e1 sendo investigado?<\/h2>\n<p>Al\u00e9m do piloto, outras pessoas s\u00e3o investigadas por participa\u00e7\u00e3o no esquema. A av\u00f3 de tr\u00eas v\u00edtimas foi presa temporariamente, suspeita de aliciar as pr\u00f3prias netas. J\u00e1 a m\u00e3e de outra crian\u00e7a foi detida em flagrante por armazenamento e compartilhamento de material de explora\u00e7\u00e3o sexual infantil.<\/p>\n<p>A Pol\u00edcia Civil identificou at\u00e9 o momento dez v\u00edtimas no estado de S\u00e3o Paulo, mas n\u00e3o descarta que o n\u00famero seja maior, inclusive com v\u00edtimas em outros estados.<\/p>\n<h2 style=\"text-align: left;\">O que diz a defesa?<\/h2>\n<p>At\u00e9 a \u00faltima atualiza\u00e7\u00e3o, a defesa do piloto e dos demais investigados n\u00e3o havia sido localizada para comentar as acusa\u00e7\u00f5es.<\/p>\n<p>Em nota, a Latam informou que abriu uma apura\u00e7\u00e3o interna, afirmou repudiar qualquer a\u00e7\u00e3o criminosa e disse que est\u00e1 \u00e0 disposi\u00e7\u00e3o das autoridades para colaborar com as investiga\u00e7\u00f5es.<\/p>\n<p>A companhia tamb\u00e9m informou que o voo para o qual o piloto estava escalado operou normalmente, sem impacto nas opera\u00e7\u00f5es do aeroporto.<\/p>\n<p>Fonte:\u00a0<b><a href=\"https:\/\/www.instagram.com\/portalg1\/?hl=pt-br\" target=\"_blank\" rel=\"noopener\">@portalg1<\/a><\/b><\/p>\n<\/div>\n<p><script async src=\"\/\/www.instagram.com\/embed.js\"><\/script><\/p>\n","protected":false},"excerpt":{"rendered":"<p>Via @portalg1 |\u00a0Um piloto da companhia a\u00e9rea Latam foi preso na manh\u00e3 desta segunda-feira (9),<\/p>\n","protected":false},"author":1,"featured_media":3719,"comment_status":"open","ping_status":"open","sticky":false,"template":"","format":"standard","meta":{"footnotes":""},"categories":[315],"tags":[2567,748,3286,852,3061,355,1167,2154,1455,828],"yoast_head":"<!-- This site is optimized with the Yoast SEO plugin v20.1 - https:\/\/yoast.com\/wordpress\/plugins\/seo\/ -->\n<title>O que se sabe sobre a pris\u00e3o de piloto em SP acusado de manter rede de abuso sexual infantil - UP Consultas<\/title>\n<meta name=\"robots\" content=\"index, follow, max-snippet:-1, max-image-preview:large, max-video-preview:-1\" \/>\n<link rel=\"canonical\" href=\"https:\/\/upconsultas.com.br\/blog\/o-que-se-sabe-sobre-a-prisao-de-piloto-em-sp-acusado-de-manter-rede-de-abuso-sexual-infantil\/\" \/>\n<meta property=\"og:locale\" content=\"pt_BR\" \/>\n<meta property=\"og:type\" content=\"article\" \/>\n<meta property=\"og:title\" content=\"O que se sabe sobre a pris\u00e3o de piloto em SP acusado de manter rede de abuso sexual infantil - UP Consultas\" \/>\n<meta property=\"og:description\" content=\"Via @portalg1 |\u00a0Um piloto da companhia a\u00e9rea Latam foi preso na manh\u00e3 desta segunda-feira (9),\" \/>\n<meta property=\"og:url\" content=\"https:\/\/upconsultas.com.br\/blog\/o-que-se-sabe-sobre-a-prisao-de-piloto-em-sp-acusado-de-manter-rede-de-abuso-sexual-infantil\/\" \/>\n<meta property=\"og:site_name\" content=\"UP Consultas\" \/>\n<meta property=\"article:published_time\" content=\"2026-02-10T13:38:04+00:00\" \/>\n<meta property=\"og:image\" content=\"https:\/\/blogger.googleusercontent.com\/img\/b\/R29vZ2xl\/AVvXsEhr2urxXEWsIRmFWZMe2OJTeB1kbJMkehpfbJrUR9t8s0IchAB1UXHUQ5ag0giXpfV7cK00RI9-ZXqRjKmlRVqu1E2JLgo_5l1Pdn8kCi2sGCr0o-YcBg1HBN4fg6i6CM3d0J9RJ8HZZuefFyaitF-1lk43893HzYQWCKM4wsGx0h5K8BJ75a4LNBtJueE\/s16000-rw\/sabe-sobre-prisao-piloto-sp-acusado-manter-rede-abuso-sexual-infantil.webp\" \/>\n<meta name=\"author\" content=\"UP Consultas Brasil\" \/>\n<meta name=\"twitter:card\" content=\"summary_large_image\" \/>\n<meta name=\"twitter:label1\" content=\"Escrito por\" \/>\n\t<meta name=\"twitter:data1\" content=\"UP Consultas Brasil\" \/>\n\t<meta name=\"twitter:label2\" content=\"Est. tempo de leitura\" \/>\n\t<meta name=\"twitter:data2\" content=\"4 minutos\" \/>\n<script type=\"application\/ld+json\" class=\"yoast-schema-graph\">{\"@context\":\"https:\/\/schema.org\",\"@graph\":[{\"@type\":\"Article\",\"@id\":\"https:\/\/upconsultas.com.br\/blog\/o-que-se-sabe-sobre-a-prisao-de-piloto-em-sp-acusado-de-manter-rede-de-abuso-sexual-infantil\/#article\",\"isPartOf\":{\"@id\":\"https:\/\/upconsultas.com.br\/blog\/o-que-se-sabe-sobre-a-prisao-de-piloto-em-sp-acusado-de-manter-rede-de-abuso-sexual-infantil\/\"},\"author\":{\"name\":\"UP Consultas Brasil\",\"@id\":\"https:\/\/upconsultas.com.br\/blog\/#\/schema\/person\/7989e66c6d2f68e50be6c07a2d492e52\"},\"headline\":\"O que se sabe sobre a pris\u00e3o de piloto em SP acusado de manter rede de abuso sexual infantil\",\"datePublished\":\"2026-02-10T13:38:04+00:00\",\"dateModified\":\"2026-02-10T13:38:04+00:00\",\"mainEntityOfPage\":{\"@id\":\"https:\/\/upconsultas.com.br\/blog\/o-que-se-sabe-sobre-a-prisao-de-piloto-em-sp-acusado-de-manter-rede-de-abuso-sexual-infantil\/\"},\"wordCount\":776,\"commentCount\":0,\"publisher\":{\"@id\":\"https:\/\/upconsultas.com.br\/blog\/#organization\"},\"keywords\":[\"abuso\",\"acusado\",\"infantil\",\"manter\",\"Piloto\",\"pris\u00e3o\",\"rede\",\"sabe\",\"sexual\",\"sobre\"],\"articleSection\":[\"Advocacia\"],\"inLanguage\":\"pt-BR\",\"potentialAction\":[{\"@type\":\"CommentAction\",\"name\":\"Comment\",\"target\":[\"https:\/\/upconsultas.com.br\/blog\/o-que-se-sabe-sobre-a-prisao-de-piloto-em-sp-acusado-de-manter-rede-de-abuso-sexual-infantil\/#respond\"]}]},{\"@type\":\"WebPage\",\"@id\":\"https:\/\/upconsultas.com.br\/blog\/o-que-se-sabe-sobre-a-prisao-de-piloto-em-sp-acusado-de-manter-rede-de-abuso-sexual-infantil\/\",\"url\":\"https:\/\/upconsultas.com.br\/blog\/o-que-se-sabe-sobre-a-prisao-de-piloto-em-sp-acusado-de-manter-rede-de-abuso-sexual-infantil\/\",\"name\":\"O que se sabe sobre a pris\u00e3o de piloto em SP acusado de manter rede de abuso sexual infantil - UP Consultas\",\"isPartOf\":{\"@id\":\"https:\/\/upconsultas.com.br\/blog\/#website\"},\"datePublished\":\"2026-02-10T13:38:04+00:00\",\"dateModified\":\"2026-02-10T13:38:04+00:00\",\"breadcrumb\":{\"@id\":\"https:\/\/upconsultas.com.br\/blog\/o-que-se-sabe-sobre-a-prisao-de-piloto-em-sp-acusado-de-manter-rede-de-abuso-sexual-infantil\/#breadcrumb\"},\"inLanguage\":\"pt-BR\",\"potentialAction\":[{\"@type\":\"ReadAction\",\"target\":[\"https:\/\/upconsultas.com.br\/blog\/o-que-se-sabe-sobre-a-prisao-de-piloto-em-sp-acusado-de-manter-rede-de-abuso-sexual-infantil\/\"]}]},{\"@type\":\"BreadcrumbList\",\"@id\":\"https:\/\/upconsultas.com.br\/blog\/o-que-se-sabe-sobre-a-prisao-de-piloto-em-sp-acusado-de-manter-rede-de-abuso-sexual-infantil\/#breadcrumb\",\"itemListElement\":[{\"@type\":\"ListItem\",\"position\":1,\"name\":\"In\u00edcio\",\"item\":\"https:\/\/upconsultas.com.br\/blog\/\"},{\"@type\":\"ListItem\",\"position\":2,\"name\":\"O que se sabe sobre a pris\u00e3o de piloto em SP acusado de manter rede de abuso sexual infantil\"}]},{\"@type\":\"WebSite\",\"@id\":\"https:\/\/upconsultas.com.br\/blog\/#website\",\"url\":\"https:\/\/upconsultas.com.br\/blog\/\",\"name\":\"UP Consultas\",\"description\":\"Portal de consultas, CPF, CNPJ e Veiculos\",\"publisher\":{\"@id\":\"https:\/\/upconsultas.com.br\/blog\/#organization\"},\"potentialAction\":[{\"@type\":\"SearchAction\",\"target\":{\"@type\":\"EntryPoint\",\"urlTemplate\":\"https:\/\/upconsultas.com.br\/blog\/?s={search_term_string}\"},\"query-input\":\"required name=search_term_string\"}],\"inLanguage\":\"pt-BR\"},{\"@type\":\"Organization\",\"@id\":\"https:\/\/upconsultas.com.br\/blog\/#organization\",\"name\":\"UP Consultas\",\"url\":\"https:\/\/upconsultas.com.br\/blog\/\",\"logo\":{\"@type\":\"ImageObject\",\"inLanguage\":\"pt-BR\",\"@id\":\"https:\/\/upconsultas.com.br\/blog\/#\/schema\/logo\/image\/\",\"url\":\"https:\/\/upconsultas.com.br\/blog\/wp-content\/uploads\/2024\/09\/cropped-Azul_v3.png\",\"contentUrl\":\"https:\/\/upconsultas.com.br\/blog\/wp-content\/uploads\/2024\/09\/cropped-Azul_v3.png\",\"width\":350,\"height\":199,\"caption\":\"UP Consultas\"},\"image\":{\"@id\":\"https:\/\/upconsultas.com.br\/blog\/#\/schema\/logo\/image\/\"}},{\"@type\":\"Person\",\"@id\":\"https:\/\/upconsultas.com.br\/blog\/#\/schema\/person\/7989e66c6d2f68e50be6c07a2d492e52\",\"name\":\"UP Consultas Brasil\",\"image\":{\"@type\":\"ImageObject\",\"inLanguage\":\"pt-BR\",\"@id\":\"https:\/\/upconsultas.com.br\/blog\/#\/schema\/person\/image\/\",\"url\":\"https:\/\/secure.gravatar.com\/avatar\/02f760804f39d0748d6cafbf5ca3b6e9?s=96&d=mm&r=g\",\"contentUrl\":\"https:\/\/secure.gravatar.com\/avatar\/02f760804f39d0748d6cafbf5ca3b6e9?s=96&d=mm&r=g\",\"caption\":\"UP Consultas Brasil\"},\"sameAs\":[\"http:\/\/blog.upconsultas.com.br\"],\"url\":\"https:\/\/upconsultas.com.br\/blog\/author\/pachecopauluciofgmail-com\/\"}]}<\/script>\n<!-- \/ Yoast SEO plugin. -->","yoast_head_json":{"title":"O que se sabe sobre a pris\u00e3o de piloto em SP acusado de manter rede de abuso sexual infantil - UP Consultas","robots":{"index":"index","follow":"follow","max-snippet":"max-snippet:-1","max-image-preview":"max-image-preview:large","max-video-preview":"max-video-preview:-1"},"canonical":"https:\/\/upconsultas.com.br\/blog\/o-que-se-sabe-sobre-a-prisao-de-piloto-em-sp-acusado-de-manter-rede-de-abuso-sexual-infantil\/","og_locale":"pt_BR","og_type":"article","og_title":"O que se sabe sobre a pris\u00e3o de piloto em SP acusado de manter rede de abuso sexual infantil - UP Consultas","og_description":"Via @portalg1 |\u00a0Um piloto da companhia a\u00e9rea Latam foi preso na manh\u00e3 desta segunda-feira (9),","og_url":"https:\/\/upconsultas.com.br\/blog\/o-que-se-sabe-sobre-a-prisao-de-piloto-em-sp-acusado-de-manter-rede-de-abuso-sexual-infantil\/","og_site_name":"UP Consultas","article_published_time":"2026-02-10T13:38:04+00:00","og_image":[{"url":"https:\/\/blogger.googleusercontent.com\/img\/b\/R29vZ2xl\/AVvXsEhr2urxXEWsIRmFWZMe2OJTeB1kbJMkehpfbJrUR9t8s0IchAB1UXHUQ5ag0giXpfV7cK00RI9-ZXqRjKmlRVqu1E2JLgo_5l1Pdn8kCi2sGCr0o-YcBg1HBN4fg6i6CM3d0J9RJ8HZZuefFyaitF-1lk43893HzYQWCKM4wsGx0h5K8BJ75a4LNBtJueE\/s16000-rw\/sabe-sobre-prisao-piloto-sp-acusado-manter-rede-abuso-sexual-infantil.webp"}],"author":"UP Consultas Brasil","twitter_card":"summary_large_image","twitter_misc":{"Escrito por":"UP Consultas Brasil","Est. tempo de leitura":"4 minutos"},"schema":{"@context":"https:\/\/schema.org","@graph":[{"@type":"Article","@id":"https:\/\/upconsultas.com.br\/blog\/o-que-se-sabe-sobre-a-prisao-de-piloto-em-sp-acusado-de-manter-rede-de-abuso-sexual-infantil\/#article","isPartOf":{"@id":"https:\/\/upconsultas.com.br\/blog\/o-que-se-sabe-sobre-a-prisao-de-piloto-em-sp-acusado-de-manter-rede-de-abuso-sexual-infantil\/"},"author":{"name":"UP Consultas Brasil","@id":"https:\/\/upconsultas.com.br\/blog\/#\/schema\/person\/7989e66c6d2f68e50be6c07a2d492e52"},"headline":"O que se sabe sobre a pris\u00e3o de piloto em SP acusado de manter rede de abuso sexual infantil","datePublished":"2026-02-10T13:38:04+00:00","dateModified":"2026-02-10T13:38:04+00:00","mainEntityOfPage":{"@id":"https:\/\/upconsultas.com.br\/blog\/o-que-se-sabe-sobre-a-prisao-de-piloto-em-sp-acusado-de-manter-rede-de-abuso-sexual-infantil\/"},"wordCount":776,"commentCount":0,"publisher":{"@id":"https:\/\/upconsultas.com.br\/blog\/#organization"},"keywords":["abuso","acusado","infantil","manter","Piloto","pris\u00e3o","rede","sabe","sexual","sobre"],"articleSection":["Advocacia"],"inLanguage":"pt-BR","potentialAction":[{"@type":"CommentAction","name":"Comment","target":["https:\/\/upconsultas.com.br\/blog\/o-que-se-sabe-sobre-a-prisao-de-piloto-em-sp-acusado-de-manter-rede-de-abuso-sexual-infantil\/#respond"]}]},{"@type":"WebPage","@id":"https:\/\/upconsultas.com.br\/blog\/o-que-se-sabe-sobre-a-prisao-de-piloto-em-sp-acusado-de-manter-rede-de-abuso-sexual-infantil\/","url":"https:\/\/upconsultas.com.br\/blog\/o-que-se-sabe-sobre-a-prisao-de-piloto-em-sp-acusado-de-manter-rede-de-abuso-sexual-infantil\/","name":"O que se sabe sobre a pris\u00e3o de piloto em SP acusado de manter rede de abuso sexual infantil - UP Consultas","isPartOf":{"@id":"https:\/\/upconsultas.com.br\/blog\/#website"},"datePublished":"2026-02-10T13:38:04+00:00","dateModified":"2026-02-10T13:38:04+00:00","breadcrumb":{"@id":"https:\/\/upconsultas.com.br\/blog\/o-que-se-sabe-sobre-a-prisao-de-piloto-em-sp-acusado-de-manter-rede-de-abuso-sexual-infantil\/#breadcrumb"},"inLanguage":"pt-BR","potentialAction":[{"@type":"ReadAction","target":["https:\/\/upconsultas.com.br\/blog\/o-que-se-sabe-sobre-a-prisao-de-piloto-em-sp-acusado-de-manter-rede-de-abuso-sexual-infantil\/"]}]},{"@type":"BreadcrumbList","@id":"https:\/\/upconsultas.com.br\/blog\/o-que-se-sabe-sobre-a-prisao-de-piloto-em-sp-acusado-de-manter-rede-de-abuso-sexual-infantil\/#breadcrumb","itemListElement":[{"@type":"ListItem","position":1,"name":"In\u00edcio","item":"https:\/\/upconsultas.com.br\/blog\/"},{"@type":"ListItem","position":2,"name":"O que se sabe sobre a pris\u00e3o de piloto em SP acusado de manter rede de abuso sexual infantil"}]},{"@type":"WebSite","@id":"https:\/\/upconsultas.com.br\/blog\/#website","url":"https:\/\/upconsultas.com.br\/blog\/","name":"UP Consultas","description":"Portal de consultas, CPF, CNPJ e Veiculos","publisher":{"@id":"https:\/\/upconsultas.com.br\/blog\/#organization"},"potentialAction":[{"@type":"SearchAction","target":{"@type":"EntryPoint","urlTemplate":"https:\/\/upconsultas.com.br\/blog\/?s={search_term_string}"},"query-input":"required name=search_term_string"}],"inLanguage":"pt-BR"},{"@type":"Organization","@id":"https:\/\/upconsultas.com.br\/blog\/#organization","name":"UP Consultas","url":"https:\/\/upconsultas.com.br\/blog\/","logo":{"@type":"ImageObject","inLanguage":"pt-BR","@id":"https:\/\/upconsultas.com.br\/blog\/#\/schema\/logo\/image\/","url":"https:\/\/upconsultas.com.br\/blog\/wp-content\/uploads\/2024\/09\/cropped-Azul_v3.png","contentUrl":"https:\/\/upconsultas.com.br\/blog\/wp-content\/uploads\/2024\/09\/cropped-Azul_v3.png","width":350,"height":199,"caption":"UP Consultas"},"image":{"@id":"https:\/\/upconsultas.com.br\/blog\/#\/schema\/logo\/image\/"}},{"@type":"Person","@id":"https:\/\/upconsultas.com.br\/blog\/#\/schema\/person\/7989e66c6d2f68e50be6c07a2d492e52","name":"UP Consultas Brasil","image":{"@type":"ImageObject","inLanguage":"pt-BR","@id":"https:\/\/upconsultas.com.br\/blog\/#\/schema\/person\/image\/","url":"https:\/\/secure.gravatar.com\/avatar\/02f760804f39d0748d6cafbf5ca3b6e9?s=96&d=mm&r=g","contentUrl":"https:\/\/secure.gravatar.com\/avatar\/02f760804f39d0748d6cafbf5ca3b6e9?s=96&d=mm&r=g","caption":"UP Consultas Brasil"},"sameAs":["http:\/\/blog.upconsultas.com.br"],"url":"https:\/\/upconsultas.com.br\/blog\/author\/pachecopauluciofgmail-com\/"}]}},"jetpack_sharing_enabled":true,"featured_image_urls":{"full":["https:\/\/upconsultas.com.br\/blog\/wp-content\/uploads\/2026\/02\/sabe-sobre-prisao-piloto-sp-acusado-manter-rede-abuso-sexual-infantil.webp.jpeg",920,518,false],"thumbnail":["https:\/\/upconsultas.com.br\/blog\/wp-content\/uploads\/2026\/02\/sabe-sobre-prisao-piloto-sp-acusado-manter-rede-abuso-sexual-infantil.webp-150x150.jpeg",150,150,true],"medium":["https:\/\/upconsultas.com.br\/blog\/wp-content\/uploads\/2026\/02\/sabe-sobre-prisao-piloto-sp-acusado-manter-rede-abuso-sexual-infantil.webp-300x169.jpeg",300,169,true],"medium_large":["https:\/\/upconsultas.com.br\/blog\/wp-content\/uploads\/2026\/02\/sabe-sobre-prisao-piloto-sp-acusado-manter-rede-abuso-sexual-infantil.webp-768x432.jpeg",640,360,true],"large":["https:\/\/upconsultas.com.br\/blog\/wp-content\/uploads\/2026\/02\/sabe-sobre-prisao-piloto-sp-acusado-manter-rede-abuso-sexual-infantil.webp.jpeg",640,360,false],"1536x1536":["https:\/\/upconsultas.com.br\/blog\/wp-content\/uploads\/2026\/02\/sabe-sobre-prisao-piloto-sp-acusado-manter-rede-abuso-sexual-infantil.webp.jpeg",920,518,false],"2048x2048":["https:\/\/upconsultas.com.br\/blog\/wp-content\/uploads\/2026\/02\/sabe-sobre-prisao-piloto-sp-acusado-manter-rede-abuso-sexual-infantil.webp.jpeg",920,518,false],"chromenews-featured":["https:\/\/upconsultas.com.br\/blog\/wp-content\/uploads\/2026\/02\/sabe-sobre-prisao-piloto-sp-acusado-manter-rede-abuso-sexual-infantil.webp.jpeg",920,518,false],"chromenews-large":["https:\/\/upconsultas.com.br\/blog\/wp-content\/uploads\/2026\/02\/sabe-sobre-prisao-piloto-sp-acusado-manter-rede-abuso-sexual-infantil.webp-825x518.jpeg",825,518,true],"chromenews-medium":["https:\/\/upconsultas.com.br\/blog\/wp-content\/uploads\/2026\/02\/sabe-sobre-prisao-piloto-sp-acusado-manter-rede-abuso-sexual-infantil.webp-590x410.jpeg",590,410,true]},"author_info":{"display_name":"UP Consultas Brasil","author_link":"https:\/\/upconsultas.com.br\/blog\/author\/pachecopauluciofgmail-com\/"},"category_info":"<a href=\"https:\/\/upconsultas.com.br\/blog\/categoria\/advocacia\/\" rel=\"category tag\">Advocacia<\/a>","tag_info":"Advocacia","comment_count":"0","jetpack_featured_media_url":"https:\/\/upconsultas.com.br\/blog\/wp-content\/uploads\/2026\/02\/sabe-sobre-prisao-piloto-sp-acusado-manter-rede-abuso-sexual-infantil.webp.jpeg","_links":{"self":[{"href":"https:\/\/upconsultas.com.br\/blog\/wp-json\/wp\/v2\/posts\/3718"}],"collection":[{"href":"https:\/\/upconsultas.com.br\/blog\/wp-json\/wp\/v2\/posts"}],"about":[{"href":"https:\/\/upconsultas.com.br\/blog\/wp-json\/wp\/v2\/types\/post"}],"author":[{"embeddable":true,"href":"https:\/\/upconsultas.com.br\/blog\/wp-json\/wp\/v2\/users\/1"}],"replies":[{"embeddable":true,"href":"https:\/\/upconsultas.com.br\/blog\/wp-json\/wp\/v2\/comments?post=3718"}],"version-history":[{"count":0,"href":"https:\/\/upconsultas.com.br\/blog\/wp-json\/wp\/v2\/posts\/3718\/revisions"}],"wp:featuredmedia":[{"embeddable":true,"href":"https:\/\/upconsultas.com.br\/blog\/wp-json\/wp\/v2\/media\/3719"}],"wp:attachment":[{"href":"https:\/\/upconsultas.com.br\/blog\/wp-json\/wp\/v2\/media?parent=3718"}],"wp:term":[{"taxonomy":"category","embeddable":true,"href":"https:\/\/upconsultas.com.br\/blog\/wp-json\/wp\/v2\/categories?post=3718"},{"taxonomy":"post_tag","embeddable":true,"href":"https:\/\/upconsultas.com.br\/blog\/wp-json\/wp\/v2\/tags?post=3718"}],"curies":[{"name":"wp","href":"https:\/\/api.w.org\/{rel}","templated":true}]}}