{"id":3859,"date":"2026-02-14T10:12:05","date_gmt":"2026-02-14T13:12:05","guid":{"rendered":"https:\/\/upconsultas.com.br\/blog\/novo-relator-do-caso-master-desiste-de-ir-a-congresso-na-espanha-que-tera-advogado-de-vorcaro\/"},"modified":"2026-02-14T10:12:05","modified_gmt":"2026-02-14T13:12:05","slug":"novo-relator-do-caso-master-desiste-de-ir-a-congresso-na-espanha-que-tera-advogado-de-vorcaro","status":"publish","type":"post","link":"https:\/\/upconsultas.com.br\/blog\/novo-relator-do-caso-master-desiste-de-ir-a-congresso-na-espanha-que-tera-advogado-de-vorcaro\/","title":{"rendered":"Novo relator do caso Master desiste de ir a congresso na Espanha que ter\u00e1 advogado de Vorcaro"},"content":{"rendered":"<p><\/p>\n<div id=\"post-body\">\n<div id=\"conteudo-target\">\n<div class=\"separator\" style=\"clear: both; text-align: center;\"><a href=\"https:\/\/blogger.googleusercontent.com\/img\/b\/R29vZ2xl\/AVvXsEjy_k5rNB9a54r4LRL2SJuj2HurLA_Z0FBQKIGPB3K_M9ht6PMi_Ny-LjmMJISAfJ2ppefKpv-ybe_ihR8pTzGfQT1eTcivCRhfununHhbA4YdZ_Jix2aRUq2rqM26-MSBrgV-1e4gs2eHU-_o_By7iAAFlgr-j-hYe5SMR2oA8sbt5e6xm-oM0CiwOh28\/s920\/novo-relator-caso-master-desiste-congresso-espanha-advogado-vorcaro.webp\" style=\"margin-left: 1em; margin-right: 1em;\"><\/a><\/div>\n<p>Via <b><a href=\"https:\/\/www.instagram.com\/jornaloglobo\/\" target=\"_blank\" rel=\"noopener\">@jornaloglobo<\/a><\/b> |\u00a0Apesar de o semin\u00e1rio chancelado pela OAB em Madri ter sido cancelado em meio \u00e0 discuss\u00e3o sobre um c\u00f3digo de conduta ao Judici\u00e1rio, a Espanha vai sediar ainda este m\u00eas outro evento jur\u00eddico com a participa\u00e7\u00e3o de autoridades brasileiras, incluindo ministros do STJ e TST.<\/p>\n<p>Trata-se do II Congresso Ibero-Brasileiro de Governan\u00e7a Global, organizado pelo Instituto Brasileiro de Direito Legislativo (IBDL) \u2014 entidade apoiada por algumas das mais renomadas bancas do pa\u00eds \u2014 em parceria com a Universidade de Salamanca.<\/p>\n<p>Ass\u00edduos nesses eventos, os ministros do STF ficar\u00e3o de fora. N\u00e3o por falta de convite. Inicialmente dois integrantes da Corte estavam entre os palestrantes, mas voltaram atr\u00e1s.<\/p>\n<p>Um dos protagonistas do encontro, <b>Andr\u00e9 Mendon\u00e7a<\/b> comunicou ontem aos organizadores que n\u00e3o vai mais. O aviso foi feito depois que o ministro foi sorteado para assumir a relatoria do caso Master no lugar de Dias Toffoli.<\/p>\n<p>At\u00e9 a redistribui\u00e7\u00e3o do processo, sua presen\u00e7a estava confirmada. Participaria n\u00e3o s\u00f3 da abertura e do encerramento, como tamb\u00e9m de outras tr\u00eas mesas.<\/p>\n<p>Uma delas, por\u00e9m, seria presidida pelo advogado Igor Tamasauskas, s\u00f3cio do Bottini &amp; Tamasauskas Advogados, que vem a ser um dos escrit\u00f3rios que defende Daniel Vorcaro. A banca tamb\u00e9m est\u00e1 entre as que apoiam o o IBDL, respons\u00e1vel pelo evento.<\/p>\n<p>Dias antes, seu colega de Supremo Luiz Fux tamb\u00e9m desistiu e avisou aos organizadores que n\u00e3o iria, ap\u00f3s a coluna questionar o STF. O tribunal disse que n\u00e3o houve pagamento pelas palestras, e as despesas seriam custeadas pela organiza\u00e7\u00e3o do evento ou de forma particular pelos ministros, sem qualquer custo para a Corte.<\/p>\n<p>Na rela\u00e7\u00e3o dos painelistas \u2014 dos que efetivamente comparecer\u00e3o \u2014 est\u00e3o os ministros do STJ Benedito Gon\u00e7alves, Ricardo Villas B\u00f4as Cueva, Afr\u00e2nio Vilela, Joel Ilan Paciornik e Teodoro Silva Santos, o ministro do TST Alexandre Ramos, e os ex-ministros Lu\u00eds Roberto Barroso e Ricardo Lewandowski, na mira do caso Master por causa de um contrato de seu escrit\u00f3rio com o banco.<\/p>\n<p>O ex-chefe da CGU de Jair Bolsonaro Wagner Ros\u00e1rio e a ex-ministra do TSE Maria Claudia Bucchianeri tamb\u00e9m comp\u00f5em a lista de debatedores. O evento ainda re\u00fane ju\u00edzes, desembargadores e alguns dos principais advogados do pa\u00eds.<\/p>\n<p>Procurado, o STJ afirmou que n\u00e3o custeia despesas com passagens a\u00e9reas e di\u00e1rias de viagens que n\u00e3o sejam para representa\u00e7\u00e3o institucional do tribunal, que ter\u00e1 cinco de seus integrantes no congresso.<\/p>\n<p>Al\u00e9m das autoridades brasileiras, h\u00e1 outros 26 palestrantes, de institui\u00e7\u00f5es espanholas, alem\u00e3es e chilenas, entre eles o jurista Christoph M\u00f6llers, considerado um dos maiores constitucionalistas da Alemanha.<\/p>\n<p>O congresso, cuja edi\u00e7\u00e3o inaugural aconteceu em 2024, \u00e9 um evento acad\u00eamico mais enxuto, para cerca de 40 a 50 pessoas, ao contr\u00e1rio, por exemplo, do \u201cGilmarpalooza\u201d, o f\u00f3rum jur\u00eddico de Lisboa que re\u00fane dezenas de autoridades e advogados no exterior.<\/p>\n<p>E com menos confraterniza\u00e7\u00e3o tamb\u00e9m. A princ\u00edpio, est\u00e1 previsto apenas um jantar de recep\u00e7\u00e3o oferecido pela universidade espanhola.<\/p>\n<p>Por <b>Rodrigo Castro<br \/><\/b>Foto: <b>Brenno Carvalho<\/b> \/ Ag\u00eancia O Globo<br \/>Fonte:\u00a0<b><a href=\"https:\/\/www.instagram.com\/jornaloglobo\/\" target=\"_blank\" rel=\"noopener\">@jornaloglobo<\/a><\/b><\/p>\n<\/div>\n<\/div>\n<p><script async src=\"\/\/www.instagram.com\/embed.js\"><\/script><\/p>\n","protected":false},"excerpt":{"rendered":"<p>Via @jornaloglobo |\u00a0Apesar de o semin\u00e1rio chancelado pela OAB em Madri ter sido cancelado em<\/p>\n","protected":false},"author":1,"featured_media":3860,"comment_status":"open","ping_status":"open","sticky":false,"template":"","format":"standard","meta":{"footnotes":""},"categories":[315],"tags":[67,455,1314,3456,3457,578,1018,1440,1649,575],"yoast_head":"<!-- This site is optimized with the Yoast SEO plugin v20.1 - https:\/\/yoast.com\/wordpress\/plugins\/seo\/ -->\n<title>Novo relator do caso Master desiste de ir a congresso na Espanha que ter\u00e1 advogado de Vorcaro - UP Consultas<\/title>\n<meta name=\"robots\" content=\"index, follow, max-snippet:-1, max-image-preview:large, max-video-preview:-1\" \/>\n<link rel=\"canonical\" href=\"https:\/\/upconsultas.com.br\/blog\/novo-relator-do-caso-master-desiste-de-ir-a-congresso-na-espanha-que-tera-advogado-de-vorcaro\/\" \/>\n<meta property=\"og:locale\" content=\"pt_BR\" \/>\n<meta property=\"og:type\" content=\"article\" \/>\n<meta property=\"og:title\" content=\"Novo relator do caso Master desiste de ir a congresso na Espanha que ter\u00e1 advogado de Vorcaro - UP Consultas\" \/>\n<meta property=\"og:description\" content=\"Via @jornaloglobo |\u00a0Apesar de o semin\u00e1rio chancelado pela OAB em Madri ter sido cancelado em\" \/>\n<meta property=\"og:url\" content=\"https:\/\/upconsultas.com.br\/blog\/novo-relator-do-caso-master-desiste-de-ir-a-congresso-na-espanha-que-tera-advogado-de-vorcaro\/\" \/>\n<meta property=\"og:site_name\" content=\"UP Consultas\" \/>\n<meta property=\"article:published_time\" content=\"2026-02-14T13:12:05+00:00\" \/>\n<meta property=\"og:image\" content=\"https:\/\/blogger.googleusercontent.com\/img\/b\/R29vZ2xl\/AVvXsEjy_k5rNB9a54r4LRL2SJuj2HurLA_Z0FBQKIGPB3K_M9ht6PMi_Ny-LjmMJISAfJ2ppefKpv-ybe_ihR8pTzGfQT1eTcivCRhfununHhbA4YdZ_Jix2aRUq2rqM26-MSBrgV-1e4gs2eHU-_o_By7iAAFlgr-j-hYe5SMR2oA8sbt5e6xm-oM0CiwOh28\/s16000-rw\/novo-relator-caso-master-desiste-congresso-espanha-advogado-vorcaro.webp\" \/>\n<meta name=\"author\" content=\"UP Consultas Brasil\" \/>\n<meta name=\"twitter:card\" content=\"summary_large_image\" \/>\n<meta name=\"twitter:label1\" content=\"Escrito por\" \/>\n\t<meta name=\"twitter:data1\" content=\"UP Consultas Brasil\" \/>\n\t<meta name=\"twitter:label2\" content=\"Est. tempo de leitura\" \/>\n\t<meta name=\"twitter:data2\" content=\"3 minutos\" \/>\n<script type=\"application\/ld+json\" class=\"yoast-schema-graph\">{\"@context\":\"https:\/\/schema.org\",\"@graph\":[{\"@type\":\"Article\",\"@id\":\"https:\/\/upconsultas.com.br\/blog\/novo-relator-do-caso-master-desiste-de-ir-a-congresso-na-espanha-que-tera-advogado-de-vorcaro\/#article\",\"isPartOf\":{\"@id\":\"https:\/\/upconsultas.com.br\/blog\/novo-relator-do-caso-master-desiste-de-ir-a-congresso-na-espanha-que-tera-advogado-de-vorcaro\/\"},\"author\":{\"name\":\"UP Consultas Brasil\",\"@id\":\"https:\/\/upconsultas.com.br\/blog\/#\/schema\/person\/7989e66c6d2f68e50be6c07a2d492e52\"},\"headline\":\"Novo relator do caso Master desiste de ir a congresso na Espanha que ter\u00e1 advogado de Vorcaro\",\"datePublished\":\"2026-02-14T13:12:05+00:00\",\"dateModified\":\"2026-02-14T13:12:05+00:00\",\"mainEntityOfPage\":{\"@id\":\"https:\/\/upconsultas.com.br\/blog\/novo-relator-do-caso-master-desiste-de-ir-a-congresso-na-espanha-que-tera-advogado-de-vorcaro\/\"},\"wordCount\":557,\"commentCount\":0,\"publisher\":{\"@id\":\"https:\/\/upconsultas.com.br\/blog\/#organization\"},\"keywords\":[\"Advogado\",\"caso\",\"Congresso\",\"desiste\",\"Espanha\",\"Master\",\"novo\",\"Relator\",\"ter\u00e1\",\"Vorcaro\"],\"articleSection\":[\"Advocacia\"],\"inLanguage\":\"pt-BR\",\"potentialAction\":[{\"@type\":\"CommentAction\",\"name\":\"Comment\",\"target\":[\"https:\/\/upconsultas.com.br\/blog\/novo-relator-do-caso-master-desiste-de-ir-a-congresso-na-espanha-que-tera-advogado-de-vorcaro\/#respond\"]}]},{\"@type\":\"WebPage\",\"@id\":\"https:\/\/upconsultas.com.br\/blog\/novo-relator-do-caso-master-desiste-de-ir-a-congresso-na-espanha-que-tera-advogado-de-vorcaro\/\",\"url\":\"https:\/\/upconsultas.com.br\/blog\/novo-relator-do-caso-master-desiste-de-ir-a-congresso-na-espanha-que-tera-advogado-de-vorcaro\/\",\"name\":\"Novo relator do caso Master desiste de ir a congresso na Espanha que ter\u00e1 advogado de Vorcaro - UP Consultas\",\"isPartOf\":{\"@id\":\"https:\/\/upconsultas.com.br\/blog\/#website\"},\"datePublished\":\"2026-02-14T13:12:05+00:00\",\"dateModified\":\"2026-02-14T13:12:05+00:00\",\"breadcrumb\":{\"@id\":\"https:\/\/upconsultas.com.br\/blog\/novo-relator-do-caso-master-desiste-de-ir-a-congresso-na-espanha-que-tera-advogado-de-vorcaro\/#breadcrumb\"},\"inLanguage\":\"pt-BR\",\"potentialAction\":[{\"@type\":\"ReadAction\",\"target\":[\"https:\/\/upconsultas.com.br\/blog\/novo-relator-do-caso-master-desiste-de-ir-a-congresso-na-espanha-que-tera-advogado-de-vorcaro\/\"]}]},{\"@type\":\"BreadcrumbList\",\"@id\":\"https:\/\/upconsultas.com.br\/blog\/novo-relator-do-caso-master-desiste-de-ir-a-congresso-na-espanha-que-tera-advogado-de-vorcaro\/#breadcrumb\",\"itemListElement\":[{\"@type\":\"ListItem\",\"position\":1,\"name\":\"In\u00edcio\",\"item\":\"https:\/\/upconsultas.com.br\/blog\/\"},{\"@type\":\"ListItem\",\"position\":2,\"name\":\"Novo relator do caso Master desiste de ir a congresso na Espanha que ter\u00e1 advogado de Vorcaro\"}]},{\"@type\":\"WebSite\",\"@id\":\"https:\/\/upconsultas.com.br\/blog\/#website\",\"url\":\"https:\/\/upconsultas.com.br\/blog\/\",\"name\":\"UP Consultas\",\"description\":\"Portal de consultas, CPF, CNPJ e Veiculos\",\"publisher\":{\"@id\":\"https:\/\/upconsultas.com.br\/blog\/#organization\"},\"potentialAction\":[{\"@type\":\"SearchAction\",\"target\":{\"@type\":\"EntryPoint\",\"urlTemplate\":\"https:\/\/upconsultas.com.br\/blog\/?s={search_term_string}\"},\"query-input\":\"required name=search_term_string\"}],\"inLanguage\":\"pt-BR\"},{\"@type\":\"Organization\",\"@id\":\"https:\/\/upconsultas.com.br\/blog\/#organization\",\"name\":\"UP Consultas\",\"url\":\"https:\/\/upconsultas.com.br\/blog\/\",\"logo\":{\"@type\":\"ImageObject\",\"inLanguage\":\"pt-BR\",\"@id\":\"https:\/\/upconsultas.com.br\/blog\/#\/schema\/logo\/image\/\",\"url\":\"https:\/\/upconsultas.com.br\/blog\/wp-content\/uploads\/2024\/09\/cropped-Azul_v3.png\",\"contentUrl\":\"https:\/\/upconsultas.com.br\/blog\/wp-content\/uploads\/2024\/09\/cropped-Azul_v3.png\",\"width\":350,\"height\":199,\"caption\":\"UP Consultas\"},\"image\":{\"@id\":\"https:\/\/upconsultas.com.br\/blog\/#\/schema\/logo\/image\/\"}},{\"@type\":\"Person\",\"@id\":\"https:\/\/upconsultas.com.br\/blog\/#\/schema\/person\/7989e66c6d2f68e50be6c07a2d492e52\",\"name\":\"UP Consultas Brasil\",\"image\":{\"@type\":\"ImageObject\",\"inLanguage\":\"pt-BR\",\"@id\":\"https:\/\/upconsultas.com.br\/blog\/#\/schema\/person\/image\/\",\"url\":\"https:\/\/secure.gravatar.com\/avatar\/02f760804f39d0748d6cafbf5ca3b6e9?s=96&d=mm&r=g\",\"contentUrl\":\"https:\/\/secure.gravatar.com\/avatar\/02f760804f39d0748d6cafbf5ca3b6e9?s=96&d=mm&r=g\",\"caption\":\"UP Consultas Brasil\"},\"sameAs\":[\"http:\/\/blog.upconsultas.com.br\"],\"url\":\"https:\/\/upconsultas.com.br\/blog\/author\/pachecopauluciofgmail-com\/\"}]}<\/script>\n<!-- \/ Yoast SEO plugin. -->","yoast_head_json":{"title":"Novo relator do caso Master desiste de ir a congresso na Espanha que ter\u00e1 advogado de Vorcaro - UP Consultas","robots":{"index":"index","follow":"follow","max-snippet":"max-snippet:-1","max-image-preview":"max-image-preview:large","max-video-preview":"max-video-preview:-1"},"canonical":"https:\/\/upconsultas.com.br\/blog\/novo-relator-do-caso-master-desiste-de-ir-a-congresso-na-espanha-que-tera-advogado-de-vorcaro\/","og_locale":"pt_BR","og_type":"article","og_title":"Novo relator do caso Master desiste de ir a congresso na Espanha que ter\u00e1 advogado de Vorcaro - UP Consultas","og_description":"Via @jornaloglobo |\u00a0Apesar de o semin\u00e1rio chancelado pela OAB em Madri ter sido cancelado em","og_url":"https:\/\/upconsultas.com.br\/blog\/novo-relator-do-caso-master-desiste-de-ir-a-congresso-na-espanha-que-tera-advogado-de-vorcaro\/","og_site_name":"UP Consultas","article_published_time":"2026-02-14T13:12:05+00:00","og_image":[{"url":"https:\/\/blogger.googleusercontent.com\/img\/b\/R29vZ2xl\/AVvXsEjy_k5rNB9a54r4LRL2SJuj2HurLA_Z0FBQKIGPB3K_M9ht6PMi_Ny-LjmMJISAfJ2ppefKpv-ybe_ihR8pTzGfQT1eTcivCRhfununHhbA4YdZ_Jix2aRUq2rqM26-MSBrgV-1e4gs2eHU-_o_By7iAAFlgr-j-hYe5SMR2oA8sbt5e6xm-oM0CiwOh28\/s16000-rw\/novo-relator-caso-master-desiste-congresso-espanha-advogado-vorcaro.webp"}],"author":"UP Consultas Brasil","twitter_card":"summary_large_image","twitter_misc":{"Escrito por":"UP Consultas Brasil","Est. tempo de leitura":"3 minutos"},"schema":{"@context":"https:\/\/schema.org","@graph":[{"@type":"Article","@id":"https:\/\/upconsultas.com.br\/blog\/novo-relator-do-caso-master-desiste-de-ir-a-congresso-na-espanha-que-tera-advogado-de-vorcaro\/#article","isPartOf":{"@id":"https:\/\/upconsultas.com.br\/blog\/novo-relator-do-caso-master-desiste-de-ir-a-congresso-na-espanha-que-tera-advogado-de-vorcaro\/"},"author":{"name":"UP Consultas Brasil","@id":"https:\/\/upconsultas.com.br\/blog\/#\/schema\/person\/7989e66c6d2f68e50be6c07a2d492e52"},"headline":"Novo relator do caso Master desiste de ir a congresso na Espanha que ter\u00e1 advogado de Vorcaro","datePublished":"2026-02-14T13:12:05+00:00","dateModified":"2026-02-14T13:12:05+00:00","mainEntityOfPage":{"@id":"https:\/\/upconsultas.com.br\/blog\/novo-relator-do-caso-master-desiste-de-ir-a-congresso-na-espanha-que-tera-advogado-de-vorcaro\/"},"wordCount":557,"commentCount":0,"publisher":{"@id":"https:\/\/upconsultas.com.br\/blog\/#organization"},"keywords":["Advogado","caso","Congresso","desiste","Espanha","Master","novo","Relator","ter\u00e1","Vorcaro"],"articleSection":["Advocacia"],"inLanguage":"pt-BR","potentialAction":[{"@type":"CommentAction","name":"Comment","target":["https:\/\/upconsultas.com.br\/blog\/novo-relator-do-caso-master-desiste-de-ir-a-congresso-na-espanha-que-tera-advogado-de-vorcaro\/#respond"]}]},{"@type":"WebPage","@id":"https:\/\/upconsultas.com.br\/blog\/novo-relator-do-caso-master-desiste-de-ir-a-congresso-na-espanha-que-tera-advogado-de-vorcaro\/","url":"https:\/\/upconsultas.com.br\/blog\/novo-relator-do-caso-master-desiste-de-ir-a-congresso-na-espanha-que-tera-advogado-de-vorcaro\/","name":"Novo relator do caso Master desiste de ir a congresso na Espanha que ter\u00e1 advogado de Vorcaro - UP Consultas","isPartOf":{"@id":"https:\/\/upconsultas.com.br\/blog\/#website"},"datePublished":"2026-02-14T13:12:05+00:00","dateModified":"2026-02-14T13:12:05+00:00","breadcrumb":{"@id":"https:\/\/upconsultas.com.br\/blog\/novo-relator-do-caso-master-desiste-de-ir-a-congresso-na-espanha-que-tera-advogado-de-vorcaro\/#breadcrumb"},"inLanguage":"pt-BR","potentialAction":[{"@type":"ReadAction","target":["https:\/\/upconsultas.com.br\/blog\/novo-relator-do-caso-master-desiste-de-ir-a-congresso-na-espanha-que-tera-advogado-de-vorcaro\/"]}]},{"@type":"BreadcrumbList","@id":"https:\/\/upconsultas.com.br\/blog\/novo-relator-do-caso-master-desiste-de-ir-a-congresso-na-espanha-que-tera-advogado-de-vorcaro\/#breadcrumb","itemListElement":[{"@type":"ListItem","position":1,"name":"In\u00edcio","item":"https:\/\/upconsultas.com.br\/blog\/"},{"@type":"ListItem","position":2,"name":"Novo relator do caso Master desiste de ir a congresso na Espanha que ter\u00e1 advogado de Vorcaro"}]},{"@type":"WebSite","@id":"https:\/\/upconsultas.com.br\/blog\/#website","url":"https:\/\/upconsultas.com.br\/blog\/","name":"UP Consultas","description":"Portal de consultas, CPF, CNPJ e Veiculos","publisher":{"@id":"https:\/\/upconsultas.com.br\/blog\/#organization"},"potentialAction":[{"@type":"SearchAction","target":{"@type":"EntryPoint","urlTemplate":"https:\/\/upconsultas.com.br\/blog\/?s={search_term_string}"},"query-input":"required name=search_term_string"}],"inLanguage":"pt-BR"},{"@type":"Organization","@id":"https:\/\/upconsultas.com.br\/blog\/#organization","name":"UP Consultas","url":"https:\/\/upconsultas.com.br\/blog\/","logo":{"@type":"ImageObject","inLanguage":"pt-BR","@id":"https:\/\/upconsultas.com.br\/blog\/#\/schema\/logo\/image\/","url":"https:\/\/upconsultas.com.br\/blog\/wp-content\/uploads\/2024\/09\/cropped-Azul_v3.png","contentUrl":"https:\/\/upconsultas.com.br\/blog\/wp-content\/uploads\/2024\/09\/cropped-Azul_v3.png","width":350,"height":199,"caption":"UP Consultas"},"image":{"@id":"https:\/\/upconsultas.com.br\/blog\/#\/schema\/logo\/image\/"}},{"@type":"Person","@id":"https:\/\/upconsultas.com.br\/blog\/#\/schema\/person\/7989e66c6d2f68e50be6c07a2d492e52","name":"UP Consultas Brasil","image":{"@type":"ImageObject","inLanguage":"pt-BR","@id":"https:\/\/upconsultas.com.br\/blog\/#\/schema\/person\/image\/","url":"https:\/\/secure.gravatar.com\/avatar\/02f760804f39d0748d6cafbf5ca3b6e9?s=96&d=mm&r=g","contentUrl":"https:\/\/secure.gravatar.com\/avatar\/02f760804f39d0748d6cafbf5ca3b6e9?s=96&d=mm&r=g","caption":"UP Consultas Brasil"},"sameAs":["http:\/\/blog.upconsultas.com.br"],"url":"https:\/\/upconsultas.com.br\/blog\/author\/pachecopauluciofgmail-com\/"}]}},"jetpack_sharing_enabled":true,"featured_image_urls":{"full":["https:\/\/upconsultas.com.br\/blog\/wp-content\/uploads\/2026\/02\/novo-relator-caso-master-desiste-congresso-espanha-advogado-vorcaro.webp.jpeg",920,518,false],"thumbnail":["https:\/\/upconsultas.com.br\/blog\/wp-content\/uploads\/2026\/02\/novo-relator-caso-master-desiste-congresso-espanha-advogado-vorcaro.webp-150x150.jpeg",150,150,true],"medium":["https:\/\/upconsultas.com.br\/blog\/wp-content\/uploads\/2026\/02\/novo-relator-caso-master-desiste-congresso-espanha-advogado-vorcaro.webp-300x169.jpeg",300,169,true],"medium_large":["https:\/\/upconsultas.com.br\/blog\/wp-content\/uploads\/2026\/02\/novo-relator-caso-master-desiste-congresso-espanha-advogado-vorcaro.webp-768x432.jpeg",640,360,true],"large":["https:\/\/upconsultas.com.br\/blog\/wp-content\/uploads\/2026\/02\/novo-relator-caso-master-desiste-congresso-espanha-advogado-vorcaro.webp.jpeg",640,360,false],"1536x1536":["https:\/\/upconsultas.com.br\/blog\/wp-content\/uploads\/2026\/02\/novo-relator-caso-master-desiste-congresso-espanha-advogado-vorcaro.webp.jpeg",920,518,false],"2048x2048":["https:\/\/upconsultas.com.br\/blog\/wp-content\/uploads\/2026\/02\/novo-relator-caso-master-desiste-congresso-espanha-advogado-vorcaro.webp.jpeg",920,518,false],"chromenews-featured":["https:\/\/upconsultas.com.br\/blog\/wp-content\/uploads\/2026\/02\/novo-relator-caso-master-desiste-congresso-espanha-advogado-vorcaro.webp.jpeg",920,518,false],"chromenews-large":["https:\/\/upconsultas.com.br\/blog\/wp-content\/uploads\/2026\/02\/novo-relator-caso-master-desiste-congresso-espanha-advogado-vorcaro.webp-825x518.jpeg",825,518,true],"chromenews-medium":["https:\/\/upconsultas.com.br\/blog\/wp-content\/uploads\/2026\/02\/novo-relator-caso-master-desiste-congresso-espanha-advogado-vorcaro.webp-590x410.jpeg",590,410,true]},"author_info":{"display_name":"UP Consultas Brasil","author_link":"https:\/\/upconsultas.com.br\/blog\/author\/pachecopauluciofgmail-com\/"},"category_info":"<a href=\"https:\/\/upconsultas.com.br\/blog\/categoria\/advocacia\/\" rel=\"category tag\">Advocacia<\/a>","tag_info":"Advocacia","comment_count":"0","jetpack_featured_media_url":"https:\/\/upconsultas.com.br\/blog\/wp-content\/uploads\/2026\/02\/novo-relator-caso-master-desiste-congresso-espanha-advogado-vorcaro.webp.jpeg","_links":{"self":[{"href":"https:\/\/upconsultas.com.br\/blog\/wp-json\/wp\/v2\/posts\/3859"}],"collection":[{"href":"https:\/\/upconsultas.com.br\/blog\/wp-json\/wp\/v2\/posts"}],"about":[{"href":"https:\/\/upconsultas.com.br\/blog\/wp-json\/wp\/v2\/types\/post"}],"author":[{"embeddable":true,"href":"https:\/\/upconsultas.com.br\/blog\/wp-json\/wp\/v2\/users\/1"}],"replies":[{"embeddable":true,"href":"https:\/\/upconsultas.com.br\/blog\/wp-json\/wp\/v2\/comments?post=3859"}],"version-history":[{"count":0,"href":"https:\/\/upconsultas.com.br\/blog\/wp-json\/wp\/v2\/posts\/3859\/revisions"}],"wp:featuredmedia":[{"embeddable":true,"href":"https:\/\/upconsultas.com.br\/blog\/wp-json\/wp\/v2\/media\/3860"}],"wp:attachment":[{"href":"https:\/\/upconsultas.com.br\/blog\/wp-json\/wp\/v2\/media?parent=3859"}],"wp:term":[{"taxonomy":"category","embeddable":true,"href":"https:\/\/upconsultas.com.br\/blog\/wp-json\/wp\/v2\/categories?post=3859"},{"taxonomy":"post_tag","embeddable":true,"href":"https:\/\/upconsultas.com.br\/blog\/wp-json\/wp\/v2\/tags?post=3859"}],"curies":[{"name":"wp","href":"https:\/\/api.w.org\/{rel}","templated":true}]}}