{"id":3905,"date":"2026-02-18T19:56:04","date_gmt":"2026-02-18T22:56:04","guid":{"rendered":"https:\/\/upconsultas.com.br\/blog\/comissao-aprova-proibicao-de-armas-para-quem-estiver-sob-medida-protetiva\/"},"modified":"2026-02-18T19:56:04","modified_gmt":"2026-02-18T22:56:04","slug":"comissao-aprova-proibicao-de-armas-para-quem-estiver-sob-medida-protetiva","status":"publish","type":"post","link":"https:\/\/upconsultas.com.br\/blog\/comissao-aprova-proibicao-de-armas-para-quem-estiver-sob-medida-protetiva\/","title":{"rendered":"Comiss\u00e3o aprova proibi\u00e7\u00e3o de armas para quem estiver sob medida protetiva"},"content":{"rendered":"<p><\/p>\n<div id=\"post-body\">\n<div id=\"conteudo-target\">\n<div class=\"separator\" style=\"clear: both; text-align: center;\"><a href=\"https:\/\/blogger.googleusercontent.com\/img\/b\/R29vZ2xl\/AVvXsEieldwVqaAXyrAvxfwME0nKPxnTtTjVQc6XTiFgF2HpAY9x-Cz5CMjwDHEb8NUQSg5uSFTx1tc69N9KB2BOekh5Rzo7nEGyh9DFNkc8jYUtfErhxqrTuh4ZPls_DGZ5IoSU-RkfvhQDNpBIFc0nGgdveKKnNlm3wnlhXGTSEM0Ffq2SLfTmHw6pUGn6Jy0\/s710\/stf-derruba-lei-df-que-permite-porte-arma-para-auditores-procuradores.png\" style=\"margin-left: 1em; margin-right: 1em;\"><\/a><\/div>\n<p>Via <b><a href=\"https:\/\/www.instagram.com\/camaradosdeputados\/\" target=\"_blank\" rel=\"noopener\">@camaradosdeputados<\/a><\/b> |\u00a0A Comiss\u00e3o de Seguran\u00e7a P\u00fablica da C\u00e2mara dos Deputados aprovou projeto de lei que impede pessoas em cumprimento de medidas protetivas, com base na Lei Maria da Penha, de possu\u00edrem, portarem ou comprarem armas de fogo e muni\u00e7\u00f5es. O texto aprovado \u00e9 o substitutivo do relator, deputado Aluisio Mendes (Republicanos-MA), ao <b><a href=\"https:\/\/www.camara.leg.br\/noticias\/1016647-projeto-proibe-compra-de-arma-de-fogo-por-agressor-de-mulheres\" target=\"_blank\" rel=\"noopener\">Projeto de Lei 3874\/23<\/a><\/b>.<\/p>\n<p>De\u00a0acordo com a nova reda\u00e7\u00e3o, a suspens\u00e3o do direito \u00e0s armas torna-se uma medida obrigat\u00f3ria em todos os casos em que o juiz conceder uma medida protetiva de urg\u00eancia. A proibi\u00e7\u00e3o valer\u00e1 desde o momento da concess\u00e3o da medida at\u00e9 que ela seja revogada, ou at\u00e9 o arquivamento do inqu\u00e9rito policial ou a decis\u00e3o final do processo criminal.<\/p>\n<p>Para garantir o cumprimento da norma, o relator incluiu a exig\u00eancia de uma certid\u00e3o negativa de medidas protetivas para qualquer pessoa que deseje adquirir ou portar armas de fogo no Brasil, alterando o <b><a href=\"https:\/\/www2.camara.leg.br\/legin\/fed\/lei\/2003\/lei-10826-22-dezembro-2003-490580-norma-pl.html\" target=\"_blank\" rel=\"noopener\">Estatuto do Desarmamento<\/a><\/b>. Al\u00e9m disso, o juiz dever\u00e1 comunicar a decis\u00e3o a diversos \u00f3rg\u00e3os, como o Ex\u00e9rcito Brasileiro (para atiradores esportivos), a Pol\u00edcia Federal (para ca\u00e7adores) e as empresas de seguran\u00e7a onde o agressor possa trabalhar.<\/p>\n<h2 style=\"text-align: left;\">Risco de morte<\/h2>\n<p>Aluisio Mendes destacou que a presen\u00e7a de armas de fogo em contextos de viol\u00eancia dom\u00e9stica aumenta drasticamente o risco de morte. \u201cA proposta \u00e9 uma resposta estrat\u00e9gica e necess\u00e1ria para aprimorar a seguran\u00e7a p\u00fablica, protegendo n\u00e3o apenas as mulheres da viol\u00eancia, mas tamb\u00e9m para prevenir trag\u00e9dias ao evitar que agressores tenham acesso legal a armas de fogo\u201d, afirmou.<\/p>\n<p>Mendes ressaltou ainda que as armas de fogo \u201cpotencializam a letalidade dos ataques\u201d e que a interven\u00e7\u00e3o no momento da medida protetiva \u00e9 essencial para garantir a agilidade na prote\u00e7\u00e3o da v\u00edtima.<\/p>\n<h2 style=\"text-align: left;\">Projeto original<\/h2>\n<p>A nova vers\u00e3o aprovada pela comiss\u00e3o trouxe simplifica\u00e7\u00f5es t\u00e9cnicas na compara\u00e7\u00e3o ao projeto original do deputado Max Lemos (PDT-RJ).<\/p>\n<p>Por exemplo, o relator retirou do texto original a previs\u00e3o de novas penas para tentativas de compra de armas por agressores. Aluisio Mendes entendeu que a legisla\u00e7\u00e3o penal atual j\u00e1 prev\u00ea puni\u00e7\u00f5es para o uso e o porte de armas ilegais.<\/p>\n<p>O substitutivo tamb\u00e9m removeu a cria\u00e7\u00e3o de novos canais de atendimento espec\u00edficos, defendendo que o n\u00famero 180 j\u00e1 cumpre a fun\u00e7\u00e3o de centralizar den\u00fancias de viol\u00eancia contra a mulher.<\/p>\n<p>Por fim, enquanto o projeto original focava em qualquer registro de agress\u00e3o em inqu\u00e9ritos, a nova proposta vincula a proibi\u00e7\u00e3o diretamente \u00e0 concess\u00e3o da medida protetiva, o que, segundo o relator, confere maior efic\u00e1cia jur\u00eddica e rapidez \u00e0 seguran\u00e7a da v\u00edtima.<\/p>\n<h2 style=\"text-align: left;\">Pr\u00f3ximos passos<\/h2>\n<p>Tamb\u00e9m j\u00e1 aprovado <b><a href=\"https:\/\/www.camara.leg.br\/noticias\/1021774-COMISSAO-APROVA-PROIBICAO-DE-COMPRA-DE-ARMAS-DE-FOGO-POR-QUEM-RESPONDE-A-PROCESSO-DE-VIOLENCIA-CONTRA-A-MULHER\" target=\"_blank\" rel=\"noopener\">pela Comiss\u00e3o de Defesa dos Direitos da Mulher<\/a><\/b>, o projeto seguir\u00e1 agora para an\u00e1lise da Comiss\u00e3o de Constitui\u00e7\u00e3o e Justi\u00e7a e de Cidadania. No entanto, como tramita em regime de urg\u00eancia, poder\u00e1 ser votado a qualquer momento pelo Plen\u00e1rio da C\u00e2mara.<\/p>\n<p>Para virar lei, o texto precisa ser aprovado pelos deputados e pelos senadores.<\/p>\n<p>Reportagem &#8211; <b>No\u00e9li Nobre<br \/><\/b>Edi\u00e7\u00e3o &#8211; <b>Marcia Becker<br \/><\/b>Fonte:\u00a0<b><a href=\"https:\/\/www.instagram.com\/camaradosdeputados\/\" target=\"_blank\" rel=\"noopener\">@camaradosdeputados<\/a><\/b><\/p>\n<\/div>\n<\/div>\n<p><script async src=\"\/\/www.instagram.com\/embed.js\"><\/script><\/p>\n","protected":false},"excerpt":{"rendered":"<p>Via @camaradosdeputados |\u00a0A Comiss\u00e3o de Seguran\u00e7a P\u00fablica da C\u00e2mara dos Deputados aprovou projeto de lei<\/p>\n","protected":false},"author":1,"featured_media":3906,"comment_status":"open","ping_status":"open","sticky":false,"template":"","format":"standard","meta":{"footnotes":""},"categories":[315],"tags":[421,423,420,3505,2110,356,1715,2111,556,1332],"yoast_head":"<!-- This site is optimized with the Yoast SEO plugin v20.1 - https:\/\/yoast.com\/wordpress\/plugins\/seo\/ -->\n<title>Comiss\u00e3o aprova proibi\u00e7\u00e3o de armas para quem estiver sob medida protetiva - UP Consultas<\/title>\n<meta name=\"robots\" content=\"index, follow, max-snippet:-1, max-image-preview:large, max-video-preview:-1\" \/>\n<link rel=\"canonical\" href=\"https:\/\/upconsultas.com.br\/blog\/comissao-aprova-proibicao-de-armas-para-quem-estiver-sob-medida-protetiva\/\" \/>\n<meta property=\"og:locale\" content=\"pt_BR\" \/>\n<meta property=\"og:type\" content=\"article\" \/>\n<meta property=\"og:title\" content=\"Comiss\u00e3o aprova proibi\u00e7\u00e3o de armas para quem estiver sob medida protetiva - UP Consultas\" \/>\n<meta property=\"og:description\" content=\"Via @camaradosdeputados |\u00a0A Comiss\u00e3o de Seguran\u00e7a P\u00fablica da C\u00e2mara dos Deputados aprovou projeto de lei\" \/>\n<meta property=\"og:url\" content=\"https:\/\/upconsultas.com.br\/blog\/comissao-aprova-proibicao-de-armas-para-quem-estiver-sob-medida-protetiva\/\" \/>\n<meta property=\"og:site_name\" content=\"UP Consultas\" \/>\n<meta property=\"article:published_time\" content=\"2026-02-18T22:56:04+00:00\" \/>\n<meta property=\"og:image\" content=\"https:\/\/blogger.googleusercontent.com\/img\/b\/R29vZ2xl\/AVvXsEieldwVqaAXyrAvxfwME0nKPxnTtTjVQc6XTiFgF2HpAY9x-Cz5CMjwDHEb8NUQSg5uSFTx1tc69N9KB2BOekh5Rzo7nEGyh9DFNkc8jYUtfErhxqrTuh4ZPls_DGZ5IoSU-RkfvhQDNpBIFc0nGgdveKKnNlm3wnlhXGTSEM0Ffq2SLfTmHw6pUGn6Jy0\/s16000-rw\/stf-derruba-lei-df-que-permite-porte-arma-para-auditores-procuradores.png\" \/>\n<meta name=\"author\" content=\"UP Consultas Brasil\" \/>\n<meta name=\"twitter:card\" content=\"summary_large_image\" \/>\n<meta name=\"twitter:label1\" content=\"Escrito por\" \/>\n\t<meta name=\"twitter:data1\" content=\"UP Consultas Brasil\" \/>\n\t<meta name=\"twitter:label2\" content=\"Est. tempo de leitura\" \/>\n\t<meta name=\"twitter:data2\" content=\"3 minutos\" \/>\n<script type=\"application\/ld+json\" class=\"yoast-schema-graph\">{\"@context\":\"https:\/\/schema.org\",\"@graph\":[{\"@type\":\"Article\",\"@id\":\"https:\/\/upconsultas.com.br\/blog\/comissao-aprova-proibicao-de-armas-para-quem-estiver-sob-medida-protetiva\/#article\",\"isPartOf\":{\"@id\":\"https:\/\/upconsultas.com.br\/blog\/comissao-aprova-proibicao-de-armas-para-quem-estiver-sob-medida-protetiva\/\"},\"author\":{\"name\":\"UP Consultas Brasil\",\"@id\":\"https:\/\/upconsultas.com.br\/blog\/#\/schema\/person\/7989e66c6d2f68e50be6c07a2d492e52\"},\"headline\":\"Comiss\u00e3o aprova proibi\u00e7\u00e3o de armas para quem estiver sob medida protetiva\",\"datePublished\":\"2026-02-18T22:56:04+00:00\",\"dateModified\":\"2026-02-18T22:56:04+00:00\",\"mainEntityOfPage\":{\"@id\":\"https:\/\/upconsultas.com.br\/blog\/comissao-aprova-proibicao-de-armas-para-quem-estiver-sob-medida-protetiva\/\"},\"wordCount\":557,\"commentCount\":0,\"publisher\":{\"@id\":\"https:\/\/upconsultas.com.br\/blog\/#organization\"},\"keywords\":[\"aprova\",\"armas\",\"Comiss\u00e3o\",\"estiver\",\"medida\",\"para\",\"proibi\u00e7\u00e3o\",\"protetiva\",\"quem\",\"sob\"],\"articleSection\":[\"Advocacia\"],\"inLanguage\":\"pt-BR\",\"potentialAction\":[{\"@type\":\"CommentAction\",\"name\":\"Comment\",\"target\":[\"https:\/\/upconsultas.com.br\/blog\/comissao-aprova-proibicao-de-armas-para-quem-estiver-sob-medida-protetiva\/#respond\"]}]},{\"@type\":\"WebPage\",\"@id\":\"https:\/\/upconsultas.com.br\/blog\/comissao-aprova-proibicao-de-armas-para-quem-estiver-sob-medida-protetiva\/\",\"url\":\"https:\/\/upconsultas.com.br\/blog\/comissao-aprova-proibicao-de-armas-para-quem-estiver-sob-medida-protetiva\/\",\"name\":\"Comiss\u00e3o aprova proibi\u00e7\u00e3o de armas para quem estiver sob medida protetiva - UP Consultas\",\"isPartOf\":{\"@id\":\"https:\/\/upconsultas.com.br\/blog\/#website\"},\"datePublished\":\"2026-02-18T22:56:04+00:00\",\"dateModified\":\"2026-02-18T22:56:04+00:00\",\"breadcrumb\":{\"@id\":\"https:\/\/upconsultas.com.br\/blog\/comissao-aprova-proibicao-de-armas-para-quem-estiver-sob-medida-protetiva\/#breadcrumb\"},\"inLanguage\":\"pt-BR\",\"potentialAction\":[{\"@type\":\"ReadAction\",\"target\":[\"https:\/\/upconsultas.com.br\/blog\/comissao-aprova-proibicao-de-armas-para-quem-estiver-sob-medida-protetiva\/\"]}]},{\"@type\":\"BreadcrumbList\",\"@id\":\"https:\/\/upconsultas.com.br\/blog\/comissao-aprova-proibicao-de-armas-para-quem-estiver-sob-medida-protetiva\/#breadcrumb\",\"itemListElement\":[{\"@type\":\"ListItem\",\"position\":1,\"name\":\"In\u00edcio\",\"item\":\"https:\/\/upconsultas.com.br\/blog\/\"},{\"@type\":\"ListItem\",\"position\":2,\"name\":\"Comiss\u00e3o aprova proibi\u00e7\u00e3o de armas para quem estiver sob medida protetiva\"}]},{\"@type\":\"WebSite\",\"@id\":\"https:\/\/upconsultas.com.br\/blog\/#website\",\"url\":\"https:\/\/upconsultas.com.br\/blog\/\",\"name\":\"UP Consultas\",\"description\":\"Portal de consultas, CPF, CNPJ e Veiculos\",\"publisher\":{\"@id\":\"https:\/\/upconsultas.com.br\/blog\/#organization\"},\"potentialAction\":[{\"@type\":\"SearchAction\",\"target\":{\"@type\":\"EntryPoint\",\"urlTemplate\":\"https:\/\/upconsultas.com.br\/blog\/?s={search_term_string}\"},\"query-input\":\"required name=search_term_string\"}],\"inLanguage\":\"pt-BR\"},{\"@type\":\"Organization\",\"@id\":\"https:\/\/upconsultas.com.br\/blog\/#organization\",\"name\":\"UP Consultas\",\"url\":\"https:\/\/upconsultas.com.br\/blog\/\",\"logo\":{\"@type\":\"ImageObject\",\"inLanguage\":\"pt-BR\",\"@id\":\"https:\/\/upconsultas.com.br\/blog\/#\/schema\/logo\/image\/\",\"url\":\"https:\/\/upconsultas.com.br\/blog\/wp-content\/uploads\/2024\/09\/cropped-Azul_v3.png\",\"contentUrl\":\"https:\/\/upconsultas.com.br\/blog\/wp-content\/uploads\/2024\/09\/cropped-Azul_v3.png\",\"width\":350,\"height\":199,\"caption\":\"UP Consultas\"},\"image\":{\"@id\":\"https:\/\/upconsultas.com.br\/blog\/#\/schema\/logo\/image\/\"}},{\"@type\":\"Person\",\"@id\":\"https:\/\/upconsultas.com.br\/blog\/#\/schema\/person\/7989e66c6d2f68e50be6c07a2d492e52\",\"name\":\"UP Consultas Brasil\",\"image\":{\"@type\":\"ImageObject\",\"inLanguage\":\"pt-BR\",\"@id\":\"https:\/\/upconsultas.com.br\/blog\/#\/schema\/person\/image\/\",\"url\":\"https:\/\/secure.gravatar.com\/avatar\/02f760804f39d0748d6cafbf5ca3b6e9?s=96&d=mm&r=g\",\"contentUrl\":\"https:\/\/secure.gravatar.com\/avatar\/02f760804f39d0748d6cafbf5ca3b6e9?s=96&d=mm&r=g\",\"caption\":\"UP Consultas Brasil\"},\"sameAs\":[\"http:\/\/blog.upconsultas.com.br\"],\"url\":\"https:\/\/upconsultas.com.br\/blog\/author\/pachecopauluciofgmail-com\/\"}]}<\/script>\n<!-- \/ Yoast SEO plugin. -->","yoast_head_json":{"title":"Comiss\u00e3o aprova proibi\u00e7\u00e3o de armas para quem estiver sob medida protetiva - UP Consultas","robots":{"index":"index","follow":"follow","max-snippet":"max-snippet:-1","max-image-preview":"max-image-preview:large","max-video-preview":"max-video-preview:-1"},"canonical":"https:\/\/upconsultas.com.br\/blog\/comissao-aprova-proibicao-de-armas-para-quem-estiver-sob-medida-protetiva\/","og_locale":"pt_BR","og_type":"article","og_title":"Comiss\u00e3o aprova proibi\u00e7\u00e3o de armas para quem estiver sob medida protetiva - UP Consultas","og_description":"Via @camaradosdeputados |\u00a0A Comiss\u00e3o de Seguran\u00e7a P\u00fablica da C\u00e2mara dos Deputados aprovou projeto de lei","og_url":"https:\/\/upconsultas.com.br\/blog\/comissao-aprova-proibicao-de-armas-para-quem-estiver-sob-medida-protetiva\/","og_site_name":"UP Consultas","article_published_time":"2026-02-18T22:56:04+00:00","og_image":[{"url":"https:\/\/blogger.googleusercontent.com\/img\/b\/R29vZ2xl\/AVvXsEieldwVqaAXyrAvxfwME0nKPxnTtTjVQc6XTiFgF2HpAY9x-Cz5CMjwDHEb8NUQSg5uSFTx1tc69N9KB2BOekh5Rzo7nEGyh9DFNkc8jYUtfErhxqrTuh4ZPls_DGZ5IoSU-RkfvhQDNpBIFc0nGgdveKKnNlm3wnlhXGTSEM0Ffq2SLfTmHw6pUGn6Jy0\/s16000-rw\/stf-derruba-lei-df-que-permite-porte-arma-para-auditores-procuradores.png"}],"author":"UP Consultas Brasil","twitter_card":"summary_large_image","twitter_misc":{"Escrito por":"UP Consultas Brasil","Est. tempo de leitura":"3 minutos"},"schema":{"@context":"https:\/\/schema.org","@graph":[{"@type":"Article","@id":"https:\/\/upconsultas.com.br\/blog\/comissao-aprova-proibicao-de-armas-para-quem-estiver-sob-medida-protetiva\/#article","isPartOf":{"@id":"https:\/\/upconsultas.com.br\/blog\/comissao-aprova-proibicao-de-armas-para-quem-estiver-sob-medida-protetiva\/"},"author":{"name":"UP Consultas Brasil","@id":"https:\/\/upconsultas.com.br\/blog\/#\/schema\/person\/7989e66c6d2f68e50be6c07a2d492e52"},"headline":"Comiss\u00e3o aprova proibi\u00e7\u00e3o de armas para quem estiver sob medida protetiva","datePublished":"2026-02-18T22:56:04+00:00","dateModified":"2026-02-18T22:56:04+00:00","mainEntityOfPage":{"@id":"https:\/\/upconsultas.com.br\/blog\/comissao-aprova-proibicao-de-armas-para-quem-estiver-sob-medida-protetiva\/"},"wordCount":557,"commentCount":0,"publisher":{"@id":"https:\/\/upconsultas.com.br\/blog\/#organization"},"keywords":["aprova","armas","Comiss\u00e3o","estiver","medida","para","proibi\u00e7\u00e3o","protetiva","quem","sob"],"articleSection":["Advocacia"],"inLanguage":"pt-BR","potentialAction":[{"@type":"CommentAction","name":"Comment","target":["https:\/\/upconsultas.com.br\/blog\/comissao-aprova-proibicao-de-armas-para-quem-estiver-sob-medida-protetiva\/#respond"]}]},{"@type":"WebPage","@id":"https:\/\/upconsultas.com.br\/blog\/comissao-aprova-proibicao-de-armas-para-quem-estiver-sob-medida-protetiva\/","url":"https:\/\/upconsultas.com.br\/blog\/comissao-aprova-proibicao-de-armas-para-quem-estiver-sob-medida-protetiva\/","name":"Comiss\u00e3o aprova proibi\u00e7\u00e3o de armas para quem estiver sob medida protetiva - UP Consultas","isPartOf":{"@id":"https:\/\/upconsultas.com.br\/blog\/#website"},"datePublished":"2026-02-18T22:56:04+00:00","dateModified":"2026-02-18T22:56:04+00:00","breadcrumb":{"@id":"https:\/\/upconsultas.com.br\/blog\/comissao-aprova-proibicao-de-armas-para-quem-estiver-sob-medida-protetiva\/#breadcrumb"},"inLanguage":"pt-BR","potentialAction":[{"@type":"ReadAction","target":["https:\/\/upconsultas.com.br\/blog\/comissao-aprova-proibicao-de-armas-para-quem-estiver-sob-medida-protetiva\/"]}]},{"@type":"BreadcrumbList","@id":"https:\/\/upconsultas.com.br\/blog\/comissao-aprova-proibicao-de-armas-para-quem-estiver-sob-medida-protetiva\/#breadcrumb","itemListElement":[{"@type":"ListItem","position":1,"name":"In\u00edcio","item":"https:\/\/upconsultas.com.br\/blog\/"},{"@type":"ListItem","position":2,"name":"Comiss\u00e3o aprova proibi\u00e7\u00e3o de armas para quem estiver sob medida protetiva"}]},{"@type":"WebSite","@id":"https:\/\/upconsultas.com.br\/blog\/#website","url":"https:\/\/upconsultas.com.br\/blog\/","name":"UP Consultas","description":"Portal de consultas, CPF, CNPJ e Veiculos","publisher":{"@id":"https:\/\/upconsultas.com.br\/blog\/#organization"},"potentialAction":[{"@type":"SearchAction","target":{"@type":"EntryPoint","urlTemplate":"https:\/\/upconsultas.com.br\/blog\/?s={search_term_string}"},"query-input":"required name=search_term_string"}],"inLanguage":"pt-BR"},{"@type":"Organization","@id":"https:\/\/upconsultas.com.br\/blog\/#organization","name":"UP Consultas","url":"https:\/\/upconsultas.com.br\/blog\/","logo":{"@type":"ImageObject","inLanguage":"pt-BR","@id":"https:\/\/upconsultas.com.br\/blog\/#\/schema\/logo\/image\/","url":"https:\/\/upconsultas.com.br\/blog\/wp-content\/uploads\/2024\/09\/cropped-Azul_v3.png","contentUrl":"https:\/\/upconsultas.com.br\/blog\/wp-content\/uploads\/2024\/09\/cropped-Azul_v3.png","width":350,"height":199,"caption":"UP Consultas"},"image":{"@id":"https:\/\/upconsultas.com.br\/blog\/#\/schema\/logo\/image\/"}},{"@type":"Person","@id":"https:\/\/upconsultas.com.br\/blog\/#\/schema\/person\/7989e66c6d2f68e50be6c07a2d492e52","name":"UP Consultas Brasil","image":{"@type":"ImageObject","inLanguage":"pt-BR","@id":"https:\/\/upconsultas.com.br\/blog\/#\/schema\/person\/image\/","url":"https:\/\/secure.gravatar.com\/avatar\/02f760804f39d0748d6cafbf5ca3b6e9?s=96&d=mm&r=g","contentUrl":"https:\/\/secure.gravatar.com\/avatar\/02f760804f39d0748d6cafbf5ca3b6e9?s=96&d=mm&r=g","caption":"UP Consultas Brasil"},"sameAs":["http:\/\/blog.upconsultas.com.br"],"url":"https:\/\/upconsultas.com.br\/blog\/author\/pachecopauluciofgmail-com\/"}]}},"jetpack_sharing_enabled":true,"featured_image_urls":{"full":["https:\/\/upconsultas.com.br\/blog\/wp-content\/uploads\/2026\/02\/stf-derruba-lei-df-que-permite-porte-arma-para-auditores-procuradores.png",710,400,false],"thumbnail":["https:\/\/upconsultas.com.br\/blog\/wp-content\/uploads\/2026\/02\/stf-derruba-lei-df-que-permite-porte-arma-para-auditores-procuradores-150x150.png",150,150,true],"medium":["https:\/\/upconsultas.com.br\/blog\/wp-content\/uploads\/2026\/02\/stf-derruba-lei-df-que-permite-porte-arma-para-auditores-procuradores-300x169.png",300,169,true],"medium_large":["https:\/\/upconsultas.com.br\/blog\/wp-content\/uploads\/2026\/02\/stf-derruba-lei-df-que-permite-porte-arma-para-auditores-procuradores.png",640,361,false],"large":["https:\/\/upconsultas.com.br\/blog\/wp-content\/uploads\/2026\/02\/stf-derruba-lei-df-que-permite-porte-arma-para-auditores-procuradores.png",640,361,false],"1536x1536":["https:\/\/upconsultas.com.br\/blog\/wp-content\/uploads\/2026\/02\/stf-derruba-lei-df-que-permite-porte-arma-para-auditores-procuradores.png",710,400,false],"2048x2048":["https:\/\/upconsultas.com.br\/blog\/wp-content\/uploads\/2026\/02\/stf-derruba-lei-df-que-permite-porte-arma-para-auditores-procuradores.png",710,400,false],"chromenews-featured":["https:\/\/upconsultas.com.br\/blog\/wp-content\/uploads\/2026\/02\/stf-derruba-lei-df-que-permite-porte-arma-para-auditores-procuradores.png",710,400,false],"chromenews-large":["https:\/\/upconsultas.com.br\/blog\/wp-content\/uploads\/2026\/02\/stf-derruba-lei-df-que-permite-porte-arma-para-auditores-procuradores.png",710,400,false],"chromenews-medium":["https:\/\/upconsultas.com.br\/blog\/wp-content\/uploads\/2026\/02\/stf-derruba-lei-df-que-permite-porte-arma-para-auditores-procuradores-590x400.png",590,400,true]},"author_info":{"display_name":"UP Consultas Brasil","author_link":"https:\/\/upconsultas.com.br\/blog\/author\/pachecopauluciofgmail-com\/"},"category_info":"<a href=\"https:\/\/upconsultas.com.br\/blog\/categoria\/advocacia\/\" rel=\"category tag\">Advocacia<\/a>","tag_info":"Advocacia","comment_count":"0","jetpack_featured_media_url":"https:\/\/upconsultas.com.br\/blog\/wp-content\/uploads\/2026\/02\/stf-derruba-lei-df-que-permite-porte-arma-para-auditores-procuradores.png","_links":{"self":[{"href":"https:\/\/upconsultas.com.br\/blog\/wp-json\/wp\/v2\/posts\/3905"}],"collection":[{"href":"https:\/\/upconsultas.com.br\/blog\/wp-json\/wp\/v2\/posts"}],"about":[{"href":"https:\/\/upconsultas.com.br\/blog\/wp-json\/wp\/v2\/types\/post"}],"author":[{"embeddable":true,"href":"https:\/\/upconsultas.com.br\/blog\/wp-json\/wp\/v2\/users\/1"}],"replies":[{"embeddable":true,"href":"https:\/\/upconsultas.com.br\/blog\/wp-json\/wp\/v2\/comments?post=3905"}],"version-history":[{"count":0,"href":"https:\/\/upconsultas.com.br\/blog\/wp-json\/wp\/v2\/posts\/3905\/revisions"}],"wp:featuredmedia":[{"embeddable":true,"href":"https:\/\/upconsultas.com.br\/blog\/wp-json\/wp\/v2\/media\/3906"}],"wp:attachment":[{"href":"https:\/\/upconsultas.com.br\/blog\/wp-json\/wp\/v2\/media?parent=3905"}],"wp:term":[{"taxonomy":"category","embeddable":true,"href":"https:\/\/upconsultas.com.br\/blog\/wp-json\/wp\/v2\/categories?post=3905"},{"taxonomy":"post_tag","embeddable":true,"href":"https:\/\/upconsultas.com.br\/blog\/wp-json\/wp\/v2\/tags?post=3905"}],"curies":[{"name":"wp","href":"https:\/\/api.w.org\/{rel}","templated":true}]}}