{"id":3933,"date":"2026-02-19T16:17:06","date_gmt":"2026-02-19T19:17:06","guid":{"rendered":"https:\/\/upconsultas.com.br\/blog\/pf-citou-mais-de-dez-encontros-presenciais-entre-daniel-vorcaro-e-dias-toffoli\/"},"modified":"2026-02-19T16:17:06","modified_gmt":"2026-02-19T19:17:06","slug":"pf-citou-mais-de-dez-encontros-presenciais-entre-daniel-vorcaro-e-dias-toffoli","status":"publish","type":"post","link":"https:\/\/upconsultas.com.br\/blog\/pf-citou-mais-de-dez-encontros-presenciais-entre-daniel-vorcaro-e-dias-toffoli\/","title":{"rendered":"PF citou mais de dez encontros presenciais entre Daniel Vorcaro e Dias Toffoli"},"content":{"rendered":"<p><\/p>\n<div id=\"post-body\">\n<div id=\"conteudo-target\">\n<div class=\"separator\" style=\"clear: both; text-align: center;\"><a href=\"https:\/\/blogger.googleusercontent.com\/img\/b\/R29vZ2xl\/AVvXsEgjHftJj1tAsVRm0wztb405kJj3z2L8ieTIv5ebFlqbuBZVBnpRARtb35XQLrW4W5G6jYQPl4IdtlXjb_sDuY1_IULJRpze22PxfqP3Vi5Jmal4wNNIeVlbTBfZ5QKefRH4ZO2iT7lJySTWbrNmRpmyWsBbkvIolpF5MrkbdZkDMEAjusCwvZKXa1Kf4ug\/s920\/pf-citou-mais-dez-encontros-presenciais-daniel-vorcaro-dias-toffoli.webp\" imageanchor=\"1\" style=\"margin-left: 1em; margin-right: 1em;\"><\/a><\/div>\n<p>Via <b><a href=\"https:\/\/www.instagram.com\/uolnoticias\/\" target=\"_blank\" rel=\"noopener\">@uolnoticias<\/a><\/b> |\u00a0O relat\u00f3rio encaminhado pela Pol\u00edcia Federal ao STF (Supremo Tribunal Federal) cita mais de dez ocasi\u00f5es em que <b>Daniel Vorcaro<\/b>, dono do Banco Master, teria encontrado o ministro <b>Dias Toffoli<\/b>, ex-relator da investiga\u00e7\u00e3o sobre o banco.<\/p>\n<p>Segundo a PF, os encontros, que ocorreram entre 2023 e 2024, indicam uma rela\u00e7\u00e3o de amizade al\u00e9m do que mostra a conversa entre os dois no WhatsApp, na qual o ministro chamou Vorcaro para sua festa de anivers\u00e1rio.<\/p>\n<p>Na semana passada, Toffoli deixou a relatoria dos casos do Banco Master ap\u00f3s a PF entregar a Edson Fachin, presidente do STF, um relat\u00f3rio sobre a rela\u00e7\u00e3o de Toffoli com Vorcaro, r\u00e9u no processo.<\/p>\n<p>O ministro, ent\u00e3o, negou ter amizade com Vorcaro e defendeu que n\u00e3o havia margem para alegar sua suspei\u00e7\u00e3o.<\/p>\n<p>Procurados pelo <b>UOL<\/b> para comentar o fato de terem se encontrado mais de dez vezes, Toffoli e Vorcaro n\u00e3o responderam.<\/p>\n<p>Na reuni\u00e3o entre ministros do STF ap\u00f3s a entrega do relat\u00f3rio, segundo reportagem do Poder 360, o ministro Luiz Fux comentou que Vorcaro e Toffoli tinham &#8220;seis minutos de conversa&#8221; entre si.<\/p>\n<p>Al\u00e9m disso, por\u00e9m, o relat\u00f3rio se debru\u00e7a em mais de dez ocasi\u00f5es em que o ministro, segundo a investiga\u00e7\u00e3o, se encontrou com o banqueiro, a maioria delas em eventos em Bras\u00edlia, pelo que indicam as mensagens.<\/p>\n<p>Os encontros entre Toffoli e Vorcaro em eventos, como jantares e festas, s\u00e3o corroborados por outros ind\u00edcios apresentados no relat\u00f3rio, segundo fontes que tiveram acesso ao documento.<\/p>\n<p>O relat\u00f3rio \u2014e o vazamento do conte\u00fado da reuni\u00e3o em que se deliberou por sua sa\u00edda do caso\u2014 provocou uma crise entre os ministros do Supremo, que suspeitam terem sido gravados por Toffoli.<\/p>\n<p>Os inqu\u00e9ritos do Master no STF foram redistribu\u00eddos por sorteio para o ministro Andr\u00e9 Mendon\u00e7a na \u00faltima sexta-feira.<\/p>\n<p>O relat\u00f3rio da PF cita tamb\u00e9m repasses de R$ 35 milh\u00f5es do fundo Arleen, ligado ao banqueiro, a uma empresa em que Toffoli \u00e9 s\u00f3cio com seus familiares, a Maridt.<\/p>\n<p>Chamou a aten\u00e7\u00e3o da PF o fato de os repasses ocorrerem muito depois da venda da fatia do resort pela Maridt ao fundo Arleen, controlado por Zettel. A venda \u00e9 de 27 de setembro de 2021.<\/p>\n<p>J\u00e1 os pagamentos do Arleen \u00e0 Maridt, citados nas mensagens entre Zettel e Vorcaro, ocorrem entre 2024 e 2025.<\/p>\n<p>Em nota divulgada na semana passada, Toffoli disse que &#8220;o ministro desconhece o gestor do Fundo Arleen, bem como jamais teve qualquer rela\u00e7\u00e3o de amizade e muito menos amizade \u00edntima com o investigado Daniel Vorcaro&#8221;.<\/p>\n<p>&#8220;Por fim, o ministro esclarece que jamais recebeu qualquer valor de Daniel Vorcaro ou de seu cunhado Fabiano Zettel&#8221;.<\/p>\n<p><b>Nat\u00e1lia Portinari<\/b><br \/>Fonte:\u00a0<b><a href=\"https:\/\/www.instagram.com\/uolnoticias\/\" target=\"_blank\" rel=\"noopener\">@uolnoticias<\/a><\/b><\/p>\n<\/div>\n<\/div>\n<p><script async src=\"\/\/www.instagram.com\/embed.js\"><\/script><\/p>\n","protected":false},"excerpt":{"rendered":"<p>Via @uolnoticias |\u00a0O relat\u00f3rio encaminhado pela Pol\u00edcia Federal ao STF (Supremo Tribunal Federal) cita mais<\/p>\n","protected":false},"author":1,"featured_media":3934,"comment_status":"open","ping_status":"open","sticky":false,"template":"","format":"standard","meta":{"footnotes":""},"categories":[315],"tags":[3526,574,700,1016,3527,367,327,3528,1020,575],"yoast_head":"<!-- This site is optimized with the Yoast SEO plugin v20.1 - https:\/\/yoast.com\/wordpress\/plugins\/seo\/ -->\n<title>PF citou mais de dez encontros presenciais entre Daniel Vorcaro e Dias Toffoli - UP Consultas<\/title>\n<meta name=\"robots\" content=\"index, follow, max-snippet:-1, max-image-preview:large, max-video-preview:-1\" \/>\n<link rel=\"canonical\" href=\"https:\/\/upconsultas.com.br\/blog\/pf-citou-mais-de-dez-encontros-presenciais-entre-daniel-vorcaro-e-dias-toffoli\/\" \/>\n<meta property=\"og:locale\" content=\"pt_BR\" \/>\n<meta property=\"og:type\" content=\"article\" \/>\n<meta property=\"og:title\" content=\"PF citou mais de dez encontros presenciais entre Daniel Vorcaro e Dias Toffoli - UP Consultas\" \/>\n<meta property=\"og:description\" content=\"Via @uolnoticias |\u00a0O relat\u00f3rio encaminhado pela Pol\u00edcia Federal ao STF (Supremo Tribunal Federal) cita mais\" \/>\n<meta property=\"og:url\" content=\"https:\/\/upconsultas.com.br\/blog\/pf-citou-mais-de-dez-encontros-presenciais-entre-daniel-vorcaro-e-dias-toffoli\/\" \/>\n<meta property=\"og:site_name\" content=\"UP Consultas\" \/>\n<meta property=\"article:published_time\" content=\"2026-02-19T19:17:06+00:00\" \/>\n<meta property=\"og:image\" content=\"https:\/\/blogger.googleusercontent.com\/img\/b\/R29vZ2xl\/AVvXsEgjHftJj1tAsVRm0wztb405kJj3z2L8ieTIv5ebFlqbuBZVBnpRARtb35XQLrW4W5G6jYQPl4IdtlXjb_sDuY1_IULJRpze22PxfqP3Vi5Jmal4wNNIeVlbTBfZ5QKefRH4ZO2iT7lJySTWbrNmRpmyWsBbkvIolpF5MrkbdZkDMEAjusCwvZKXa1Kf4ug\/s16000-rw\/pf-citou-mais-dez-encontros-presenciais-daniel-vorcaro-dias-toffoli.webp\" \/>\n<meta name=\"author\" content=\"UP Consultas Brasil\" \/>\n<meta name=\"twitter:card\" content=\"summary_large_image\" \/>\n<meta name=\"twitter:label1\" content=\"Escrito por\" \/>\n\t<meta name=\"twitter:data1\" content=\"UP Consultas Brasil\" \/>\n\t<meta name=\"twitter:label2\" content=\"Est. tempo de leitura\" \/>\n\t<meta name=\"twitter:data2\" content=\"2 minutos\" \/>\n<script type=\"application\/ld+json\" class=\"yoast-schema-graph\">{\"@context\":\"https:\/\/schema.org\",\"@graph\":[{\"@type\":\"Article\",\"@id\":\"https:\/\/upconsultas.com.br\/blog\/pf-citou-mais-de-dez-encontros-presenciais-entre-daniel-vorcaro-e-dias-toffoli\/#article\",\"isPartOf\":{\"@id\":\"https:\/\/upconsultas.com.br\/blog\/pf-citou-mais-de-dez-encontros-presenciais-entre-daniel-vorcaro-e-dias-toffoli\/\"},\"author\":{\"name\":\"UP Consultas Brasil\",\"@id\":\"https:\/\/upconsultas.com.br\/blog\/#\/schema\/person\/7989e66c6d2f68e50be6c07a2d492e52\"},\"headline\":\"PF citou mais de dez encontros presenciais entre Daniel Vorcaro e Dias Toffoli\",\"datePublished\":\"2026-02-19T19:17:06+00:00\",\"dateModified\":\"2026-02-19T19:17:06+00:00\",\"mainEntityOfPage\":{\"@id\":\"https:\/\/upconsultas.com.br\/blog\/pf-citou-mais-de-dez-encontros-presenciais-entre-daniel-vorcaro-e-dias-toffoli\/\"},\"wordCount\":481,\"commentCount\":0,\"publisher\":{\"@id\":\"https:\/\/upconsultas.com.br\/blog\/#organization\"},\"keywords\":[\"citou\",\"Daniel\",\"dez\",\"dias\",\"encontros\",\"entre\",\"mais\",\"presenciais\",\"Toffoli\",\"Vorcaro\"],\"articleSection\":[\"Advocacia\"],\"inLanguage\":\"pt-BR\",\"potentialAction\":[{\"@type\":\"CommentAction\",\"name\":\"Comment\",\"target\":[\"https:\/\/upconsultas.com.br\/blog\/pf-citou-mais-de-dez-encontros-presenciais-entre-daniel-vorcaro-e-dias-toffoli\/#respond\"]}]},{\"@type\":\"WebPage\",\"@id\":\"https:\/\/upconsultas.com.br\/blog\/pf-citou-mais-de-dez-encontros-presenciais-entre-daniel-vorcaro-e-dias-toffoli\/\",\"url\":\"https:\/\/upconsultas.com.br\/blog\/pf-citou-mais-de-dez-encontros-presenciais-entre-daniel-vorcaro-e-dias-toffoli\/\",\"name\":\"PF citou mais de dez encontros presenciais entre Daniel Vorcaro e Dias Toffoli - UP Consultas\",\"isPartOf\":{\"@id\":\"https:\/\/upconsultas.com.br\/blog\/#website\"},\"datePublished\":\"2026-02-19T19:17:06+00:00\",\"dateModified\":\"2026-02-19T19:17:06+00:00\",\"breadcrumb\":{\"@id\":\"https:\/\/upconsultas.com.br\/blog\/pf-citou-mais-de-dez-encontros-presenciais-entre-daniel-vorcaro-e-dias-toffoli\/#breadcrumb\"},\"inLanguage\":\"pt-BR\",\"potentialAction\":[{\"@type\":\"ReadAction\",\"target\":[\"https:\/\/upconsultas.com.br\/blog\/pf-citou-mais-de-dez-encontros-presenciais-entre-daniel-vorcaro-e-dias-toffoli\/\"]}]},{\"@type\":\"BreadcrumbList\",\"@id\":\"https:\/\/upconsultas.com.br\/blog\/pf-citou-mais-de-dez-encontros-presenciais-entre-daniel-vorcaro-e-dias-toffoli\/#breadcrumb\",\"itemListElement\":[{\"@type\":\"ListItem\",\"position\":1,\"name\":\"In\u00edcio\",\"item\":\"https:\/\/upconsultas.com.br\/blog\/\"},{\"@type\":\"ListItem\",\"position\":2,\"name\":\"PF citou mais de dez encontros presenciais entre Daniel Vorcaro e Dias Toffoli\"}]},{\"@type\":\"WebSite\",\"@id\":\"https:\/\/upconsultas.com.br\/blog\/#website\",\"url\":\"https:\/\/upconsultas.com.br\/blog\/\",\"name\":\"UP Consultas\",\"description\":\"Portal de consultas, CPF, CNPJ e Veiculos\",\"publisher\":{\"@id\":\"https:\/\/upconsultas.com.br\/blog\/#organization\"},\"potentialAction\":[{\"@type\":\"SearchAction\",\"target\":{\"@type\":\"EntryPoint\",\"urlTemplate\":\"https:\/\/upconsultas.com.br\/blog\/?s={search_term_string}\"},\"query-input\":\"required name=search_term_string\"}],\"inLanguage\":\"pt-BR\"},{\"@type\":\"Organization\",\"@id\":\"https:\/\/upconsultas.com.br\/blog\/#organization\",\"name\":\"UP Consultas\",\"url\":\"https:\/\/upconsultas.com.br\/blog\/\",\"logo\":{\"@type\":\"ImageObject\",\"inLanguage\":\"pt-BR\",\"@id\":\"https:\/\/upconsultas.com.br\/blog\/#\/schema\/logo\/image\/\",\"url\":\"https:\/\/upconsultas.com.br\/blog\/wp-content\/uploads\/2024\/09\/cropped-Azul_v3.png\",\"contentUrl\":\"https:\/\/upconsultas.com.br\/blog\/wp-content\/uploads\/2024\/09\/cropped-Azul_v3.png\",\"width\":350,\"height\":199,\"caption\":\"UP Consultas\"},\"image\":{\"@id\":\"https:\/\/upconsultas.com.br\/blog\/#\/schema\/logo\/image\/\"}},{\"@type\":\"Person\",\"@id\":\"https:\/\/upconsultas.com.br\/blog\/#\/schema\/person\/7989e66c6d2f68e50be6c07a2d492e52\",\"name\":\"UP Consultas Brasil\",\"image\":{\"@type\":\"ImageObject\",\"inLanguage\":\"pt-BR\",\"@id\":\"https:\/\/upconsultas.com.br\/blog\/#\/schema\/person\/image\/\",\"url\":\"https:\/\/secure.gravatar.com\/avatar\/02f760804f39d0748d6cafbf5ca3b6e9?s=96&d=mm&r=g\",\"contentUrl\":\"https:\/\/secure.gravatar.com\/avatar\/02f760804f39d0748d6cafbf5ca3b6e9?s=96&d=mm&r=g\",\"caption\":\"UP Consultas Brasil\"},\"sameAs\":[\"http:\/\/blog.upconsultas.com.br\"],\"url\":\"https:\/\/upconsultas.com.br\/blog\/author\/pachecopauluciofgmail-com\/\"}]}<\/script>\n<!-- \/ Yoast SEO plugin. -->","yoast_head_json":{"title":"PF citou mais de dez encontros presenciais entre Daniel Vorcaro e Dias Toffoli - UP Consultas","robots":{"index":"index","follow":"follow","max-snippet":"max-snippet:-1","max-image-preview":"max-image-preview:large","max-video-preview":"max-video-preview:-1"},"canonical":"https:\/\/upconsultas.com.br\/blog\/pf-citou-mais-de-dez-encontros-presenciais-entre-daniel-vorcaro-e-dias-toffoli\/","og_locale":"pt_BR","og_type":"article","og_title":"PF citou mais de dez encontros presenciais entre Daniel Vorcaro e Dias Toffoli - UP Consultas","og_description":"Via @uolnoticias |\u00a0O relat\u00f3rio encaminhado pela Pol\u00edcia Federal ao STF (Supremo Tribunal Federal) cita mais","og_url":"https:\/\/upconsultas.com.br\/blog\/pf-citou-mais-de-dez-encontros-presenciais-entre-daniel-vorcaro-e-dias-toffoli\/","og_site_name":"UP Consultas","article_published_time":"2026-02-19T19:17:06+00:00","og_image":[{"url":"https:\/\/blogger.googleusercontent.com\/img\/b\/R29vZ2xl\/AVvXsEgjHftJj1tAsVRm0wztb405kJj3z2L8ieTIv5ebFlqbuBZVBnpRARtb35XQLrW4W5G6jYQPl4IdtlXjb_sDuY1_IULJRpze22PxfqP3Vi5Jmal4wNNIeVlbTBfZ5QKefRH4ZO2iT7lJySTWbrNmRpmyWsBbkvIolpF5MrkbdZkDMEAjusCwvZKXa1Kf4ug\/s16000-rw\/pf-citou-mais-dez-encontros-presenciais-daniel-vorcaro-dias-toffoli.webp"}],"author":"UP Consultas Brasil","twitter_card":"summary_large_image","twitter_misc":{"Escrito por":"UP Consultas Brasil","Est. tempo de leitura":"2 minutos"},"schema":{"@context":"https:\/\/schema.org","@graph":[{"@type":"Article","@id":"https:\/\/upconsultas.com.br\/blog\/pf-citou-mais-de-dez-encontros-presenciais-entre-daniel-vorcaro-e-dias-toffoli\/#article","isPartOf":{"@id":"https:\/\/upconsultas.com.br\/blog\/pf-citou-mais-de-dez-encontros-presenciais-entre-daniel-vorcaro-e-dias-toffoli\/"},"author":{"name":"UP Consultas Brasil","@id":"https:\/\/upconsultas.com.br\/blog\/#\/schema\/person\/7989e66c6d2f68e50be6c07a2d492e52"},"headline":"PF citou mais de dez encontros presenciais entre Daniel Vorcaro e Dias Toffoli","datePublished":"2026-02-19T19:17:06+00:00","dateModified":"2026-02-19T19:17:06+00:00","mainEntityOfPage":{"@id":"https:\/\/upconsultas.com.br\/blog\/pf-citou-mais-de-dez-encontros-presenciais-entre-daniel-vorcaro-e-dias-toffoli\/"},"wordCount":481,"commentCount":0,"publisher":{"@id":"https:\/\/upconsultas.com.br\/blog\/#organization"},"keywords":["citou","Daniel","dez","dias","encontros","entre","mais","presenciais","Toffoli","Vorcaro"],"articleSection":["Advocacia"],"inLanguage":"pt-BR","potentialAction":[{"@type":"CommentAction","name":"Comment","target":["https:\/\/upconsultas.com.br\/blog\/pf-citou-mais-de-dez-encontros-presenciais-entre-daniel-vorcaro-e-dias-toffoli\/#respond"]}]},{"@type":"WebPage","@id":"https:\/\/upconsultas.com.br\/blog\/pf-citou-mais-de-dez-encontros-presenciais-entre-daniel-vorcaro-e-dias-toffoli\/","url":"https:\/\/upconsultas.com.br\/blog\/pf-citou-mais-de-dez-encontros-presenciais-entre-daniel-vorcaro-e-dias-toffoli\/","name":"PF citou mais de dez encontros presenciais entre Daniel Vorcaro e Dias Toffoli - UP Consultas","isPartOf":{"@id":"https:\/\/upconsultas.com.br\/blog\/#website"},"datePublished":"2026-02-19T19:17:06+00:00","dateModified":"2026-02-19T19:17:06+00:00","breadcrumb":{"@id":"https:\/\/upconsultas.com.br\/blog\/pf-citou-mais-de-dez-encontros-presenciais-entre-daniel-vorcaro-e-dias-toffoli\/#breadcrumb"},"inLanguage":"pt-BR","potentialAction":[{"@type":"ReadAction","target":["https:\/\/upconsultas.com.br\/blog\/pf-citou-mais-de-dez-encontros-presenciais-entre-daniel-vorcaro-e-dias-toffoli\/"]}]},{"@type":"BreadcrumbList","@id":"https:\/\/upconsultas.com.br\/blog\/pf-citou-mais-de-dez-encontros-presenciais-entre-daniel-vorcaro-e-dias-toffoli\/#breadcrumb","itemListElement":[{"@type":"ListItem","position":1,"name":"In\u00edcio","item":"https:\/\/upconsultas.com.br\/blog\/"},{"@type":"ListItem","position":2,"name":"PF citou mais de dez encontros presenciais entre Daniel Vorcaro e Dias Toffoli"}]},{"@type":"WebSite","@id":"https:\/\/upconsultas.com.br\/blog\/#website","url":"https:\/\/upconsultas.com.br\/blog\/","name":"UP Consultas","description":"Portal de consultas, CPF, CNPJ e Veiculos","publisher":{"@id":"https:\/\/upconsultas.com.br\/blog\/#organization"},"potentialAction":[{"@type":"SearchAction","target":{"@type":"EntryPoint","urlTemplate":"https:\/\/upconsultas.com.br\/blog\/?s={search_term_string}"},"query-input":"required name=search_term_string"}],"inLanguage":"pt-BR"},{"@type":"Organization","@id":"https:\/\/upconsultas.com.br\/blog\/#organization","name":"UP Consultas","url":"https:\/\/upconsultas.com.br\/blog\/","logo":{"@type":"ImageObject","inLanguage":"pt-BR","@id":"https:\/\/upconsultas.com.br\/blog\/#\/schema\/logo\/image\/","url":"https:\/\/upconsultas.com.br\/blog\/wp-content\/uploads\/2024\/09\/cropped-Azul_v3.png","contentUrl":"https:\/\/upconsultas.com.br\/blog\/wp-content\/uploads\/2024\/09\/cropped-Azul_v3.png","width":350,"height":199,"caption":"UP Consultas"},"image":{"@id":"https:\/\/upconsultas.com.br\/blog\/#\/schema\/logo\/image\/"}},{"@type":"Person","@id":"https:\/\/upconsultas.com.br\/blog\/#\/schema\/person\/7989e66c6d2f68e50be6c07a2d492e52","name":"UP Consultas Brasil","image":{"@type":"ImageObject","inLanguage":"pt-BR","@id":"https:\/\/upconsultas.com.br\/blog\/#\/schema\/person\/image\/","url":"https:\/\/secure.gravatar.com\/avatar\/02f760804f39d0748d6cafbf5ca3b6e9?s=96&d=mm&r=g","contentUrl":"https:\/\/secure.gravatar.com\/avatar\/02f760804f39d0748d6cafbf5ca3b6e9?s=96&d=mm&r=g","caption":"UP Consultas Brasil"},"sameAs":["http:\/\/blog.upconsultas.com.br"],"url":"https:\/\/upconsultas.com.br\/blog\/author\/pachecopauluciofgmail-com\/"}]}},"jetpack_sharing_enabled":true,"featured_image_urls":{"full":["https:\/\/upconsultas.com.br\/blog\/wp-content\/uploads\/2026\/02\/pf-citou-mais-dez-encontros-presenciais-daniel-vorcaro-dias-toffoli.webp.jpeg",920,518,false],"thumbnail":["https:\/\/upconsultas.com.br\/blog\/wp-content\/uploads\/2026\/02\/pf-citou-mais-dez-encontros-presenciais-daniel-vorcaro-dias-toffoli.webp-150x150.jpeg",150,150,true],"medium":["https:\/\/upconsultas.com.br\/blog\/wp-content\/uploads\/2026\/02\/pf-citou-mais-dez-encontros-presenciais-daniel-vorcaro-dias-toffoli.webp-300x169.jpeg",300,169,true],"medium_large":["https:\/\/upconsultas.com.br\/blog\/wp-content\/uploads\/2026\/02\/pf-citou-mais-dez-encontros-presenciais-daniel-vorcaro-dias-toffoli.webp-768x432.jpeg",640,360,true],"large":["https:\/\/upconsultas.com.br\/blog\/wp-content\/uploads\/2026\/02\/pf-citou-mais-dez-encontros-presenciais-daniel-vorcaro-dias-toffoli.webp.jpeg",640,360,false],"1536x1536":["https:\/\/upconsultas.com.br\/blog\/wp-content\/uploads\/2026\/02\/pf-citou-mais-dez-encontros-presenciais-daniel-vorcaro-dias-toffoli.webp.jpeg",920,518,false],"2048x2048":["https:\/\/upconsultas.com.br\/blog\/wp-content\/uploads\/2026\/02\/pf-citou-mais-dez-encontros-presenciais-daniel-vorcaro-dias-toffoli.webp.jpeg",920,518,false],"chromenews-featured":["https:\/\/upconsultas.com.br\/blog\/wp-content\/uploads\/2026\/02\/pf-citou-mais-dez-encontros-presenciais-daniel-vorcaro-dias-toffoli.webp.jpeg",920,518,false],"chromenews-large":["https:\/\/upconsultas.com.br\/blog\/wp-content\/uploads\/2026\/02\/pf-citou-mais-dez-encontros-presenciais-daniel-vorcaro-dias-toffoli.webp-825x518.jpeg",825,518,true],"chromenews-medium":["https:\/\/upconsultas.com.br\/blog\/wp-content\/uploads\/2026\/02\/pf-citou-mais-dez-encontros-presenciais-daniel-vorcaro-dias-toffoli.webp-590x410.jpeg",590,410,true]},"author_info":{"display_name":"UP Consultas Brasil","author_link":"https:\/\/upconsultas.com.br\/blog\/author\/pachecopauluciofgmail-com\/"},"category_info":"<a href=\"https:\/\/upconsultas.com.br\/blog\/categoria\/advocacia\/\" rel=\"category tag\">Advocacia<\/a>","tag_info":"Advocacia","comment_count":"0","jetpack_featured_media_url":"https:\/\/upconsultas.com.br\/blog\/wp-content\/uploads\/2026\/02\/pf-citou-mais-dez-encontros-presenciais-daniel-vorcaro-dias-toffoli.webp.jpeg","_links":{"self":[{"href":"https:\/\/upconsultas.com.br\/blog\/wp-json\/wp\/v2\/posts\/3933"}],"collection":[{"href":"https:\/\/upconsultas.com.br\/blog\/wp-json\/wp\/v2\/posts"}],"about":[{"href":"https:\/\/upconsultas.com.br\/blog\/wp-json\/wp\/v2\/types\/post"}],"author":[{"embeddable":true,"href":"https:\/\/upconsultas.com.br\/blog\/wp-json\/wp\/v2\/users\/1"}],"replies":[{"embeddable":true,"href":"https:\/\/upconsultas.com.br\/blog\/wp-json\/wp\/v2\/comments?post=3933"}],"version-history":[{"count":0,"href":"https:\/\/upconsultas.com.br\/blog\/wp-json\/wp\/v2\/posts\/3933\/revisions"}],"wp:featuredmedia":[{"embeddable":true,"href":"https:\/\/upconsultas.com.br\/blog\/wp-json\/wp\/v2\/media\/3934"}],"wp:attachment":[{"href":"https:\/\/upconsultas.com.br\/blog\/wp-json\/wp\/v2\/media?parent=3933"}],"wp:term":[{"taxonomy":"category","embeddable":true,"href":"https:\/\/upconsultas.com.br\/blog\/wp-json\/wp\/v2\/categories?post=3933"},{"taxonomy":"post_tag","embeddable":true,"href":"https:\/\/upconsultas.com.br\/blog\/wp-json\/wp\/v2\/tags?post=3933"}],"curies":[{"name":"wp","href":"https:\/\/api.w.org\/{rel}","templated":true}]}}