{"id":3950,"date":"2026-02-20T09:34:06","date_gmt":"2026-02-20T12:34:06","guid":{"rendered":"https:\/\/upconsultas.com.br\/blog\/meu-ex-disse-que-meu-futuro-seria-de-tristeza-e-solidao-e-entao-matou-nossos-filhos-diz-delegada\/"},"modified":"2026-02-20T09:34:06","modified_gmt":"2026-02-20T12:34:06","slug":"meu-ex-disse-que-meu-futuro-seria-de-tristeza-e-solidao-e-entao-matou-nossos-filhos-diz-delegada","status":"publish","type":"post","link":"https:\/\/upconsultas.com.br\/blog\/meu-ex-disse-que-meu-futuro-seria-de-tristeza-e-solidao-e-entao-matou-nossos-filhos-diz-delegada\/","title":{"rendered":"&#8216;Meu ex disse que meu futuro seria de tristeza e solid\u00e3o e ent\u00e3o matou nossos filhos&#8217;, diz delegada"},"content":{"rendered":"<p><\/p>\n<div id=\"conteudo-target\">\n<div class=\"separator\" style=\"clear: both; text-align: center;\"><a href=\"https:\/\/blogger.googleusercontent.com\/img\/b\/R29vZ2xl\/AVvXsEhQRE2GDqaeR-FS7Sq-6VVxOA8E_grWwRl5L5yAp8MVM0ns79px_9XmIzcrVr9IAWlzlkGtUemvCeds5Ss4-2emtgopzyDBIpGm5_CE_k4nfAdUqg72R0TRikQHXdq3pcoCq3odHMkgZAulSRov48smZnYxke3zLmRelQ-x6OdQClLExJGxxOawCy_QOHM\/s920\/meu-ex-disse-meu-futuro-seria-tristeza-solidao-matou-nossos-filhos-diz-delegada.webp\" style=\"margin-left: 1em; margin-right: 1em;\"><\/a><\/div>\n<p>Via <b><a href=\"https:\/\/www.instagram.com\/portalg1\/?hl=pt-br\" target=\"_blank\" rel=\"noopener\">@portalg1<\/a><\/b> |\u00a0<b>Importante: esta reportagem cont\u00e9m detalhes que podem ser perturbadores para alguns leitores.<\/b><\/p>\n<p>&#8220;Em dezembro [de 2022], diante de todo o ci\u00fame que ele estava demonstrando de forma muito doentia \u2014 estava ficando cada vez pior \u2014, eu coloco fim ao relacionamento, porque vejo que n\u00e3o tinha mais como manter aquela rela\u00e7\u00e3o. E a\u00ed, em julho de 2023, ele tira a vida dos nossos dois filhos.&#8221;<\/p>\n<p>As lembran\u00e7as dolorosas s\u00e3o da delegada <b>Amanda Souza<\/b>, da Pol\u00edcia Civil de Bel\u00e9m (PA). Ela relembra os fatos ocorridos em 10 de julho de 2023, quando sua vida mudou para sempre.<\/p>\n<p>&#8220;Ele me escreve uma mensagem na manh\u00e3, dizendo que meu futuro seria de tristeza e solid\u00e3o. Eu vou para a delegacia trabalhar&#8221;, lembra a delegada.<\/p>\n<p>&#8220;E a\u00ed, quando d\u00e1 16h, ele me liga. E nessa liga\u00e7\u00e3o ele me fala: &#8216;Parab\u00e9ns, voc\u00ea conseguiu o que voc\u00ea queria: eu matei os seus dois filhos&#8217;.&#8221;<\/p>\n<p>V\u00edtima da chamada viol\u00eancia vic\u00e1ria \u2014 quando o agressor atinge os filhos ou pessoas pr\u00f3ximas com a inten\u00e7\u00e3o de causar sofrimento emocional \u00e0 mulher \u2014, Amanda se viu de volta \u00e0quele dia 10 de julho de 2023 ao ler as not\u00edcias sobre o caso similar ocorrido na semana passada em Itumbiara (GO).<\/p>\n<p>Na \u00faltima quarta-feira (11\/2), o secret\u00e1rio de Governo da prefeitura de Itumbiara (GO), Thales Machado, atirou contra os dois filhos na resid\u00eancia onde morava e, em seguida, tirou a pr\u00f3pria vida. Um dos meninos, de 12 anos, morreu antes que pudesse ser socorrido. O irm\u00e3o mais novo, de 8 anos, foi levado ao hospital em estado grav\u00edssimo, mas morreu horas depois.<\/p>\n<p>No Brasil, faltam dados consolidados espec\u00edficos sobre a viol\u00eancia vic\u00e1ria, o que, segundo especialistas, dificulta a formula\u00e7\u00e3o de pol\u00edticas p\u00fablicas mais eficazes.<\/p>\n<p>O Mapa Nacional da Viol\u00eancia de G\u00eanero, plataforma de dados p\u00fablicos oficiais sobre viol\u00eancia contra as mulheres, passou a apresentar dados sobre a viol\u00eancia vic\u00e1ria contra brasileiras no exterior a partir de sua edi\u00e7\u00e3o de 2024, registrando 904 casos do tipo em 2023 e 794 em 2024.<\/p>\n<p>A maior parte desses casos ocorreu na Europa, envolvendo disputas de guarda de crian\u00e7as.<\/p>\n<h2 style=\"text-align: left;\">&#8216;Culpar a m\u00e3e \u00e9 falta de humanidade&#8217;<\/h2>\n<p>A delegada Amanda Souza conta que soube pelas redes sociais do caso de Sarah Ara\u00fajo, que teve os dois filhos assassinados pelo marido Thales Machado em Itumbiara.<\/p>\n<p>&#8220;Eu fiquei muito mexida, muito abalada emocionalmente. Eu me projetei em 10 de julho de 2023 e consegui sentir toda a dor que aquela m\u00e3e estava sentindo&#8221;, lembra.<\/p>\n<p>A delegada conta que o que mais a chocou ao ler sobre o caso foram coment\u00e1rios nas redes sociais culpando a m\u00e3e pelo assassinato brutal de seus dois filhos.<\/p>\n<p>&#8220;Era muita crueldade com aquela m\u00e3e. Diante de tudo o que tinha acontecido, a sociedade ainda insistia em culpar uma pessoa que tinha perdido toda a sua fam\u00edlia.&#8221;<\/p>\n<p>Amanda observa que os coment\u00e1rios citavam uma suposta trai\u00e7\u00e3o por parte da esposa para justificar o ato criminoso do marido.<\/p>\n<p>&#8220;\u00c9 uma falta de humanidade e de compaix\u00e3o sem tamanho. Uma prova viva da sociedade machista em que a gente vive, como se uma trai\u00e7\u00e3o legitimasse o homem a tirar a vida dos pr\u00f3prios filhos, algo inconceb\u00edvel.<\/p>\n<p>Ainda mais chocante para Amanda foi ver muitos desses coment\u00e1rios sendo feitos por outras mulheres. Isso num pa\u00eds que registrou em 2025 n\u00famero recorde de feminic\u00eddios (1.518, ante 1.458 em 2024) e onde em m\u00e9dia quatro mulheres s\u00e3o assassinadas por dia por quest\u00f5es de g\u00eanero.<\/p>\n<p>&#8220;Ver esses coment\u00e1rios t\u00e3o machistas partindo de mulheres \u00e9 o que causa mais dor e tristeza. E mais revolta, porque n\u00f3s, mulheres, estamos morrendo por conta desse machismo. E as mulheres s\u00e3o as primeiras a apontar o dedo e a tentar diminuir a culpa do homem, colocando a culpa na m\u00e3e v\u00edtima.&#8221;<\/p>\n<p>Para a delegada, o crime praticado por Thales Machado em Itumbiara \u00e9 t\u00edpico de um homem narcisista, que nunca amou os pr\u00f3prios filhos e quis impor sua pr\u00f3pria vontade a qualquer custo.<\/p>\n<p>Ao matar os filhos, na opini\u00e3o dela, ele quis impor o mais terr\u00edvel sofrimento \u00e0 mulher, e ao atribuir seu crime a uma suposta trai\u00e7\u00e3o, quis destru\u00ed-la inclusive moralmente na cidade onde ambos viviam.<\/p>\n<p>&#8220;Ele quer que essa mulher sofra em vida. Que ela se sinta culpada por aquilo que aconteceu. Esse \u00e9 o conceito de viol\u00eancia vic\u00e1ria&#8221;, explica a delegada, que \u00e0 \u00e9poca do duplo homic\u00eddio de seus filhos trabalhava como delegada na Delegacia Especializada no Atendimento \u00e0 Mulher (Deam) de Camet\u00e1, no Par\u00e1, unidade especializada em atendimento a v\u00edtimas de viol\u00eancia dom\u00e9stica.<\/p>\n<p>Hoje, aos 43 anos, ela trabalha como delegada na Unidade de Recupera\u00e7\u00e3o de Dispositivos M\u00f3veis em Bel\u00e9m.<\/p>\n<h2 style=\"text-align: left;\">&#8216;Vivi um relacionamento abusivo por 20 anos, sem me dar conta&#8217;<\/h2>\n<p>Amanda diz que, ao contar sua pr\u00f3pria hist\u00f3ria como v\u00edtima da viol\u00eancia de g\u00eanero, tem por objetivo ajudar outras mulheres que estejam vivendo relacionamentos abusivos.<\/p>\n<p>Natural de Te\u00f3filo Otoni, no interior de Minas Gerais, ela conta que, no seu caso, o comportamento do marido come\u00e7ou a dar sinais de alerta quando ela se mudou de Belo Horizonte, onde a fam\u00edlia vivia, para Bel\u00e9m, para passar pela forma\u00e7\u00e3o de delegada.<\/p>\n<p>&#8220;Por vinte anos, ele tinha total controle sobre a minha vida. E conseguia fazer isso de forma muito dissimulada, para que eu percebesse todo o controle que ele tinha sobre mim como cuidado e n\u00e3o como controle&#8221;, lembra a delegada.<\/p>\n<p>&#8220;Mas, com a minha vinda para o Estado do Par\u00e1, eu saio desse \u00e2mbito de controle. Ent\u00e3o, tudo que era velado, come\u00e7a a ser expl\u00edcito. Ele come\u00e7a a ser mais ciumento, mais controlador.&#8221;<\/p>\n<p>Amanda conta que o marido queria sempre saber onde ela estava e com quem. Fazia sempre liga\u00e7\u00f5es de v\u00eddeo, para confirmar que ela estava onde dizia estar, e queria os contatos das pessoas com quem ela estaria.<\/p>\n<p>Ap\u00f3s ela decidir terminar o relacionamento, o marido cometeu o crime que destruiu a fam\u00edlia.<\/p>\n<p>Depois daquela liga\u00e7\u00e3o fat\u00eddica, \u00e0s 16h de uma quinta-feira, Amanda dirigiu correndo para casa. Ela foi a primeira pessoa a encontrar os corpos dos filhos \u2014 Marcelo tinha ent\u00e3o 12 anos e Let\u00edcia, 9. Tamb\u00e9m estava no local o corpo do ex-marido, que tirou a pr\u00f3pria vida ap\u00f3s cometer o crime.<\/p>\n<p>&#8220;Ele disse: &#8216;Eu matei os seus dois filhos. Parab\u00e9ns, voc\u00ea conseguiu o que voc\u00ea queria&#8217;, ou seja, como eu disse n\u00e3o para aquele casamento, como eu n\u00e3o queria mais me manter num relacionamento abusivo, ele coloca em mim a responsabilidade de ter tirado a vida dos pr\u00f3prios filhos&#8221;, afirma.<\/p>\n<p>&#8220;E a mesma coisa aconteceu com a Sarah agora [em Itumbiara], porque isso \u00e9 um padr\u00e3o. Eles sempre tendem a colocar a culpa na v\u00edtima pelo ato de crueldade que eles praticam.&#8221;<\/p>\n<p>A delegada conta que a frase usada pelo ex-marido, com intuito de destru\u00ed-la, foi na verdade o que deu for\u00e7a a ela para seguir em frente.<\/p>\n<p>&#8220;Ele disse que meu futuro seria de tristeza e solid\u00e3o. Essa mesma frase eu usei para me manter de p\u00e9, porque eu n\u00e3o podia dar a ele a vit\u00f3ria que ele queria. Eu n\u00e3o podia admitir que um homem entrasse na minha vida e ditasse o meu destino.&#8221;<\/p>\n<div class=\"separator\" style=\"clear: both; text-align: center;\"><i><a href=\"https:\/\/blogger.googleusercontent.com\/img\/a\/AVvXsEj6jPFfHLbVNbO1uXxlyDelOEfYsgKTa28hzSbq37EJ-lR0wL23QUEQT26bMXz5t3AZfGd-oHKcxWEQphc4ko9NlsZ38u9z4S6Q4P26b7SOzV0cBXCePmv7MA34zk2830u4_9dDi9n24QLD-GIfCSaTumxrepsHXhfcetRgcwuMjQcxDjCFui6jwY4GiEs\" style=\"margin-left: 1em; margin-right: 1em;\"><img decoding=\"async\" data-original-height=\"1230\" data-original-width=\"984\" loading=\"lazy\" src=\"https:\/\/blogger.googleusercontent.com\/img\/a\/AVvXsEj6jPFfHLbVNbO1uXxlyDelOEfYsgKTa28hzSbq37EJ-lR0wL23QUEQT26bMXz5t3AZfGd-oHKcxWEQphc4ko9NlsZ38u9z4S6Q4P26b7SOzV0cBXCePmv7MA34zk2830u4_9dDi9n24QLD-GIfCSaTumxrepsHXhfcetRgcwuMjQcxDjCFui6jwY4GiEs=s16000-rw\"\/><\/a><\/i><\/div>\n<p><i>&#8216;Ele disse que meu futuro seria de tristeza e solid\u00e3o. Essa mesma frase eu usei para me manter de p\u00e9, porque eu n\u00e3o podia dar a ele a vit\u00f3ria que ele queria&#8217; \u2014 Foto: Arquivo pessoal<\/i><\/p>\n<p>Agora, al\u00e9m de contar sua hist\u00f3ria e ajudar outras mulheres a identificarem os sinais de um relacionamento abusivo, e se fortalecerem para sair desses relacionamentos, Amanda planeja estudar a viol\u00eancia vic\u00e1ria num mestrado.<\/p>\n<p>&#8220;Eles [os abusadores] t\u00eam um padr\u00e3o. Ou seja, se a conduta desse doente tem um padr\u00e3o, significa que a gente pode identificar e pode evitar. Ent\u00e3o esse \u00e9 o meu objetivo: levar informa\u00e7\u00e3o para que as pessoas entendam que est\u00e3o num relacionamento abusivo, consigam identificar esses narcisistas, loucos, psicopatas, e consigam ter for\u00e7as e estrat\u00e9gias para sair desse relacionamento em seguran\u00e7a.&#8221;<\/p>\n<h2 style=\"text-align: left;\">O que fazer para sair de um relacionamento abusivo<\/h2>\n<p>Para as mulheres que est\u00e3o vivendo um relacionamento abusivo ou que n\u00e3o t\u00eam certeza se est\u00e3o, a delegada d\u00e1 dois conselhos.<\/p>\n<p>&#8220;A primeira coisa \u00e9 mergulhar no autoconhecimento. Porque muitas est\u00e3o presas a relacionamentos abusivos, porque h\u00e1 uma depend\u00eancia emocional t\u00e3o grande que ela n\u00e3o consegue se libertar. Ela n\u00e3o consegue nem se enxergar dentro de um relacionamento abusivo&#8221;, diz ela.<\/p>\n<p>&#8220;E a\u00ed, nesse mesmo processo de autoconhecimento e de amor pr\u00f3prio, ela tamb\u00e9m precisa entender que precisa de estrat\u00e9gias financeiras, porque, muitas vezes, muitas pessoas sabem que vivem um relacionamento abusivo, mas s\u00e3o dependentes financeiramente e n\u00e3o conseguem se libertar&#8221;, afirma.<\/p>\n<p>&#8220;Ent\u00e3o \u00e9 necess\u00e1rio que a mulher busque a sua independ\u00eancia financeira para que isso d\u00ea for\u00e7as para que ela saia dessa rela\u00e7\u00e3o abusiva.&#8221;<\/p>\n<p><iframe allowfullscreen=\"allowfullscreen\" class=\"b-hbp-video b-uploaded\" frameborder=\"0\" height=\"360\" id=\"BLOGGER-video-11241b42e5a1a8ba-15871\" mozallowfullscreen=\"mozallowfullscreen\" src=\"https:\/\/www.blogger.com\/video.g?token=AD6v5dxH_0WKy3-uLTNkVWQlc2LZILxp4mNa9XoMNHaWQZyQGP71FulQJ_aEKkqu2HahqAKqf75Eea-rgmEfoDL_QYdcKnN8pjyLHs67ul54Hly8Rf2HhsA3rCFJT9DnfyJJ8NQ4uKhs\" webkitallowfullscreen=\"webkitallowfullscreen\" width=\"640\"><\/iframe><\/p>\n<p><i>Marido de delegada mata os pr\u00f3prios filhos a tiros em Camet\u00e1, no Par\u00e1<\/i><\/p>\n<p>Por <b>BBC<br \/><\/b>Fonte:\u00a0<b><a href=\"https:\/\/www.instagram.com\/portalg1\/?hl=pt-br\" target=\"_blank\" rel=\"noopener\">@portalg1<\/a><\/b><\/p>\n<\/div>\n<p><script async src=\"\/\/www.instagram.com\/embed.js\"><\/script><\/p>\n","protected":false},"excerpt":{"rendered":"<p>Via @portalg1 |\u00a0Importante: esta reportagem cont\u00e9m detalhes que podem ser perturbadores para alguns leitores. &#8220;Em<\/p>\n","protected":false},"author":1,"featured_media":3951,"comment_status":"open","ping_status":"open","sticky":false,"template":"","format":"standard","meta":{"footnotes":""},"categories":[315],"tags":[2260,3545,341,3549,2103,3546,480,1839,3550,1318,3548,3547],"yoast_head":"<!-- This site is optimized with the Yoast SEO plugin v20.1 - https:\/\/yoast.com\/wordpress\/plugins\/seo\/ -->\n<title>&#039;Meu ex disse que meu futuro seria de tristeza e solid\u00e3o e ent\u00e3o matou nossos filhos&#039;, diz delegada - UP Consultas<\/title>\n<meta name=\"robots\" content=\"index, follow, max-snippet:-1, max-image-preview:large, max-video-preview:-1\" \/>\n<link rel=\"canonical\" href=\"https:\/\/upconsultas.com.br\/blog\/meu-ex-disse-que-meu-futuro-seria-de-tristeza-e-solidao-e-entao-matou-nossos-filhos-diz-delegada\/\" \/>\n<meta property=\"og:locale\" content=\"pt_BR\" \/>\n<meta property=\"og:type\" content=\"article\" \/>\n<meta property=\"og:title\" content=\"&#039;Meu ex disse que meu futuro seria de tristeza e solid\u00e3o e ent\u00e3o matou nossos filhos&#039;, diz delegada - UP Consultas\" \/>\n<meta property=\"og:description\" content=\"Via @portalg1 |\u00a0Importante: esta reportagem cont\u00e9m detalhes que podem ser perturbadores para alguns leitores. &#8220;Em\" \/>\n<meta property=\"og:url\" content=\"https:\/\/upconsultas.com.br\/blog\/meu-ex-disse-que-meu-futuro-seria-de-tristeza-e-solidao-e-entao-matou-nossos-filhos-diz-delegada\/\" \/>\n<meta property=\"og:site_name\" content=\"UP Consultas\" \/>\n<meta property=\"article:published_time\" content=\"2026-02-20T12:34:06+00:00\" \/>\n<meta property=\"og:image\" content=\"https:\/\/blogger.googleusercontent.com\/img\/b\/R29vZ2xl\/AVvXsEhQRE2GDqaeR-FS7Sq-6VVxOA8E_grWwRl5L5yAp8MVM0ns79px_9XmIzcrVr9IAWlzlkGtUemvCeds5Ss4-2emtgopzyDBIpGm5_CE_k4nfAdUqg72R0TRikQHXdq3pcoCq3odHMkgZAulSRov48smZnYxke3zLmRelQ-x6OdQClLExJGxxOawCy_QOHM\/s16000-rw\/meu-ex-disse-meu-futuro-seria-tristeza-solidao-matou-nossos-filhos-diz-delegada.webp\" \/>\n<meta name=\"author\" content=\"UP Consultas Brasil\" \/>\n<meta name=\"twitter:card\" content=\"summary_large_image\" \/>\n<meta name=\"twitter:label1\" content=\"Escrito por\" \/>\n\t<meta name=\"twitter:data1\" content=\"UP Consultas Brasil\" \/>\n\t<meta name=\"twitter:label2\" content=\"Est. tempo de leitura\" \/>\n\t<meta name=\"twitter:data2\" content=\"8 minutos\" \/>\n<script type=\"application\/ld+json\" class=\"yoast-schema-graph\">{\"@context\":\"https:\/\/schema.org\",\"@graph\":[{\"@type\":\"Article\",\"@id\":\"https:\/\/upconsultas.com.br\/blog\/meu-ex-disse-que-meu-futuro-seria-de-tristeza-e-solidao-e-entao-matou-nossos-filhos-diz-delegada\/#article\",\"isPartOf\":{\"@id\":\"https:\/\/upconsultas.com.br\/blog\/meu-ex-disse-que-meu-futuro-seria-de-tristeza-e-solidao-e-entao-matou-nossos-filhos-diz-delegada\/\"},\"author\":{\"name\":\"UP Consultas Brasil\",\"@id\":\"https:\/\/upconsultas.com.br\/blog\/#\/schema\/person\/7989e66c6d2f68e50be6c07a2d492e52\"},\"headline\":\"&#8216;Meu ex disse que meu futuro seria de tristeza e solid\u00e3o e ent\u00e3o matou nossos filhos&#8217;, diz delegada\",\"datePublished\":\"2026-02-20T12:34:06+00:00\",\"dateModified\":\"2026-02-20T12:34:06+00:00\",\"mainEntityOfPage\":{\"@id\":\"https:\/\/upconsultas.com.br\/blog\/meu-ex-disse-que-meu-futuro-seria-de-tristeza-e-solidao-e-entao-matou-nossos-filhos-diz-delegada\/\"},\"wordCount\":1584,\"commentCount\":0,\"publisher\":{\"@id\":\"https:\/\/upconsultas.com.br\/blog\/#organization\"},\"keywords\":[\"delegada\",\"disse\",\"diz\",\"ent\u00e3o\",\"filhos\",\"futuro\",\"matou\",\"meu\",\"nossos\",\"seria\",\"solid\u00e3o\",\"tristeza\"],\"articleSection\":[\"Advocacia\"],\"inLanguage\":\"pt-BR\",\"potentialAction\":[{\"@type\":\"CommentAction\",\"name\":\"Comment\",\"target\":[\"https:\/\/upconsultas.com.br\/blog\/meu-ex-disse-que-meu-futuro-seria-de-tristeza-e-solidao-e-entao-matou-nossos-filhos-diz-delegada\/#respond\"]}]},{\"@type\":\"WebPage\",\"@id\":\"https:\/\/upconsultas.com.br\/blog\/meu-ex-disse-que-meu-futuro-seria-de-tristeza-e-solidao-e-entao-matou-nossos-filhos-diz-delegada\/\",\"url\":\"https:\/\/upconsultas.com.br\/blog\/meu-ex-disse-que-meu-futuro-seria-de-tristeza-e-solidao-e-entao-matou-nossos-filhos-diz-delegada\/\",\"name\":\"'Meu ex disse que meu futuro seria de tristeza e solid\u00e3o e ent\u00e3o matou nossos filhos', diz delegada - UP Consultas\",\"isPartOf\":{\"@id\":\"https:\/\/upconsultas.com.br\/blog\/#website\"},\"datePublished\":\"2026-02-20T12:34:06+00:00\",\"dateModified\":\"2026-02-20T12:34:06+00:00\",\"breadcrumb\":{\"@id\":\"https:\/\/upconsultas.com.br\/blog\/meu-ex-disse-que-meu-futuro-seria-de-tristeza-e-solidao-e-entao-matou-nossos-filhos-diz-delegada\/#breadcrumb\"},\"inLanguage\":\"pt-BR\",\"potentialAction\":[{\"@type\":\"ReadAction\",\"target\":[\"https:\/\/upconsultas.com.br\/blog\/meu-ex-disse-que-meu-futuro-seria-de-tristeza-e-solidao-e-entao-matou-nossos-filhos-diz-delegada\/\"]}]},{\"@type\":\"BreadcrumbList\",\"@id\":\"https:\/\/upconsultas.com.br\/blog\/meu-ex-disse-que-meu-futuro-seria-de-tristeza-e-solidao-e-entao-matou-nossos-filhos-diz-delegada\/#breadcrumb\",\"itemListElement\":[{\"@type\":\"ListItem\",\"position\":1,\"name\":\"In\u00edcio\",\"item\":\"https:\/\/upconsultas.com.br\/blog\/\"},{\"@type\":\"ListItem\",\"position\":2,\"name\":\"&#8216;Meu ex disse que meu futuro seria de tristeza e solid\u00e3o e ent\u00e3o matou nossos filhos&#8217;, diz delegada\"}]},{\"@type\":\"WebSite\",\"@id\":\"https:\/\/upconsultas.com.br\/blog\/#website\",\"url\":\"https:\/\/upconsultas.com.br\/blog\/\",\"name\":\"UP Consultas\",\"description\":\"Portal de consultas, CPF, CNPJ e Veiculos\",\"publisher\":{\"@id\":\"https:\/\/upconsultas.com.br\/blog\/#organization\"},\"potentialAction\":[{\"@type\":\"SearchAction\",\"target\":{\"@type\":\"EntryPoint\",\"urlTemplate\":\"https:\/\/upconsultas.com.br\/blog\/?s={search_term_string}\"},\"query-input\":\"required name=search_term_string\"}],\"inLanguage\":\"pt-BR\"},{\"@type\":\"Organization\",\"@id\":\"https:\/\/upconsultas.com.br\/blog\/#organization\",\"name\":\"UP Consultas\",\"url\":\"https:\/\/upconsultas.com.br\/blog\/\",\"logo\":{\"@type\":\"ImageObject\",\"inLanguage\":\"pt-BR\",\"@id\":\"https:\/\/upconsultas.com.br\/blog\/#\/schema\/logo\/image\/\",\"url\":\"https:\/\/upconsultas.com.br\/blog\/wp-content\/uploads\/2024\/09\/cropped-Azul_v3.png\",\"contentUrl\":\"https:\/\/upconsultas.com.br\/blog\/wp-content\/uploads\/2024\/09\/cropped-Azul_v3.png\",\"width\":350,\"height\":199,\"caption\":\"UP Consultas\"},\"image\":{\"@id\":\"https:\/\/upconsultas.com.br\/blog\/#\/schema\/logo\/image\/\"}},{\"@type\":\"Person\",\"@id\":\"https:\/\/upconsultas.com.br\/blog\/#\/schema\/person\/7989e66c6d2f68e50be6c07a2d492e52\",\"name\":\"UP Consultas Brasil\",\"image\":{\"@type\":\"ImageObject\",\"inLanguage\":\"pt-BR\",\"@id\":\"https:\/\/upconsultas.com.br\/blog\/#\/schema\/person\/image\/\",\"url\":\"https:\/\/secure.gravatar.com\/avatar\/02f760804f39d0748d6cafbf5ca3b6e9?s=96&d=mm&r=g\",\"contentUrl\":\"https:\/\/secure.gravatar.com\/avatar\/02f760804f39d0748d6cafbf5ca3b6e9?s=96&d=mm&r=g\",\"caption\":\"UP Consultas Brasil\"},\"sameAs\":[\"http:\/\/blog.upconsultas.com.br\"],\"url\":\"https:\/\/upconsultas.com.br\/blog\/author\/pachecopauluciofgmail-com\/\"}]}<\/script>\n<!-- \/ Yoast SEO plugin. -->","yoast_head_json":{"title":"'Meu ex disse que meu futuro seria de tristeza e solid\u00e3o e ent\u00e3o matou nossos filhos', diz delegada - UP Consultas","robots":{"index":"index","follow":"follow","max-snippet":"max-snippet:-1","max-image-preview":"max-image-preview:large","max-video-preview":"max-video-preview:-1"},"canonical":"https:\/\/upconsultas.com.br\/blog\/meu-ex-disse-que-meu-futuro-seria-de-tristeza-e-solidao-e-entao-matou-nossos-filhos-diz-delegada\/","og_locale":"pt_BR","og_type":"article","og_title":"'Meu ex disse que meu futuro seria de tristeza e solid\u00e3o e ent\u00e3o matou nossos filhos', diz delegada - UP Consultas","og_description":"Via @portalg1 |\u00a0Importante: esta reportagem cont\u00e9m detalhes que podem ser perturbadores para alguns leitores. &#8220;Em","og_url":"https:\/\/upconsultas.com.br\/blog\/meu-ex-disse-que-meu-futuro-seria-de-tristeza-e-solidao-e-entao-matou-nossos-filhos-diz-delegada\/","og_site_name":"UP Consultas","article_published_time":"2026-02-20T12:34:06+00:00","og_image":[{"url":"https:\/\/blogger.googleusercontent.com\/img\/b\/R29vZ2xl\/AVvXsEhQRE2GDqaeR-FS7Sq-6VVxOA8E_grWwRl5L5yAp8MVM0ns79px_9XmIzcrVr9IAWlzlkGtUemvCeds5Ss4-2emtgopzyDBIpGm5_CE_k4nfAdUqg72R0TRikQHXdq3pcoCq3odHMkgZAulSRov48smZnYxke3zLmRelQ-x6OdQClLExJGxxOawCy_QOHM\/s16000-rw\/meu-ex-disse-meu-futuro-seria-tristeza-solidao-matou-nossos-filhos-diz-delegada.webp"}],"author":"UP Consultas Brasil","twitter_card":"summary_large_image","twitter_misc":{"Escrito por":"UP Consultas Brasil","Est. tempo de leitura":"8 minutos"},"schema":{"@context":"https:\/\/schema.org","@graph":[{"@type":"Article","@id":"https:\/\/upconsultas.com.br\/blog\/meu-ex-disse-que-meu-futuro-seria-de-tristeza-e-solidao-e-entao-matou-nossos-filhos-diz-delegada\/#article","isPartOf":{"@id":"https:\/\/upconsultas.com.br\/blog\/meu-ex-disse-que-meu-futuro-seria-de-tristeza-e-solidao-e-entao-matou-nossos-filhos-diz-delegada\/"},"author":{"name":"UP Consultas Brasil","@id":"https:\/\/upconsultas.com.br\/blog\/#\/schema\/person\/7989e66c6d2f68e50be6c07a2d492e52"},"headline":"&#8216;Meu ex disse que meu futuro seria de tristeza e solid\u00e3o e ent\u00e3o matou nossos filhos&#8217;, diz delegada","datePublished":"2026-02-20T12:34:06+00:00","dateModified":"2026-02-20T12:34:06+00:00","mainEntityOfPage":{"@id":"https:\/\/upconsultas.com.br\/blog\/meu-ex-disse-que-meu-futuro-seria-de-tristeza-e-solidao-e-entao-matou-nossos-filhos-diz-delegada\/"},"wordCount":1584,"commentCount":0,"publisher":{"@id":"https:\/\/upconsultas.com.br\/blog\/#organization"},"keywords":["delegada","disse","diz","ent\u00e3o","filhos","futuro","matou","meu","nossos","seria","solid\u00e3o","tristeza"],"articleSection":["Advocacia"],"inLanguage":"pt-BR","potentialAction":[{"@type":"CommentAction","name":"Comment","target":["https:\/\/upconsultas.com.br\/blog\/meu-ex-disse-que-meu-futuro-seria-de-tristeza-e-solidao-e-entao-matou-nossos-filhos-diz-delegada\/#respond"]}]},{"@type":"WebPage","@id":"https:\/\/upconsultas.com.br\/blog\/meu-ex-disse-que-meu-futuro-seria-de-tristeza-e-solidao-e-entao-matou-nossos-filhos-diz-delegada\/","url":"https:\/\/upconsultas.com.br\/blog\/meu-ex-disse-que-meu-futuro-seria-de-tristeza-e-solidao-e-entao-matou-nossos-filhos-diz-delegada\/","name":"'Meu ex disse que meu futuro seria de tristeza e solid\u00e3o e ent\u00e3o matou nossos filhos', diz delegada - UP Consultas","isPartOf":{"@id":"https:\/\/upconsultas.com.br\/blog\/#website"},"datePublished":"2026-02-20T12:34:06+00:00","dateModified":"2026-02-20T12:34:06+00:00","breadcrumb":{"@id":"https:\/\/upconsultas.com.br\/blog\/meu-ex-disse-que-meu-futuro-seria-de-tristeza-e-solidao-e-entao-matou-nossos-filhos-diz-delegada\/#breadcrumb"},"inLanguage":"pt-BR","potentialAction":[{"@type":"ReadAction","target":["https:\/\/upconsultas.com.br\/blog\/meu-ex-disse-que-meu-futuro-seria-de-tristeza-e-solidao-e-entao-matou-nossos-filhos-diz-delegada\/"]}]},{"@type":"BreadcrumbList","@id":"https:\/\/upconsultas.com.br\/blog\/meu-ex-disse-que-meu-futuro-seria-de-tristeza-e-solidao-e-entao-matou-nossos-filhos-diz-delegada\/#breadcrumb","itemListElement":[{"@type":"ListItem","position":1,"name":"In\u00edcio","item":"https:\/\/upconsultas.com.br\/blog\/"},{"@type":"ListItem","position":2,"name":"&#8216;Meu ex disse que meu futuro seria de tristeza e solid\u00e3o e ent\u00e3o matou nossos filhos&#8217;, diz delegada"}]},{"@type":"WebSite","@id":"https:\/\/upconsultas.com.br\/blog\/#website","url":"https:\/\/upconsultas.com.br\/blog\/","name":"UP Consultas","description":"Portal de consultas, CPF, CNPJ e Veiculos","publisher":{"@id":"https:\/\/upconsultas.com.br\/blog\/#organization"},"potentialAction":[{"@type":"SearchAction","target":{"@type":"EntryPoint","urlTemplate":"https:\/\/upconsultas.com.br\/blog\/?s={search_term_string}"},"query-input":"required name=search_term_string"}],"inLanguage":"pt-BR"},{"@type":"Organization","@id":"https:\/\/upconsultas.com.br\/blog\/#organization","name":"UP Consultas","url":"https:\/\/upconsultas.com.br\/blog\/","logo":{"@type":"ImageObject","inLanguage":"pt-BR","@id":"https:\/\/upconsultas.com.br\/blog\/#\/schema\/logo\/image\/","url":"https:\/\/upconsultas.com.br\/blog\/wp-content\/uploads\/2024\/09\/cropped-Azul_v3.png","contentUrl":"https:\/\/upconsultas.com.br\/blog\/wp-content\/uploads\/2024\/09\/cropped-Azul_v3.png","width":350,"height":199,"caption":"UP Consultas"},"image":{"@id":"https:\/\/upconsultas.com.br\/blog\/#\/schema\/logo\/image\/"}},{"@type":"Person","@id":"https:\/\/upconsultas.com.br\/blog\/#\/schema\/person\/7989e66c6d2f68e50be6c07a2d492e52","name":"UP Consultas Brasil","image":{"@type":"ImageObject","inLanguage":"pt-BR","@id":"https:\/\/upconsultas.com.br\/blog\/#\/schema\/person\/image\/","url":"https:\/\/secure.gravatar.com\/avatar\/02f760804f39d0748d6cafbf5ca3b6e9?s=96&d=mm&r=g","contentUrl":"https:\/\/secure.gravatar.com\/avatar\/02f760804f39d0748d6cafbf5ca3b6e9?s=96&d=mm&r=g","caption":"UP Consultas Brasil"},"sameAs":["http:\/\/blog.upconsultas.com.br"],"url":"https:\/\/upconsultas.com.br\/blog\/author\/pachecopauluciofgmail-com\/"}]}},"jetpack_sharing_enabled":true,"featured_image_urls":{"full":["https:\/\/upconsultas.com.br\/blog\/wp-content\/uploads\/2026\/02\/meu-ex-disse-meu-futuro-seria-tristeza-solidao-matou-nossos-filhos-diz-delegada.webp.jpeg",920,518,false],"thumbnail":["https:\/\/upconsultas.com.br\/blog\/wp-content\/uploads\/2026\/02\/meu-ex-disse-meu-futuro-seria-tristeza-solidao-matou-nossos-filhos-diz-delegada.webp-150x150.jpeg",150,150,true],"medium":["https:\/\/upconsultas.com.br\/blog\/wp-content\/uploads\/2026\/02\/meu-ex-disse-meu-futuro-seria-tristeza-solidao-matou-nossos-filhos-diz-delegada.webp-300x169.jpeg",300,169,true],"medium_large":["https:\/\/upconsultas.com.br\/blog\/wp-content\/uploads\/2026\/02\/meu-ex-disse-meu-futuro-seria-tristeza-solidao-matou-nossos-filhos-diz-delegada.webp-768x432.jpeg",640,360,true],"large":["https:\/\/upconsultas.com.br\/blog\/wp-content\/uploads\/2026\/02\/meu-ex-disse-meu-futuro-seria-tristeza-solidao-matou-nossos-filhos-diz-delegada.webp.jpeg",640,360,false],"1536x1536":["https:\/\/upconsultas.com.br\/blog\/wp-content\/uploads\/2026\/02\/meu-ex-disse-meu-futuro-seria-tristeza-solidao-matou-nossos-filhos-diz-delegada.webp.jpeg",920,518,false],"2048x2048":["https:\/\/upconsultas.com.br\/blog\/wp-content\/uploads\/2026\/02\/meu-ex-disse-meu-futuro-seria-tristeza-solidao-matou-nossos-filhos-diz-delegada.webp.jpeg",920,518,false],"chromenews-featured":["https:\/\/upconsultas.com.br\/blog\/wp-content\/uploads\/2026\/02\/meu-ex-disse-meu-futuro-seria-tristeza-solidao-matou-nossos-filhos-diz-delegada.webp.jpeg",920,518,false],"chromenews-large":["https:\/\/upconsultas.com.br\/blog\/wp-content\/uploads\/2026\/02\/meu-ex-disse-meu-futuro-seria-tristeza-solidao-matou-nossos-filhos-diz-delegada.webp-825x518.jpeg",825,518,true],"chromenews-medium":["https:\/\/upconsultas.com.br\/blog\/wp-content\/uploads\/2026\/02\/meu-ex-disse-meu-futuro-seria-tristeza-solidao-matou-nossos-filhos-diz-delegada.webp-590x410.jpeg",590,410,true]},"author_info":{"display_name":"UP Consultas Brasil","author_link":"https:\/\/upconsultas.com.br\/blog\/author\/pachecopauluciofgmail-com\/"},"category_info":"<a href=\"https:\/\/upconsultas.com.br\/blog\/categoria\/advocacia\/\" rel=\"category tag\">Advocacia<\/a>","tag_info":"Advocacia","comment_count":"0","jetpack_featured_media_url":"https:\/\/upconsultas.com.br\/blog\/wp-content\/uploads\/2026\/02\/meu-ex-disse-meu-futuro-seria-tristeza-solidao-matou-nossos-filhos-diz-delegada.webp.jpeg","_links":{"self":[{"href":"https:\/\/upconsultas.com.br\/blog\/wp-json\/wp\/v2\/posts\/3950"}],"collection":[{"href":"https:\/\/upconsultas.com.br\/blog\/wp-json\/wp\/v2\/posts"}],"about":[{"href":"https:\/\/upconsultas.com.br\/blog\/wp-json\/wp\/v2\/types\/post"}],"author":[{"embeddable":true,"href":"https:\/\/upconsultas.com.br\/blog\/wp-json\/wp\/v2\/users\/1"}],"replies":[{"embeddable":true,"href":"https:\/\/upconsultas.com.br\/blog\/wp-json\/wp\/v2\/comments?post=3950"}],"version-history":[{"count":0,"href":"https:\/\/upconsultas.com.br\/blog\/wp-json\/wp\/v2\/posts\/3950\/revisions"}],"wp:featuredmedia":[{"embeddable":true,"href":"https:\/\/upconsultas.com.br\/blog\/wp-json\/wp\/v2\/media\/3951"}],"wp:attachment":[{"href":"https:\/\/upconsultas.com.br\/blog\/wp-json\/wp\/v2\/media?parent=3950"}],"wp:term":[{"taxonomy":"category","embeddable":true,"href":"https:\/\/upconsultas.com.br\/blog\/wp-json\/wp\/v2\/categories?post=3950"},{"taxonomy":"post_tag","embeddable":true,"href":"https:\/\/upconsultas.com.br\/blog\/wp-json\/wp\/v2\/tags?post=3950"}],"curies":[{"name":"wp","href":"https:\/\/api.w.org\/{rel}","templated":true}]}}