{"id":3952,"date":"2026-02-20T09:39:06","date_gmt":"2026-02-20T12:39:06","guid":{"rendered":"https:\/\/upconsultas.com.br\/blog\/brasil-atinge-a-menor-taxa-de-desocupacao-em-20-estados\/"},"modified":"2026-02-20T09:39:06","modified_gmt":"2026-02-20T12:39:06","slug":"brasil-atinge-a-menor-taxa-de-desocupacao-em-20-estados","status":"publish","type":"post","link":"https:\/\/upconsultas.com.br\/blog\/brasil-atinge-a-menor-taxa-de-desocupacao-em-20-estados\/","title":{"rendered":"Brasil atinge a menor taxa de desocupa\u00e7\u00e3o em 20 estados"},"content":{"rendered":"<p><\/p>\n<div data-type=\"image\" style=\"text-align: center;\">\n<div class=\"eb-image style-clear\">\n<div class=\"eb-image-figure is-responsive\">\n<p>\t\t\t\t\t<a class=\"eb-image-viewport\"><br \/>\n\t\t\t\t\t<br \/>\n\t\t<\/a>\n\t<\/div>\n<p>\n\t\t\t<span>A m\u00ednima hist\u00f3rica em 2025 decorre do dinamismo observado no mercado de trabalho, impulsionados pelo aumento do rendimento real<\/span>\n\t\t<\/p>\n<\/p><\/div>\n<\/div>\n<div data-type=\"text\" style=\"font-family: Arial;\">\n<p><span>Em 2025, a taxa anual de desocupa\u00e7\u00e3o do pa\u00eds (5,6%) recuou um ponto percentual frente ao resultado de 2024 (6,6%). No quarto trimestre de 2025, a taxa foi de 5,1%, apresentando redu\u00e7\u00e3o significativa de 1,1 ponto percentual frente ao quarto trimestre do ano anterior (6,2%). Os dados s\u00e3o da Pesquisa Nacional por Amostra de Domic\u00edlios Cont\u00ednua (Pnad Cont\u00ednua), divulgada pelo IBGE. As maiores taxas em 2025 foram registradas na Bahia (8,7%), Pernambuco (8,7%) e Piau\u00ed (9,3%). J\u00e1 as menores ficaram com Mato Grosso (2,2%), Santa Catarina (2,3%) e Mato Grosso do Sul (3%).<\/span><\/p>\n<p>Vinte unidades da federa\u00e7\u00e3o atingiram a menor taxa anual de desocupa\u00e7\u00e3o de sua s\u00e9rie hist\u00f3rica na pesquisa. Foram elas: Bahia (8,7%), Amazonas (8,4%), Rio Grande do Norte (8,1%), Amap\u00e1 (7,9%), Sergipe (7,9%), Distrito Federal (7,5%), Par\u00e1 (6,8%), Maranh\u00e3o (6,8%), Cear\u00e1 (6,5%), Para\u00edba (6,0%), S\u00e3o Paulo (5%), Tocantins (4,7%), Minas Gerais (4,6%), Goi\u00e1s (4,6%), Rio Grande do Sul (4%), Paran\u00e1 (3,6%), Esp\u00edrito Santo (3,3%), Mato Grosso do Sul (3,0%), Santa Catarina (2,3%) e Mato Grosso (2,2%).<\/p>\n<p>&#8220;A m\u00ednima hist\u00f3rica em 2025 decorre do dinamismo observado no mercado de trabalho, impulsionados pelo aumento do rendimento real. Contudo, a queda da desocupa\u00e7\u00e3o mascara problemas estruturais: Norte e Nordeste mant\u00eam informalidade e subutiliza\u00e7\u00e3o elevadas, evidenciando ocupa\u00e7\u00f5es de baixa produtividade&#8221;, explica William Kratochwill, analista da pesquisa. A taxa anual de subutiliza\u00e7\u00e3o para o Brasil ficou em 14,5%. O Piau\u00ed (31%) teve a maior taxa, seguido por Alagoas (26,8%) e Bahia (26,8%) e, enquanto as menores taxas anuais foram de Santa Catarina (4,6%), Mato Grosso (6,8%) e Esp\u00edrito Santo (7,4%).<\/p>\n<p>J\u00e1 taxa anual de informalidade para o pa\u00eds foi de 38,1% da popula\u00e7\u00e3o ocupada. As maiores taxas anuais ficaram com Maranh\u00e3o (58,7%), Par\u00e1 (58,5%) e Bahia (52,8%); e as menores, com Santa Catarina (26,3%), Distrito Federal (27,3%) e S\u00e3o Paulo (29%). O valor anual do rendimento real habitual de todos os trabalhos chegou a R$ 3.560. Os maiores valores foram do Distrito Federal (R$ 6.320), S\u00e3o Paulo (R$ 4.190) e Rio de Janeiro (R$ 4.177). Os menores valores foram de Maranh\u00e3o (R$ 2.228), Bahia (R$ 2.284).<\/p>\n<\/div>\n<p><script>\n!function(f,b,e,v,n,t,s)\n{if(f.fbq)return;n=f.fbq=function(){n.callMethod?\nn.callMethod.apply(n,arguments):n.queue.push(arguments)};\nif(!f._fbq)f._fbq=n;n.push=n;n.loaded=!0;n.version='2.0';\nn.queue=[];t=b.createElement(e);t.async=!0;\nt.src=v;s=b.getElementsByTagName(e)[0];\ns.parentNode.insertBefore(t,s)}(window, document,'script',\n'\nfbq('init', '1119915896000160');\nfbq('track', 'PageView');\n<\/script><br \/>\n<br \/><a href=\"https:\/\/amanha.com.br\/categoria\/economia\/brasil-atinge-a-menor-taxa-de-desocupacao-em-20-estados\">Fonte do artigo <\/a><\/p>\n","protected":false},"excerpt":{"rendered":"<p>A m\u00ednima hist\u00f3rica em 2025 decorre do dinamismo observado no mercado de trabalho, impulsionados pelo<\/p>\n","protected":false},"author":1,"featured_media":3953,"comment_status":"open","ping_status":"open","sticky":false,"template":"","format":"standard","meta":{"footnotes":""},"categories":[316],"tags":[],"yoast_head":"<!-- This site is optimized with the Yoast SEO plugin v20.1 - https:\/\/yoast.com\/wordpress\/plugins\/seo\/ -->\n<title>Brasil atinge a menor taxa de desocupa\u00e7\u00e3o em 20 estados - UP Consultas<\/title>\n<meta name=\"robots\" content=\"index, follow, max-snippet:-1, max-image-preview:large, max-video-preview:-1\" \/>\n<link rel=\"canonical\" href=\"https:\/\/upconsultas.com.br\/blog\/brasil-atinge-a-menor-taxa-de-desocupacao-em-20-estados\/\" \/>\n<meta property=\"og:locale\" content=\"pt_BR\" \/>\n<meta property=\"og:type\" content=\"article\" \/>\n<meta property=\"og:title\" content=\"Brasil atinge a menor taxa de desocupa\u00e7\u00e3o em 20 estados - UP Consultas\" \/>\n<meta property=\"og:description\" content=\"A m\u00ednima hist\u00f3rica em 2025 decorre do dinamismo observado no mercado de trabalho, impulsionados pelo\" \/>\n<meta property=\"og:url\" content=\"https:\/\/upconsultas.com.br\/blog\/brasil-atinge-a-menor-taxa-de-desocupacao-em-20-estados\/\" \/>\n<meta property=\"og:site_name\" content=\"UP Consultas\" \/>\n<meta property=\"article:published_time\" content=\"2026-02-20T12:39:06+00:00\" \/>\n<meta property=\"og:image\" content=\"https:\/\/amanha.com.br\/images\/p\/21027\/Trabalhador-em-linha-de-produo.jpg\" \/>\n<meta name=\"author\" content=\"UP Consultas Brasil\" \/>\n<meta name=\"twitter:card\" content=\"summary_large_image\" \/>\n<meta name=\"twitter:label1\" content=\"Escrito por\" \/>\n\t<meta name=\"twitter:data1\" content=\"UP Consultas Brasil\" \/>\n\t<meta name=\"twitter:label2\" content=\"Est. tempo de leitura\" \/>\n\t<meta name=\"twitter:data2\" content=\"2 minutos\" \/>\n<script type=\"application\/ld+json\" class=\"yoast-schema-graph\">{\"@context\":\"https:\/\/schema.org\",\"@graph\":[{\"@type\":\"Article\",\"@id\":\"https:\/\/upconsultas.com.br\/blog\/brasil-atinge-a-menor-taxa-de-desocupacao-em-20-estados\/#article\",\"isPartOf\":{\"@id\":\"https:\/\/upconsultas.com.br\/blog\/brasil-atinge-a-menor-taxa-de-desocupacao-em-20-estados\/\"},\"author\":{\"name\":\"UP Consultas Brasil\",\"@id\":\"https:\/\/upconsultas.com.br\/blog\/#\/schema\/person\/7989e66c6d2f68e50be6c07a2d492e52\"},\"headline\":\"Brasil atinge a menor taxa de desocupa\u00e7\u00e3o em 20 estados\",\"datePublished\":\"2026-02-20T12:39:06+00:00\",\"dateModified\":\"2026-02-20T12:39:06+00:00\",\"mainEntityOfPage\":{\"@id\":\"https:\/\/upconsultas.com.br\/blog\/brasil-atinge-a-menor-taxa-de-desocupacao-em-20-estados\/\"},\"wordCount\":350,\"commentCount\":0,\"publisher\":{\"@id\":\"https:\/\/upconsultas.com.br\/blog\/#organization\"},\"articleSection\":[\"Economia\"],\"inLanguage\":\"pt-BR\",\"potentialAction\":[{\"@type\":\"CommentAction\",\"name\":\"Comment\",\"target\":[\"https:\/\/upconsultas.com.br\/blog\/brasil-atinge-a-menor-taxa-de-desocupacao-em-20-estados\/#respond\"]}]},{\"@type\":\"WebPage\",\"@id\":\"https:\/\/upconsultas.com.br\/blog\/brasil-atinge-a-menor-taxa-de-desocupacao-em-20-estados\/\",\"url\":\"https:\/\/upconsultas.com.br\/blog\/brasil-atinge-a-menor-taxa-de-desocupacao-em-20-estados\/\",\"name\":\"Brasil atinge a menor taxa de desocupa\u00e7\u00e3o em 20 estados - UP Consultas\",\"isPartOf\":{\"@id\":\"https:\/\/upconsultas.com.br\/blog\/#website\"},\"datePublished\":\"2026-02-20T12:39:06+00:00\",\"dateModified\":\"2026-02-20T12:39:06+00:00\",\"breadcrumb\":{\"@id\":\"https:\/\/upconsultas.com.br\/blog\/brasil-atinge-a-menor-taxa-de-desocupacao-em-20-estados\/#breadcrumb\"},\"inLanguage\":\"pt-BR\",\"potentialAction\":[{\"@type\":\"ReadAction\",\"target\":[\"https:\/\/upconsultas.com.br\/blog\/brasil-atinge-a-menor-taxa-de-desocupacao-em-20-estados\/\"]}]},{\"@type\":\"BreadcrumbList\",\"@id\":\"https:\/\/upconsultas.com.br\/blog\/brasil-atinge-a-menor-taxa-de-desocupacao-em-20-estados\/#breadcrumb\",\"itemListElement\":[{\"@type\":\"ListItem\",\"position\":1,\"name\":\"In\u00edcio\",\"item\":\"https:\/\/upconsultas.com.br\/blog\/\"},{\"@type\":\"ListItem\",\"position\":2,\"name\":\"Brasil atinge a menor taxa de desocupa\u00e7\u00e3o em 20 estados\"}]},{\"@type\":\"WebSite\",\"@id\":\"https:\/\/upconsultas.com.br\/blog\/#website\",\"url\":\"https:\/\/upconsultas.com.br\/blog\/\",\"name\":\"UP Consultas\",\"description\":\"Portal de consultas, CPF, CNPJ e Veiculos\",\"publisher\":{\"@id\":\"https:\/\/upconsultas.com.br\/blog\/#organization\"},\"potentialAction\":[{\"@type\":\"SearchAction\",\"target\":{\"@type\":\"EntryPoint\",\"urlTemplate\":\"https:\/\/upconsultas.com.br\/blog\/?s={search_term_string}\"},\"query-input\":\"required name=search_term_string\"}],\"inLanguage\":\"pt-BR\"},{\"@type\":\"Organization\",\"@id\":\"https:\/\/upconsultas.com.br\/blog\/#organization\",\"name\":\"UP Consultas\",\"url\":\"https:\/\/upconsultas.com.br\/blog\/\",\"logo\":{\"@type\":\"ImageObject\",\"inLanguage\":\"pt-BR\",\"@id\":\"https:\/\/upconsultas.com.br\/blog\/#\/schema\/logo\/image\/\",\"url\":\"https:\/\/upconsultas.com.br\/blog\/wp-content\/uploads\/2024\/09\/cropped-Azul_v3.png\",\"contentUrl\":\"https:\/\/upconsultas.com.br\/blog\/wp-content\/uploads\/2024\/09\/cropped-Azul_v3.png\",\"width\":350,\"height\":199,\"caption\":\"UP Consultas\"},\"image\":{\"@id\":\"https:\/\/upconsultas.com.br\/blog\/#\/schema\/logo\/image\/\"}},{\"@type\":\"Person\",\"@id\":\"https:\/\/upconsultas.com.br\/blog\/#\/schema\/person\/7989e66c6d2f68e50be6c07a2d492e52\",\"name\":\"UP Consultas Brasil\",\"image\":{\"@type\":\"ImageObject\",\"inLanguage\":\"pt-BR\",\"@id\":\"https:\/\/upconsultas.com.br\/blog\/#\/schema\/person\/image\/\",\"url\":\"https:\/\/secure.gravatar.com\/avatar\/02f760804f39d0748d6cafbf5ca3b6e9?s=96&d=mm&r=g\",\"contentUrl\":\"https:\/\/secure.gravatar.com\/avatar\/02f760804f39d0748d6cafbf5ca3b6e9?s=96&d=mm&r=g\",\"caption\":\"UP Consultas Brasil\"},\"sameAs\":[\"http:\/\/blog.upconsultas.com.br\"],\"url\":\"https:\/\/upconsultas.com.br\/blog\/author\/pachecopauluciofgmail-com\/\"}]}<\/script>\n<!-- \/ Yoast SEO plugin. -->","yoast_head_json":{"title":"Brasil atinge a menor taxa de desocupa\u00e7\u00e3o em 20 estados - UP Consultas","robots":{"index":"index","follow":"follow","max-snippet":"max-snippet:-1","max-image-preview":"max-image-preview:large","max-video-preview":"max-video-preview:-1"},"canonical":"https:\/\/upconsultas.com.br\/blog\/brasil-atinge-a-menor-taxa-de-desocupacao-em-20-estados\/","og_locale":"pt_BR","og_type":"article","og_title":"Brasil atinge a menor taxa de desocupa\u00e7\u00e3o em 20 estados - UP Consultas","og_description":"A m\u00ednima hist\u00f3rica em 2025 decorre do dinamismo observado no mercado de trabalho, impulsionados pelo","og_url":"https:\/\/upconsultas.com.br\/blog\/brasil-atinge-a-menor-taxa-de-desocupacao-em-20-estados\/","og_site_name":"UP Consultas","article_published_time":"2026-02-20T12:39:06+00:00","og_image":[{"url":"https:\/\/amanha.com.br\/images\/p\/21027\/Trabalhador-em-linha-de-produo.jpg"}],"author":"UP Consultas Brasil","twitter_card":"summary_large_image","twitter_misc":{"Escrito por":"UP Consultas Brasil","Est. tempo de leitura":"2 minutos"},"schema":{"@context":"https:\/\/schema.org","@graph":[{"@type":"Article","@id":"https:\/\/upconsultas.com.br\/blog\/brasil-atinge-a-menor-taxa-de-desocupacao-em-20-estados\/#article","isPartOf":{"@id":"https:\/\/upconsultas.com.br\/blog\/brasil-atinge-a-menor-taxa-de-desocupacao-em-20-estados\/"},"author":{"name":"UP Consultas Brasil","@id":"https:\/\/upconsultas.com.br\/blog\/#\/schema\/person\/7989e66c6d2f68e50be6c07a2d492e52"},"headline":"Brasil atinge a menor taxa de desocupa\u00e7\u00e3o em 20 estados","datePublished":"2026-02-20T12:39:06+00:00","dateModified":"2026-02-20T12:39:06+00:00","mainEntityOfPage":{"@id":"https:\/\/upconsultas.com.br\/blog\/brasil-atinge-a-menor-taxa-de-desocupacao-em-20-estados\/"},"wordCount":350,"commentCount":0,"publisher":{"@id":"https:\/\/upconsultas.com.br\/blog\/#organization"},"articleSection":["Economia"],"inLanguage":"pt-BR","potentialAction":[{"@type":"CommentAction","name":"Comment","target":["https:\/\/upconsultas.com.br\/blog\/brasil-atinge-a-menor-taxa-de-desocupacao-em-20-estados\/#respond"]}]},{"@type":"WebPage","@id":"https:\/\/upconsultas.com.br\/blog\/brasil-atinge-a-menor-taxa-de-desocupacao-em-20-estados\/","url":"https:\/\/upconsultas.com.br\/blog\/brasil-atinge-a-menor-taxa-de-desocupacao-em-20-estados\/","name":"Brasil atinge a menor taxa de desocupa\u00e7\u00e3o em 20 estados - UP Consultas","isPartOf":{"@id":"https:\/\/upconsultas.com.br\/blog\/#website"},"datePublished":"2026-02-20T12:39:06+00:00","dateModified":"2026-02-20T12:39:06+00:00","breadcrumb":{"@id":"https:\/\/upconsultas.com.br\/blog\/brasil-atinge-a-menor-taxa-de-desocupacao-em-20-estados\/#breadcrumb"},"inLanguage":"pt-BR","potentialAction":[{"@type":"ReadAction","target":["https:\/\/upconsultas.com.br\/blog\/brasil-atinge-a-menor-taxa-de-desocupacao-em-20-estados\/"]}]},{"@type":"BreadcrumbList","@id":"https:\/\/upconsultas.com.br\/blog\/brasil-atinge-a-menor-taxa-de-desocupacao-em-20-estados\/#breadcrumb","itemListElement":[{"@type":"ListItem","position":1,"name":"In\u00edcio","item":"https:\/\/upconsultas.com.br\/blog\/"},{"@type":"ListItem","position":2,"name":"Brasil atinge a menor taxa de desocupa\u00e7\u00e3o em 20 estados"}]},{"@type":"WebSite","@id":"https:\/\/upconsultas.com.br\/blog\/#website","url":"https:\/\/upconsultas.com.br\/blog\/","name":"UP Consultas","description":"Portal de consultas, CPF, CNPJ e Veiculos","publisher":{"@id":"https:\/\/upconsultas.com.br\/blog\/#organization"},"potentialAction":[{"@type":"SearchAction","target":{"@type":"EntryPoint","urlTemplate":"https:\/\/upconsultas.com.br\/blog\/?s={search_term_string}"},"query-input":"required name=search_term_string"}],"inLanguage":"pt-BR"},{"@type":"Organization","@id":"https:\/\/upconsultas.com.br\/blog\/#organization","name":"UP Consultas","url":"https:\/\/upconsultas.com.br\/blog\/","logo":{"@type":"ImageObject","inLanguage":"pt-BR","@id":"https:\/\/upconsultas.com.br\/blog\/#\/schema\/logo\/image\/","url":"https:\/\/upconsultas.com.br\/blog\/wp-content\/uploads\/2024\/09\/cropped-Azul_v3.png","contentUrl":"https:\/\/upconsultas.com.br\/blog\/wp-content\/uploads\/2024\/09\/cropped-Azul_v3.png","width":350,"height":199,"caption":"UP Consultas"},"image":{"@id":"https:\/\/upconsultas.com.br\/blog\/#\/schema\/logo\/image\/"}},{"@type":"Person","@id":"https:\/\/upconsultas.com.br\/blog\/#\/schema\/person\/7989e66c6d2f68e50be6c07a2d492e52","name":"UP Consultas Brasil","image":{"@type":"ImageObject","inLanguage":"pt-BR","@id":"https:\/\/upconsultas.com.br\/blog\/#\/schema\/person\/image\/","url":"https:\/\/secure.gravatar.com\/avatar\/02f760804f39d0748d6cafbf5ca3b6e9?s=96&d=mm&r=g","contentUrl":"https:\/\/secure.gravatar.com\/avatar\/02f760804f39d0748d6cafbf5ca3b6e9?s=96&d=mm&r=g","caption":"UP Consultas Brasil"},"sameAs":["http:\/\/blog.upconsultas.com.br"],"url":"https:\/\/upconsultas.com.br\/blog\/author\/pachecopauluciofgmail-com\/"}]}},"jetpack_sharing_enabled":true,"featured_image_urls":{"full":["https:\/\/upconsultas.com.br\/blog\/wp-content\/uploads\/2026\/02\/b2ap3_thumbnail_Trabalhador-em-linha-de-produo.jpg",480,319,false],"thumbnail":["https:\/\/upconsultas.com.br\/blog\/wp-content\/uploads\/2026\/02\/b2ap3_thumbnail_Trabalhador-em-linha-de-produo-150x150.jpg",150,150,true],"medium":["https:\/\/upconsultas.com.br\/blog\/wp-content\/uploads\/2026\/02\/b2ap3_thumbnail_Trabalhador-em-linha-de-produo-300x199.jpg",300,199,true],"medium_large":["https:\/\/upconsultas.com.br\/blog\/wp-content\/uploads\/2026\/02\/b2ap3_thumbnail_Trabalhador-em-linha-de-produo.jpg",480,319,false],"large":["https:\/\/upconsultas.com.br\/blog\/wp-content\/uploads\/2026\/02\/b2ap3_thumbnail_Trabalhador-em-linha-de-produo.jpg",480,319,false],"1536x1536":["https:\/\/upconsultas.com.br\/blog\/wp-content\/uploads\/2026\/02\/b2ap3_thumbnail_Trabalhador-em-linha-de-produo.jpg",480,319,false],"2048x2048":["https:\/\/upconsultas.com.br\/blog\/wp-content\/uploads\/2026\/02\/b2ap3_thumbnail_Trabalhador-em-linha-de-produo.jpg",480,319,false],"chromenews-featured":["https:\/\/upconsultas.com.br\/blog\/wp-content\/uploads\/2026\/02\/b2ap3_thumbnail_Trabalhador-em-linha-de-produo.jpg",480,319,false],"chromenews-large":["https:\/\/upconsultas.com.br\/blog\/wp-content\/uploads\/2026\/02\/b2ap3_thumbnail_Trabalhador-em-linha-de-produo.jpg",480,319,false],"chromenews-medium":["https:\/\/upconsultas.com.br\/blog\/wp-content\/uploads\/2026\/02\/b2ap3_thumbnail_Trabalhador-em-linha-de-produo.jpg",480,319,false]},"author_info":{"display_name":"UP Consultas Brasil","author_link":"https:\/\/upconsultas.com.br\/blog\/author\/pachecopauluciofgmail-com\/"},"category_info":"<a href=\"https:\/\/upconsultas.com.br\/blog\/categoria\/economia\/\" rel=\"category tag\">Economia<\/a>","tag_info":"Economia","comment_count":"0","jetpack_featured_media_url":"https:\/\/upconsultas.com.br\/blog\/wp-content\/uploads\/2026\/02\/b2ap3_thumbnail_Trabalhador-em-linha-de-produo.jpg","_links":{"self":[{"href":"https:\/\/upconsultas.com.br\/blog\/wp-json\/wp\/v2\/posts\/3952"}],"collection":[{"href":"https:\/\/upconsultas.com.br\/blog\/wp-json\/wp\/v2\/posts"}],"about":[{"href":"https:\/\/upconsultas.com.br\/blog\/wp-json\/wp\/v2\/types\/post"}],"author":[{"embeddable":true,"href":"https:\/\/upconsultas.com.br\/blog\/wp-json\/wp\/v2\/users\/1"}],"replies":[{"embeddable":true,"href":"https:\/\/upconsultas.com.br\/blog\/wp-json\/wp\/v2\/comments?post=3952"}],"version-history":[{"count":0,"href":"https:\/\/upconsultas.com.br\/blog\/wp-json\/wp\/v2\/posts\/3952\/revisions"}],"wp:featuredmedia":[{"embeddable":true,"href":"https:\/\/upconsultas.com.br\/blog\/wp-json\/wp\/v2\/media\/3953"}],"wp:attachment":[{"href":"https:\/\/upconsultas.com.br\/blog\/wp-json\/wp\/v2\/media?parent=3952"}],"wp:term":[{"taxonomy":"category","embeddable":true,"href":"https:\/\/upconsultas.com.br\/blog\/wp-json\/wp\/v2\/categories?post=3952"},{"taxonomy":"post_tag","embeddable":true,"href":"https:\/\/upconsultas.com.br\/blog\/wp-json\/wp\/v2\/tags?post=3952"}],"curies":[{"name":"wp","href":"https:\/\/api.w.org\/{rel}","templated":true}]}}