{"id":3954,"date":"2026-02-20T10:35:06","date_gmt":"2026-02-20T13:35:06","guid":{"rendered":"https:\/\/upconsultas.com.br\/blog\/juiz-confunde-condicao-facial-de-testemunha-com-riso\/"},"modified":"2026-02-20T10:35:06","modified_gmt":"2026-02-20T13:35:06","slug":"juiz-confunde-condicao-facial-de-testemunha-com-riso","status":"publish","type":"post","link":"https:\/\/upconsultas.com.br\/blog\/juiz-confunde-condicao-facial-de-testemunha-com-riso\/","title":{"rendered":"juiz confunde condi\u00e7\u00e3o facial de testemunha com riso"},"content":{"rendered":"<p><\/p>\n<div id=\"post-body\">\n<div id=\"conteudo-target\">\n<div class=\"separator\" style=\"clear: both; text-align: center;\"><a href=\"https:\/\/blogger.googleusercontent.com\/img\/b\/R29vZ2xl\/AVvXsEiEv3fRdYrNVQMviBeEcydckN-8quOc9cM9l-WjPIE7YtUs0Xu5ADn0_wX4iBMGoSBc-bePL3X1hFd7Yj_vneQNckweibR1JgnSDV7nbf1HPWmJlkFcx2vtdibgQaLQBU_Oct3EBDcA-dxZY71IxnBpuLgR6_8zklG2dtmoBB_pX56ZxxMZQHizloQiJgM\/s920\/ta-rindo-que-juiz-confunde-condicao-facial-testemunha-riso.webp\" style=\"margin-left: 1em; margin-right: 1em;\"><\/a><\/div>\n<p>Via <b><a href=\"https:\/\/www.instagram.com\/portalmigalhas\/\" target=\"_blank\" rel=\"noopener\">@portalmigalhas<\/a><\/b> |\u00a0O juiz de Direito <b>Cristiano Cesar Ceolin<\/b>, da 1\u00aa vara de Mairipor\u00e3\/SP, repreendeu uma testemunha durante audi\u00eancia criminal por videoconfer\u00eancia ao confundir uma deformidade facial, que impede o fechamento completo da boca, com uma risada.<\/p>\n<p>O\u00a0fato ocorreu em 2024 e somente agora foi tornada p\u00fablica.<\/p>\n<p>Ap\u00f3s fazer sucessivas perguntas para confirmar se a depoente o escutava, o magistrado questionou:<\/p>\n<p><b>\u201cT\u00e1 dando risada por qu\u00ea? Tem alguma coisa de engra\u00e7ada aqui? A senhora est\u00e1 achando gra\u00e7a de alguma coisa?\u201d<\/b><\/p>\n<p>Em seguida, voltou a indagar:<\/p>\n<p><b>\u201cT\u00e1 dando risada por qu\u00ea? Tem alguma coisa de engra\u00e7ado?\u201d<\/b><\/p>\n<p>Segundo o Estad\u00e3o, o laudo apresentado pela defesa apontou que <b>F\u00e1tima Francisca do Ros\u00e1rio<\/b>, 61 anos, empregada dom\u00e9stica, tem biprotrus\u00e3o maxilar, condi\u00e7\u00e3o que projeta os l\u00e1bios e pode dar apar\u00eancia de sorriso mesmo em repouso.<\/p>\n<p><b>\u201cAs arcadas dentarias tanto superior quanto inferior se encontram avan\u00e7adas, al\u00e9m disso a paciente apresenta oclus\u00e3o classe 3, o que em conjunto com a deformidade impede um correto fechamento da boca fazendo com que a paciente n\u00e3o apresente fechamento labial&#8221;<\/b>, diz o laudo.<\/p>\n<p>Veja o momento:<\/p>\n<p><iframe allowfullscreen=\"allowfullscreen\" class=\"b-hbp-video b-uploaded\" frameborder=\"0\" height=\"360\" id=\"BLOGGER-video-a6ae9995bcfac127-9100\" mozallowfullscreen=\"mozallowfullscreen\" src=\"https:\/\/www.blogger.com\/video.g?token=AD6v5dyxAxgG36-A6AmHGTC_Wi-GdQL5LjbNJiXNUNPfPeJAZn9bFXs-wMfRAf281oHYVPEo26HOMBkxhlTtM5AwSrQCW8j-whC_tontPFtktVYa78vixTSwrHzzI8Q2CQe3NOVv5E8\" webkitallowfullscreen=\"webkitallowfullscreen\" width=\"640\"><\/iframe><\/p>\n<h2 style=\"text-align: left;\">Entenda<\/h2>\n<p>Segundo o portal, F\u00e1tima foi ouvida como testemunha em um processo que discute a interdi\u00e7\u00e3o de bens de Ondina, de 94 anos.<\/p>\n<p>A a\u00e7\u00e3o foi movida por um sobrinho-neto, que questiona a validade da venda e da doa\u00e7\u00e3o de im\u00f3veis feita pela idosa a um terceiro, sob a alega\u00e7\u00e3o de que ela estaria confusa mentalmente e com lapsos de mem\u00f3ria.<\/p>\n<p>No depoimento, a testemunha afirmou que viu Ondina conversando normalmente sobre o pr\u00f3prio patrim\u00f4nio.<\/p>\n<p>Relatou que trabalhou como funcion\u00e1ria na resid\u00eancia da idosa e acompanhou sua rotina antes do diagn\u00f3stico de Alzheimer, sustentando que, \u00e0 \u00e9poca, ela demonstrava lucidez.<\/p>\n<p>Segundo O Globo, ap\u00f3s embates na audi\u00eancia, o juiz afirmou que F\u00e1tima teria faltado com a verdade e determinou of\u00edcio \u00e0 Pol\u00edcia Civil para apurar poss\u00edvel falso testemunho.<\/p>\n<p>O MP pediu o arquivamento da investiga\u00e7\u00e3o em 8 de janeiro, e o magistrado concordou e arquivou o inqu\u00e9rito. A defesa pediu a suspei\u00e7\u00e3o do juiz, alegando animosidade, ju\u00edzo pr\u00e9vio sobre o depoimento e falta de imparcialidade, al\u00e9m de afirmar que F\u00e1tima, idosa e empregada dom\u00e9stica, foi ao f\u00f3rum para depor por videoconfer\u00eancia por n\u00e3o ter internet.<\/p>\n<p>Em nota, o TJ\/SP informou que n\u00e3o houve reclama\u00e7\u00e3o formal e que eventual suspei\u00e7\u00e3o deve ser arguida pelas partes no processo.<\/p>\n<p><b>&#8220;O Tribunal de Justi\u00e7a de S\u00e3o Paulo informa que n\u00e3o houve formaliza\u00e7\u00e3o de reclama\u00e7\u00e3o sobre o caso por eventuais interessados perante a Corregedoria-Geral da Justi\u00e7a. Quanto \u00e0 hip\u00f3tese de suspei\u00e7\u00e3o do magistrado, o TJSP n\u00e3o se manifesta sobre mat\u00e9ria de natureza jurisdicional, que poder\u00e1, se for o caso, ser suscitada pelas partes e apreciada nos autos, por meio dos instrumentos processuais cab\u00edveis.&#8221;<\/b><\/p>\n<p>Fonte: <b><a href=\"\" target=\"_blank\" rel=\"noopener\"><\/a><\/b><\/p>\n<\/div>\n<\/div>\n<p><script async src=\"\/\/www.instagram.com\/embed.js\"><\/script><\/p>\n","protected":false},"excerpt":{"rendered":"<p>Via @portalmigalhas |\u00a0O juiz de Direito Cristiano Cesar Ceolin, da 1\u00aa vara de Mairipor\u00e3\/SP, repreendeu<\/p>\n","protected":false},"author":1,"featured_media":3955,"comment_status":"open","ping_status":"open","sticky":false,"template":"","format":"standard","meta":{"footnotes":""},"categories":[315],"tags":[1956,3551,1900,499,3552,570],"yoast_head":"<!-- This site is optimized with the Yoast SEO plugin v20.1 - https:\/\/yoast.com\/wordpress\/plugins\/seo\/ -->\n<title>juiz confunde condi\u00e7\u00e3o facial de testemunha com riso - UP Consultas<\/title>\n<meta name=\"robots\" content=\"index, follow, max-snippet:-1, max-image-preview:large, max-video-preview:-1\" \/>\n<link rel=\"canonical\" href=\"https:\/\/upconsultas.com.br\/blog\/juiz-confunde-condicao-facial-de-testemunha-com-riso\/\" \/>\n<meta property=\"og:locale\" content=\"pt_BR\" \/>\n<meta property=\"og:type\" content=\"article\" \/>\n<meta property=\"og:title\" content=\"juiz confunde condi\u00e7\u00e3o facial de testemunha com riso - UP Consultas\" \/>\n<meta property=\"og:description\" content=\"Via @portalmigalhas |\u00a0O juiz de Direito Cristiano Cesar Ceolin, da 1\u00aa vara de Mairipor\u00e3\/SP, repreendeu\" \/>\n<meta property=\"og:url\" content=\"https:\/\/upconsultas.com.br\/blog\/juiz-confunde-condicao-facial-de-testemunha-com-riso\/\" \/>\n<meta property=\"og:site_name\" content=\"UP Consultas\" \/>\n<meta property=\"article:published_time\" content=\"2026-02-20T13:35:06+00:00\" \/>\n<meta property=\"og:image\" content=\"https:\/\/blogger.googleusercontent.com\/img\/b\/R29vZ2xl\/AVvXsEiEv3fRdYrNVQMviBeEcydckN-8quOc9cM9l-WjPIE7YtUs0Xu5ADn0_wX4iBMGoSBc-bePL3X1hFd7Yj_vneQNckweibR1JgnSDV7nbf1HPWmJlkFcx2vtdibgQaLQBU_Oct3EBDcA-dxZY71IxnBpuLgR6_8zklG2dtmoBB_pX56ZxxMZQHizloQiJgM\/s16000-rw\/ta-rindo-que-juiz-confunde-condicao-facial-testemunha-riso.webp\" \/>\n<meta name=\"author\" content=\"UP Consultas Brasil\" \/>\n<meta name=\"twitter:card\" content=\"summary_large_image\" \/>\n<meta name=\"twitter:label1\" content=\"Escrito por\" \/>\n\t<meta name=\"twitter:data1\" content=\"UP Consultas Brasil\" \/>\n\t<meta name=\"twitter:label2\" content=\"Est. tempo de leitura\" \/>\n\t<meta name=\"twitter:data2\" content=\"3 minutos\" \/>\n<script type=\"application\/ld+json\" class=\"yoast-schema-graph\">{\"@context\":\"https:\/\/schema.org\",\"@graph\":[{\"@type\":\"Article\",\"@id\":\"https:\/\/upconsultas.com.br\/blog\/juiz-confunde-condicao-facial-de-testemunha-com-riso\/#article\",\"isPartOf\":{\"@id\":\"https:\/\/upconsultas.com.br\/blog\/juiz-confunde-condicao-facial-de-testemunha-com-riso\/\"},\"author\":{\"name\":\"UP Consultas Brasil\",\"@id\":\"https:\/\/upconsultas.com.br\/blog\/#\/schema\/person\/7989e66c6d2f68e50be6c07a2d492e52\"},\"headline\":\"juiz confunde condi\u00e7\u00e3o facial de testemunha com riso\",\"datePublished\":\"2026-02-20T13:35:06+00:00\",\"dateModified\":\"2026-02-20T13:35:06+00:00\",\"mainEntityOfPage\":{\"@id\":\"https:\/\/upconsultas.com.br\/blog\/juiz-confunde-condicao-facial-de-testemunha-com-riso\/\"},\"wordCount\":510,\"commentCount\":0,\"publisher\":{\"@id\":\"https:\/\/upconsultas.com.br\/blog\/#organization\"},\"keywords\":[\"condi\u00e7\u00e3o\",\"confunde\",\"facial\",\"Juiz\",\"riso\",\"testemunha\"],\"articleSection\":[\"Advocacia\"],\"inLanguage\":\"pt-BR\",\"potentialAction\":[{\"@type\":\"CommentAction\",\"name\":\"Comment\",\"target\":[\"https:\/\/upconsultas.com.br\/blog\/juiz-confunde-condicao-facial-de-testemunha-com-riso\/#respond\"]}]},{\"@type\":\"WebPage\",\"@id\":\"https:\/\/upconsultas.com.br\/blog\/juiz-confunde-condicao-facial-de-testemunha-com-riso\/\",\"url\":\"https:\/\/upconsultas.com.br\/blog\/juiz-confunde-condicao-facial-de-testemunha-com-riso\/\",\"name\":\"juiz confunde condi\u00e7\u00e3o facial de testemunha com riso - UP Consultas\",\"isPartOf\":{\"@id\":\"https:\/\/upconsultas.com.br\/blog\/#website\"},\"datePublished\":\"2026-02-20T13:35:06+00:00\",\"dateModified\":\"2026-02-20T13:35:06+00:00\",\"breadcrumb\":{\"@id\":\"https:\/\/upconsultas.com.br\/blog\/juiz-confunde-condicao-facial-de-testemunha-com-riso\/#breadcrumb\"},\"inLanguage\":\"pt-BR\",\"potentialAction\":[{\"@type\":\"ReadAction\",\"target\":[\"https:\/\/upconsultas.com.br\/blog\/juiz-confunde-condicao-facial-de-testemunha-com-riso\/\"]}]},{\"@type\":\"BreadcrumbList\",\"@id\":\"https:\/\/upconsultas.com.br\/blog\/juiz-confunde-condicao-facial-de-testemunha-com-riso\/#breadcrumb\",\"itemListElement\":[{\"@type\":\"ListItem\",\"position\":1,\"name\":\"In\u00edcio\",\"item\":\"https:\/\/upconsultas.com.br\/blog\/\"},{\"@type\":\"ListItem\",\"position\":2,\"name\":\"juiz confunde condi\u00e7\u00e3o facial de testemunha com riso\"}]},{\"@type\":\"WebSite\",\"@id\":\"https:\/\/upconsultas.com.br\/blog\/#website\",\"url\":\"https:\/\/upconsultas.com.br\/blog\/\",\"name\":\"UP Consultas\",\"description\":\"Portal de consultas, CPF, CNPJ e Veiculos\",\"publisher\":{\"@id\":\"https:\/\/upconsultas.com.br\/blog\/#organization\"},\"potentialAction\":[{\"@type\":\"SearchAction\",\"target\":{\"@type\":\"EntryPoint\",\"urlTemplate\":\"https:\/\/upconsultas.com.br\/blog\/?s={search_term_string}\"},\"query-input\":\"required name=search_term_string\"}],\"inLanguage\":\"pt-BR\"},{\"@type\":\"Organization\",\"@id\":\"https:\/\/upconsultas.com.br\/blog\/#organization\",\"name\":\"UP Consultas\",\"url\":\"https:\/\/upconsultas.com.br\/blog\/\",\"logo\":{\"@type\":\"ImageObject\",\"inLanguage\":\"pt-BR\",\"@id\":\"https:\/\/upconsultas.com.br\/blog\/#\/schema\/logo\/image\/\",\"url\":\"https:\/\/upconsultas.com.br\/blog\/wp-content\/uploads\/2024\/09\/cropped-Azul_v3.png\",\"contentUrl\":\"https:\/\/upconsultas.com.br\/blog\/wp-content\/uploads\/2024\/09\/cropped-Azul_v3.png\",\"width\":350,\"height\":199,\"caption\":\"UP Consultas\"},\"image\":{\"@id\":\"https:\/\/upconsultas.com.br\/blog\/#\/schema\/logo\/image\/\"}},{\"@type\":\"Person\",\"@id\":\"https:\/\/upconsultas.com.br\/blog\/#\/schema\/person\/7989e66c6d2f68e50be6c07a2d492e52\",\"name\":\"UP Consultas Brasil\",\"image\":{\"@type\":\"ImageObject\",\"inLanguage\":\"pt-BR\",\"@id\":\"https:\/\/upconsultas.com.br\/blog\/#\/schema\/person\/image\/\",\"url\":\"https:\/\/secure.gravatar.com\/avatar\/02f760804f39d0748d6cafbf5ca3b6e9?s=96&d=mm&r=g\",\"contentUrl\":\"https:\/\/secure.gravatar.com\/avatar\/02f760804f39d0748d6cafbf5ca3b6e9?s=96&d=mm&r=g\",\"caption\":\"UP Consultas Brasil\"},\"sameAs\":[\"http:\/\/blog.upconsultas.com.br\"],\"url\":\"https:\/\/upconsultas.com.br\/blog\/author\/pachecopauluciofgmail-com\/\"}]}<\/script>\n<!-- \/ Yoast SEO plugin. -->","yoast_head_json":{"title":"juiz confunde condi\u00e7\u00e3o facial de testemunha com riso - UP Consultas","robots":{"index":"index","follow":"follow","max-snippet":"max-snippet:-1","max-image-preview":"max-image-preview:large","max-video-preview":"max-video-preview:-1"},"canonical":"https:\/\/upconsultas.com.br\/blog\/juiz-confunde-condicao-facial-de-testemunha-com-riso\/","og_locale":"pt_BR","og_type":"article","og_title":"juiz confunde condi\u00e7\u00e3o facial de testemunha com riso - UP Consultas","og_description":"Via @portalmigalhas |\u00a0O juiz de Direito Cristiano Cesar Ceolin, da 1\u00aa vara de Mairipor\u00e3\/SP, repreendeu","og_url":"https:\/\/upconsultas.com.br\/blog\/juiz-confunde-condicao-facial-de-testemunha-com-riso\/","og_site_name":"UP Consultas","article_published_time":"2026-02-20T13:35:06+00:00","og_image":[{"url":"https:\/\/blogger.googleusercontent.com\/img\/b\/R29vZ2xl\/AVvXsEiEv3fRdYrNVQMviBeEcydckN-8quOc9cM9l-WjPIE7YtUs0Xu5ADn0_wX4iBMGoSBc-bePL3X1hFd7Yj_vneQNckweibR1JgnSDV7nbf1HPWmJlkFcx2vtdibgQaLQBU_Oct3EBDcA-dxZY71IxnBpuLgR6_8zklG2dtmoBB_pX56ZxxMZQHizloQiJgM\/s16000-rw\/ta-rindo-que-juiz-confunde-condicao-facial-testemunha-riso.webp"}],"author":"UP Consultas Brasil","twitter_card":"summary_large_image","twitter_misc":{"Escrito por":"UP Consultas Brasil","Est. tempo de leitura":"3 minutos"},"schema":{"@context":"https:\/\/schema.org","@graph":[{"@type":"Article","@id":"https:\/\/upconsultas.com.br\/blog\/juiz-confunde-condicao-facial-de-testemunha-com-riso\/#article","isPartOf":{"@id":"https:\/\/upconsultas.com.br\/blog\/juiz-confunde-condicao-facial-de-testemunha-com-riso\/"},"author":{"name":"UP Consultas Brasil","@id":"https:\/\/upconsultas.com.br\/blog\/#\/schema\/person\/7989e66c6d2f68e50be6c07a2d492e52"},"headline":"juiz confunde condi\u00e7\u00e3o facial de testemunha com riso","datePublished":"2026-02-20T13:35:06+00:00","dateModified":"2026-02-20T13:35:06+00:00","mainEntityOfPage":{"@id":"https:\/\/upconsultas.com.br\/blog\/juiz-confunde-condicao-facial-de-testemunha-com-riso\/"},"wordCount":510,"commentCount":0,"publisher":{"@id":"https:\/\/upconsultas.com.br\/blog\/#organization"},"keywords":["condi\u00e7\u00e3o","confunde","facial","Juiz","riso","testemunha"],"articleSection":["Advocacia"],"inLanguage":"pt-BR","potentialAction":[{"@type":"CommentAction","name":"Comment","target":["https:\/\/upconsultas.com.br\/blog\/juiz-confunde-condicao-facial-de-testemunha-com-riso\/#respond"]}]},{"@type":"WebPage","@id":"https:\/\/upconsultas.com.br\/blog\/juiz-confunde-condicao-facial-de-testemunha-com-riso\/","url":"https:\/\/upconsultas.com.br\/blog\/juiz-confunde-condicao-facial-de-testemunha-com-riso\/","name":"juiz confunde condi\u00e7\u00e3o facial de testemunha com riso - UP Consultas","isPartOf":{"@id":"https:\/\/upconsultas.com.br\/blog\/#website"},"datePublished":"2026-02-20T13:35:06+00:00","dateModified":"2026-02-20T13:35:06+00:00","breadcrumb":{"@id":"https:\/\/upconsultas.com.br\/blog\/juiz-confunde-condicao-facial-de-testemunha-com-riso\/#breadcrumb"},"inLanguage":"pt-BR","potentialAction":[{"@type":"ReadAction","target":["https:\/\/upconsultas.com.br\/blog\/juiz-confunde-condicao-facial-de-testemunha-com-riso\/"]}]},{"@type":"BreadcrumbList","@id":"https:\/\/upconsultas.com.br\/blog\/juiz-confunde-condicao-facial-de-testemunha-com-riso\/#breadcrumb","itemListElement":[{"@type":"ListItem","position":1,"name":"In\u00edcio","item":"https:\/\/upconsultas.com.br\/blog\/"},{"@type":"ListItem","position":2,"name":"juiz confunde condi\u00e7\u00e3o facial de testemunha com riso"}]},{"@type":"WebSite","@id":"https:\/\/upconsultas.com.br\/blog\/#website","url":"https:\/\/upconsultas.com.br\/blog\/","name":"UP Consultas","description":"Portal de consultas, CPF, CNPJ e Veiculos","publisher":{"@id":"https:\/\/upconsultas.com.br\/blog\/#organization"},"potentialAction":[{"@type":"SearchAction","target":{"@type":"EntryPoint","urlTemplate":"https:\/\/upconsultas.com.br\/blog\/?s={search_term_string}"},"query-input":"required name=search_term_string"}],"inLanguage":"pt-BR"},{"@type":"Organization","@id":"https:\/\/upconsultas.com.br\/blog\/#organization","name":"UP Consultas","url":"https:\/\/upconsultas.com.br\/blog\/","logo":{"@type":"ImageObject","inLanguage":"pt-BR","@id":"https:\/\/upconsultas.com.br\/blog\/#\/schema\/logo\/image\/","url":"https:\/\/upconsultas.com.br\/blog\/wp-content\/uploads\/2024\/09\/cropped-Azul_v3.png","contentUrl":"https:\/\/upconsultas.com.br\/blog\/wp-content\/uploads\/2024\/09\/cropped-Azul_v3.png","width":350,"height":199,"caption":"UP Consultas"},"image":{"@id":"https:\/\/upconsultas.com.br\/blog\/#\/schema\/logo\/image\/"}},{"@type":"Person","@id":"https:\/\/upconsultas.com.br\/blog\/#\/schema\/person\/7989e66c6d2f68e50be6c07a2d492e52","name":"UP Consultas Brasil","image":{"@type":"ImageObject","inLanguage":"pt-BR","@id":"https:\/\/upconsultas.com.br\/blog\/#\/schema\/person\/image\/","url":"https:\/\/secure.gravatar.com\/avatar\/02f760804f39d0748d6cafbf5ca3b6e9?s=96&d=mm&r=g","contentUrl":"https:\/\/secure.gravatar.com\/avatar\/02f760804f39d0748d6cafbf5ca3b6e9?s=96&d=mm&r=g","caption":"UP Consultas Brasil"},"sameAs":["http:\/\/blog.upconsultas.com.br"],"url":"https:\/\/upconsultas.com.br\/blog\/author\/pachecopauluciofgmail-com\/"}]}},"jetpack_sharing_enabled":true,"featured_image_urls":{"full":["https:\/\/upconsultas.com.br\/blog\/wp-content\/uploads\/2026\/02\/ta-rindo-que-juiz-confunde-condicao-facial-testemunha-riso.webp.jpeg",920,518,false],"thumbnail":["https:\/\/upconsultas.com.br\/blog\/wp-content\/uploads\/2026\/02\/ta-rindo-que-juiz-confunde-condicao-facial-testemunha-riso.webp-150x150.jpeg",150,150,true],"medium":["https:\/\/upconsultas.com.br\/blog\/wp-content\/uploads\/2026\/02\/ta-rindo-que-juiz-confunde-condicao-facial-testemunha-riso.webp-300x169.jpeg",300,169,true],"medium_large":["https:\/\/upconsultas.com.br\/blog\/wp-content\/uploads\/2026\/02\/ta-rindo-que-juiz-confunde-condicao-facial-testemunha-riso.webp-768x432.jpeg",640,360,true],"large":["https:\/\/upconsultas.com.br\/blog\/wp-content\/uploads\/2026\/02\/ta-rindo-que-juiz-confunde-condicao-facial-testemunha-riso.webp.jpeg",640,360,false],"1536x1536":["https:\/\/upconsultas.com.br\/blog\/wp-content\/uploads\/2026\/02\/ta-rindo-que-juiz-confunde-condicao-facial-testemunha-riso.webp.jpeg",920,518,false],"2048x2048":["https:\/\/upconsultas.com.br\/blog\/wp-content\/uploads\/2026\/02\/ta-rindo-que-juiz-confunde-condicao-facial-testemunha-riso.webp.jpeg",920,518,false],"chromenews-featured":["https:\/\/upconsultas.com.br\/blog\/wp-content\/uploads\/2026\/02\/ta-rindo-que-juiz-confunde-condicao-facial-testemunha-riso.webp.jpeg",920,518,false],"chromenews-large":["https:\/\/upconsultas.com.br\/blog\/wp-content\/uploads\/2026\/02\/ta-rindo-que-juiz-confunde-condicao-facial-testemunha-riso.webp-825x518.jpeg",825,518,true],"chromenews-medium":["https:\/\/upconsultas.com.br\/blog\/wp-content\/uploads\/2026\/02\/ta-rindo-que-juiz-confunde-condicao-facial-testemunha-riso.webp-590x410.jpeg",590,410,true]},"author_info":{"display_name":"UP Consultas Brasil","author_link":"https:\/\/upconsultas.com.br\/blog\/author\/pachecopauluciofgmail-com\/"},"category_info":"<a href=\"https:\/\/upconsultas.com.br\/blog\/categoria\/advocacia\/\" rel=\"category tag\">Advocacia<\/a>","tag_info":"Advocacia","comment_count":"0","jetpack_featured_media_url":"https:\/\/upconsultas.com.br\/blog\/wp-content\/uploads\/2026\/02\/ta-rindo-que-juiz-confunde-condicao-facial-testemunha-riso.webp.jpeg","_links":{"self":[{"href":"https:\/\/upconsultas.com.br\/blog\/wp-json\/wp\/v2\/posts\/3954"}],"collection":[{"href":"https:\/\/upconsultas.com.br\/blog\/wp-json\/wp\/v2\/posts"}],"about":[{"href":"https:\/\/upconsultas.com.br\/blog\/wp-json\/wp\/v2\/types\/post"}],"author":[{"embeddable":true,"href":"https:\/\/upconsultas.com.br\/blog\/wp-json\/wp\/v2\/users\/1"}],"replies":[{"embeddable":true,"href":"https:\/\/upconsultas.com.br\/blog\/wp-json\/wp\/v2\/comments?post=3954"}],"version-history":[{"count":0,"href":"https:\/\/upconsultas.com.br\/blog\/wp-json\/wp\/v2\/posts\/3954\/revisions"}],"wp:featuredmedia":[{"embeddable":true,"href":"https:\/\/upconsultas.com.br\/blog\/wp-json\/wp\/v2\/media\/3955"}],"wp:attachment":[{"href":"https:\/\/upconsultas.com.br\/blog\/wp-json\/wp\/v2\/media?parent=3954"}],"wp:term":[{"taxonomy":"category","embeddable":true,"href":"https:\/\/upconsultas.com.br\/blog\/wp-json\/wp\/v2\/categories?post=3954"},{"taxonomy":"post_tag","embeddable":true,"href":"https:\/\/upconsultas.com.br\/blog\/wp-json\/wp\/v2\/tags?post=3954"}],"curies":[{"name":"wp","href":"https:\/\/api.w.org\/{rel}","templated":true}]}}