{"id":3960,"date":"2026-02-20T11:41:05","date_gmt":"2026-02-20T14:41:05","guid":{"rendered":"https:\/\/upconsultas.com.br\/blog\/industria-gaucha-marca-sexto-mes-consecutivo-de-queda-de-exportacao-para-os-eua\/"},"modified":"2026-02-20T11:41:05","modified_gmt":"2026-02-20T14:41:05","slug":"industria-gaucha-marca-sexto-mes-consecutivo-de-queda-de-exportacao-para-os-eua","status":"publish","type":"post","link":"https:\/\/upconsultas.com.br\/blog\/industria-gaucha-marca-sexto-mes-consecutivo-de-queda-de-exportacao-para-os-eua\/","title":{"rendered":"Ind\u00fastria ga\u00facha marca sexto m\u00eas consecutivo de queda de exporta\u00e7\u00e3o para os EUA"},"content":{"rendered":"<p><\/p>\n<div data-type=\"image\" style=\"text-align: center;\">\n<div class=\"eb-image style-clear\">\n<div class=\"eb-image-figure is-responsive\">\n<p>\t\t\t\t\t<a class=\"eb-image-viewport\"><br \/>\n\t\t\t\t\t<br \/>\n\t\t<\/a>\n\t<\/div>\n<p>\n\t\t\t<span>O setor industrial segue fortemente afetado pelas tarifas, especialmente no Rio Grande do Sul, que possui perfil exportador<\/span>\n\t\t<\/p>\n<\/p><\/div>\n<\/div>\n<div data-type=\"text\" style=\"font-family: Arial;\">\n<p><span>O sexto m\u00eas ap\u00f3s a imposi\u00e7\u00e3o de tarifas adicionais de importa\u00e7\u00e3o pelos Estados Unidos sobre produtos brasileiros foi marcado por uma queda de 39,5% nas exporta\u00e7\u00f5es da ind\u00fastria do Rio Grande do Sul para os EUA. De acordo com o levantamento do Sistema Fiergs, divulgada na quinta-feira (19), os embarques de janeiro totalizaram US$ 85,5 milh\u00f5es, o que representa uma redu\u00e7\u00e3o de US$ 56 milh\u00f5es na compara\u00e7\u00e3o com janeiro de 2025. Trata-se da sexta retra\u00e7\u00e3o interanual consecutiva. No acumulado desses seis meses, as exporta\u00e7\u00f5es para os EUA somaram US$ 583,6 milh\u00f5es. O valor \u00e9 US$ 347,7 milh\u00f5es inferior ao registrado nos seis meses equivalentes de 2025, o que corresponde a uma queda de 37,3%.<\/span><\/p>\n<p>Para o presidente do Sistema Fiergs, Claudio Bier, a manuten\u00e7\u00e3o das tarifas tem impacto direto sobre a produ\u00e7\u00e3o, os investimentos e a gera\u00e7\u00e3o de emprego e renda. &#8220;Precisamos retomar as negocia\u00e7\u00f5es bilaterais com os Estados Unidos para minimizar ou eliminar os efeitos das taxa\u00e7\u00f5es. O setor industrial segue fortemente afetado, especialmente no Rio Grande do Sul, que possui perfil exportador. H\u00e1 empresas muito comprometidas&#8221;, avaliou. A federa\u00e7\u00e3o encaminhou cartas ao vice-presidente e ministro do Desenvolvimento, Ind\u00fastria, Com\u00e9rcio e Servi\u00e7os, Geraldo Alckmin, e ao presidente da Confedera\u00e7\u00e3o Nacional da Ind\u00fastria (CNI), Ricardo Alban, refor\u00e7ando a necessidade de concentrar esfor\u00e7os na pauta.<\/p>\n<p>Entre os segmentos exportadores, o que mais embarcou para os Estados Unidos em janeiro foi o de m\u00e1quinas e materiais el\u00e9tricos, que somou US$ 19,5 milh\u00f5es. Apesar de liderar, o setor registrou queda de US$ 5,9 milh\u00f5es, equivalente a 23,1%, em rela\u00e7\u00e3o ao mesmo m\u00eas de 2025. Na sequ\u00eancia aparece o segmento de alimentos, com US$ 10,1 milh\u00f5es exportados, resultado US$ 5 milh\u00f5es inferior ao do ano anterior, uma retra\u00e7\u00e3o de 33,3%.<\/p>\n<\/div>\n<p><script>\n!function(f,b,e,v,n,t,s)\n{if(f.fbq)return;n=f.fbq=function(){n.callMethod?\nn.callMethod.apply(n,arguments):n.queue.push(arguments)};\nif(!f._fbq)f._fbq=n;n.push=n;n.loaded=!0;n.version='2.0';\nn.queue=[];t=b.createElement(e);t.async=!0;\nt.src=v;s=b.getElementsByTagName(e)[0];\ns.parentNode.insertBefore(t,s)}(window, document,'script',\n'\nfbq('init', '1119915896000160');\nfbq('track', 'PageView');\n<\/script><br \/>\n<br \/><a href=\"https:\/\/amanha.com.br\/categoria\/sul-for-export\/industria-gaucha-marca-sexto-mes-consecutivo-de-queda-de-exportacao-para-os-eua\">Fonte do artigo <\/a><\/p>\n","protected":false},"excerpt":{"rendered":"<p>O setor industrial segue fortemente afetado pelas tarifas, especialmente no Rio Grande do Sul, que<\/p>\n","protected":false},"author":1,"featured_media":3961,"comment_status":"open","ping_status":"open","sticky":false,"template":"","format":"standard","meta":{"footnotes":""},"categories":[316],"tags":[],"yoast_head":"<!-- This site is optimized with the Yoast SEO plugin v20.1 - https:\/\/yoast.com\/wordpress\/plugins\/seo\/ -->\n<title>Ind\u00fastria ga\u00facha marca sexto m\u00eas consecutivo de queda de exporta\u00e7\u00e3o para os EUA - UP Consultas<\/title>\n<meta name=\"robots\" content=\"index, follow, max-snippet:-1, max-image-preview:large, max-video-preview:-1\" \/>\n<link rel=\"canonical\" href=\"https:\/\/upconsultas.com.br\/blog\/industria-gaucha-marca-sexto-mes-consecutivo-de-queda-de-exportacao-para-os-eua\/\" \/>\n<meta property=\"og:locale\" content=\"pt_BR\" \/>\n<meta property=\"og:type\" content=\"article\" \/>\n<meta property=\"og:title\" content=\"Ind\u00fastria ga\u00facha marca sexto m\u00eas consecutivo de queda de exporta\u00e7\u00e3o para os EUA - UP Consultas\" \/>\n<meta property=\"og:description\" content=\"O setor industrial segue fortemente afetado pelas tarifas, especialmente no Rio Grande do Sul, que\" \/>\n<meta property=\"og:url\" content=\"https:\/\/upconsultas.com.br\/blog\/industria-gaucha-marca-sexto-mes-consecutivo-de-queda-de-exportacao-para-os-eua\/\" \/>\n<meta property=\"og:site_name\" content=\"UP Consultas\" \/>\n<meta property=\"article:published_time\" content=\"2026-02-20T14:41:05+00:00\" \/>\n<meta property=\"og:image\" content=\"https:\/\/amanha.com.br\/images\/p\/21028\/Porto-do-Rio-Grande---Crdito-Portos-RS.jpg\" \/>\n<meta name=\"author\" content=\"UP Consultas Brasil\" \/>\n<meta name=\"twitter:card\" content=\"summary_large_image\" \/>\n<meta name=\"twitter:label1\" content=\"Escrito por\" \/>\n\t<meta name=\"twitter:data1\" content=\"UP Consultas Brasil\" \/>\n\t<meta name=\"twitter:label2\" content=\"Est. tempo de leitura\" \/>\n\t<meta name=\"twitter:data2\" content=\"2 minutos\" \/>\n<script type=\"application\/ld+json\" class=\"yoast-schema-graph\">{\"@context\":\"https:\/\/schema.org\",\"@graph\":[{\"@type\":\"Article\",\"@id\":\"https:\/\/upconsultas.com.br\/blog\/industria-gaucha-marca-sexto-mes-consecutivo-de-queda-de-exportacao-para-os-eua\/#article\",\"isPartOf\":{\"@id\":\"https:\/\/upconsultas.com.br\/blog\/industria-gaucha-marca-sexto-mes-consecutivo-de-queda-de-exportacao-para-os-eua\/\"},\"author\":{\"name\":\"UP Consultas Brasil\",\"@id\":\"https:\/\/upconsultas.com.br\/blog\/#\/schema\/person\/7989e66c6d2f68e50be6c07a2d492e52\"},\"headline\":\"Ind\u00fastria ga\u00facha marca sexto m\u00eas consecutivo de queda de exporta\u00e7\u00e3o para os EUA\",\"datePublished\":\"2026-02-20T14:41:05+00:00\",\"dateModified\":\"2026-02-20T14:41:05+00:00\",\"mainEntityOfPage\":{\"@id\":\"https:\/\/upconsultas.com.br\/blog\/industria-gaucha-marca-sexto-mes-consecutivo-de-queda-de-exportacao-para-os-eua\/\"},\"wordCount\":344,\"commentCount\":0,\"publisher\":{\"@id\":\"https:\/\/upconsultas.com.br\/blog\/#organization\"},\"articleSection\":[\"Economia\"],\"inLanguage\":\"pt-BR\",\"potentialAction\":[{\"@type\":\"CommentAction\",\"name\":\"Comment\",\"target\":[\"https:\/\/upconsultas.com.br\/blog\/industria-gaucha-marca-sexto-mes-consecutivo-de-queda-de-exportacao-para-os-eua\/#respond\"]}]},{\"@type\":\"WebPage\",\"@id\":\"https:\/\/upconsultas.com.br\/blog\/industria-gaucha-marca-sexto-mes-consecutivo-de-queda-de-exportacao-para-os-eua\/\",\"url\":\"https:\/\/upconsultas.com.br\/blog\/industria-gaucha-marca-sexto-mes-consecutivo-de-queda-de-exportacao-para-os-eua\/\",\"name\":\"Ind\u00fastria ga\u00facha marca sexto m\u00eas consecutivo de queda de exporta\u00e7\u00e3o para os EUA - UP Consultas\",\"isPartOf\":{\"@id\":\"https:\/\/upconsultas.com.br\/blog\/#website\"},\"datePublished\":\"2026-02-20T14:41:05+00:00\",\"dateModified\":\"2026-02-20T14:41:05+00:00\",\"breadcrumb\":{\"@id\":\"https:\/\/upconsultas.com.br\/blog\/industria-gaucha-marca-sexto-mes-consecutivo-de-queda-de-exportacao-para-os-eua\/#breadcrumb\"},\"inLanguage\":\"pt-BR\",\"potentialAction\":[{\"@type\":\"ReadAction\",\"target\":[\"https:\/\/upconsultas.com.br\/blog\/industria-gaucha-marca-sexto-mes-consecutivo-de-queda-de-exportacao-para-os-eua\/\"]}]},{\"@type\":\"BreadcrumbList\",\"@id\":\"https:\/\/upconsultas.com.br\/blog\/industria-gaucha-marca-sexto-mes-consecutivo-de-queda-de-exportacao-para-os-eua\/#breadcrumb\",\"itemListElement\":[{\"@type\":\"ListItem\",\"position\":1,\"name\":\"In\u00edcio\",\"item\":\"https:\/\/upconsultas.com.br\/blog\/\"},{\"@type\":\"ListItem\",\"position\":2,\"name\":\"Ind\u00fastria ga\u00facha marca sexto m\u00eas consecutivo de queda de exporta\u00e7\u00e3o para os EUA\"}]},{\"@type\":\"WebSite\",\"@id\":\"https:\/\/upconsultas.com.br\/blog\/#website\",\"url\":\"https:\/\/upconsultas.com.br\/blog\/\",\"name\":\"UP Consultas\",\"description\":\"Portal de consultas, CPF, CNPJ e Veiculos\",\"publisher\":{\"@id\":\"https:\/\/upconsultas.com.br\/blog\/#organization\"},\"potentialAction\":[{\"@type\":\"SearchAction\",\"target\":{\"@type\":\"EntryPoint\",\"urlTemplate\":\"https:\/\/upconsultas.com.br\/blog\/?s={search_term_string}\"},\"query-input\":\"required name=search_term_string\"}],\"inLanguage\":\"pt-BR\"},{\"@type\":\"Organization\",\"@id\":\"https:\/\/upconsultas.com.br\/blog\/#organization\",\"name\":\"UP Consultas\",\"url\":\"https:\/\/upconsultas.com.br\/blog\/\",\"logo\":{\"@type\":\"ImageObject\",\"inLanguage\":\"pt-BR\",\"@id\":\"https:\/\/upconsultas.com.br\/blog\/#\/schema\/logo\/image\/\",\"url\":\"https:\/\/upconsultas.com.br\/blog\/wp-content\/uploads\/2024\/09\/cropped-Azul_v3.png\",\"contentUrl\":\"https:\/\/upconsultas.com.br\/blog\/wp-content\/uploads\/2024\/09\/cropped-Azul_v3.png\",\"width\":350,\"height\":199,\"caption\":\"UP Consultas\"},\"image\":{\"@id\":\"https:\/\/upconsultas.com.br\/blog\/#\/schema\/logo\/image\/\"}},{\"@type\":\"Person\",\"@id\":\"https:\/\/upconsultas.com.br\/blog\/#\/schema\/person\/7989e66c6d2f68e50be6c07a2d492e52\",\"name\":\"UP Consultas Brasil\",\"image\":{\"@type\":\"ImageObject\",\"inLanguage\":\"pt-BR\",\"@id\":\"https:\/\/upconsultas.com.br\/blog\/#\/schema\/person\/image\/\",\"url\":\"https:\/\/secure.gravatar.com\/avatar\/02f760804f39d0748d6cafbf5ca3b6e9?s=96&d=mm&r=g\",\"contentUrl\":\"https:\/\/secure.gravatar.com\/avatar\/02f760804f39d0748d6cafbf5ca3b6e9?s=96&d=mm&r=g\",\"caption\":\"UP Consultas Brasil\"},\"sameAs\":[\"http:\/\/blog.upconsultas.com.br\"],\"url\":\"https:\/\/upconsultas.com.br\/blog\/author\/pachecopauluciofgmail-com\/\"}]}<\/script>\n<!-- \/ Yoast SEO plugin. -->","yoast_head_json":{"title":"Ind\u00fastria ga\u00facha marca sexto m\u00eas consecutivo de queda de exporta\u00e7\u00e3o para os EUA - UP Consultas","robots":{"index":"index","follow":"follow","max-snippet":"max-snippet:-1","max-image-preview":"max-image-preview:large","max-video-preview":"max-video-preview:-1"},"canonical":"https:\/\/upconsultas.com.br\/blog\/industria-gaucha-marca-sexto-mes-consecutivo-de-queda-de-exportacao-para-os-eua\/","og_locale":"pt_BR","og_type":"article","og_title":"Ind\u00fastria ga\u00facha marca sexto m\u00eas consecutivo de queda de exporta\u00e7\u00e3o para os EUA - UP Consultas","og_description":"O setor industrial segue fortemente afetado pelas tarifas, especialmente no Rio Grande do Sul, que","og_url":"https:\/\/upconsultas.com.br\/blog\/industria-gaucha-marca-sexto-mes-consecutivo-de-queda-de-exportacao-para-os-eua\/","og_site_name":"UP Consultas","article_published_time":"2026-02-20T14:41:05+00:00","og_image":[{"url":"https:\/\/amanha.com.br\/images\/p\/21028\/Porto-do-Rio-Grande---Crdito-Portos-RS.jpg"}],"author":"UP Consultas Brasil","twitter_card":"summary_large_image","twitter_misc":{"Escrito por":"UP Consultas Brasil","Est. tempo de leitura":"2 minutos"},"schema":{"@context":"https:\/\/schema.org","@graph":[{"@type":"Article","@id":"https:\/\/upconsultas.com.br\/blog\/industria-gaucha-marca-sexto-mes-consecutivo-de-queda-de-exportacao-para-os-eua\/#article","isPartOf":{"@id":"https:\/\/upconsultas.com.br\/blog\/industria-gaucha-marca-sexto-mes-consecutivo-de-queda-de-exportacao-para-os-eua\/"},"author":{"name":"UP Consultas Brasil","@id":"https:\/\/upconsultas.com.br\/blog\/#\/schema\/person\/7989e66c6d2f68e50be6c07a2d492e52"},"headline":"Ind\u00fastria ga\u00facha marca sexto m\u00eas consecutivo de queda de exporta\u00e7\u00e3o para os EUA","datePublished":"2026-02-20T14:41:05+00:00","dateModified":"2026-02-20T14:41:05+00:00","mainEntityOfPage":{"@id":"https:\/\/upconsultas.com.br\/blog\/industria-gaucha-marca-sexto-mes-consecutivo-de-queda-de-exportacao-para-os-eua\/"},"wordCount":344,"commentCount":0,"publisher":{"@id":"https:\/\/upconsultas.com.br\/blog\/#organization"},"articleSection":["Economia"],"inLanguage":"pt-BR","potentialAction":[{"@type":"CommentAction","name":"Comment","target":["https:\/\/upconsultas.com.br\/blog\/industria-gaucha-marca-sexto-mes-consecutivo-de-queda-de-exportacao-para-os-eua\/#respond"]}]},{"@type":"WebPage","@id":"https:\/\/upconsultas.com.br\/blog\/industria-gaucha-marca-sexto-mes-consecutivo-de-queda-de-exportacao-para-os-eua\/","url":"https:\/\/upconsultas.com.br\/blog\/industria-gaucha-marca-sexto-mes-consecutivo-de-queda-de-exportacao-para-os-eua\/","name":"Ind\u00fastria ga\u00facha marca sexto m\u00eas consecutivo de queda de exporta\u00e7\u00e3o para os EUA - UP Consultas","isPartOf":{"@id":"https:\/\/upconsultas.com.br\/blog\/#website"},"datePublished":"2026-02-20T14:41:05+00:00","dateModified":"2026-02-20T14:41:05+00:00","breadcrumb":{"@id":"https:\/\/upconsultas.com.br\/blog\/industria-gaucha-marca-sexto-mes-consecutivo-de-queda-de-exportacao-para-os-eua\/#breadcrumb"},"inLanguage":"pt-BR","potentialAction":[{"@type":"ReadAction","target":["https:\/\/upconsultas.com.br\/blog\/industria-gaucha-marca-sexto-mes-consecutivo-de-queda-de-exportacao-para-os-eua\/"]}]},{"@type":"BreadcrumbList","@id":"https:\/\/upconsultas.com.br\/blog\/industria-gaucha-marca-sexto-mes-consecutivo-de-queda-de-exportacao-para-os-eua\/#breadcrumb","itemListElement":[{"@type":"ListItem","position":1,"name":"In\u00edcio","item":"https:\/\/upconsultas.com.br\/blog\/"},{"@type":"ListItem","position":2,"name":"Ind\u00fastria ga\u00facha marca sexto m\u00eas consecutivo de queda de exporta\u00e7\u00e3o para os EUA"}]},{"@type":"WebSite","@id":"https:\/\/upconsultas.com.br\/blog\/#website","url":"https:\/\/upconsultas.com.br\/blog\/","name":"UP Consultas","description":"Portal de consultas, CPF, CNPJ e Veiculos","publisher":{"@id":"https:\/\/upconsultas.com.br\/blog\/#organization"},"potentialAction":[{"@type":"SearchAction","target":{"@type":"EntryPoint","urlTemplate":"https:\/\/upconsultas.com.br\/blog\/?s={search_term_string}"},"query-input":"required name=search_term_string"}],"inLanguage":"pt-BR"},{"@type":"Organization","@id":"https:\/\/upconsultas.com.br\/blog\/#organization","name":"UP Consultas","url":"https:\/\/upconsultas.com.br\/blog\/","logo":{"@type":"ImageObject","inLanguage":"pt-BR","@id":"https:\/\/upconsultas.com.br\/blog\/#\/schema\/logo\/image\/","url":"https:\/\/upconsultas.com.br\/blog\/wp-content\/uploads\/2024\/09\/cropped-Azul_v3.png","contentUrl":"https:\/\/upconsultas.com.br\/blog\/wp-content\/uploads\/2024\/09\/cropped-Azul_v3.png","width":350,"height":199,"caption":"UP Consultas"},"image":{"@id":"https:\/\/upconsultas.com.br\/blog\/#\/schema\/logo\/image\/"}},{"@type":"Person","@id":"https:\/\/upconsultas.com.br\/blog\/#\/schema\/person\/7989e66c6d2f68e50be6c07a2d492e52","name":"UP Consultas Brasil","image":{"@type":"ImageObject","inLanguage":"pt-BR","@id":"https:\/\/upconsultas.com.br\/blog\/#\/schema\/person\/image\/","url":"https:\/\/secure.gravatar.com\/avatar\/02f760804f39d0748d6cafbf5ca3b6e9?s=96&d=mm&r=g","contentUrl":"https:\/\/secure.gravatar.com\/avatar\/02f760804f39d0748d6cafbf5ca3b6e9?s=96&d=mm&r=g","caption":"UP Consultas Brasil"},"sameAs":["http:\/\/blog.upconsultas.com.br"],"url":"https:\/\/upconsultas.com.br\/blog\/author\/pachecopauluciofgmail-com\/"}]}},"jetpack_sharing_enabled":true,"featured_image_urls":{"full":["https:\/\/upconsultas.com.br\/blog\/wp-content\/uploads\/2026\/02\/b2ap3_thumbnail_Porto-do-Rio-Grande-Crdito-Portos-RS.jpg",480,270,false],"thumbnail":["https:\/\/upconsultas.com.br\/blog\/wp-content\/uploads\/2026\/02\/b2ap3_thumbnail_Porto-do-Rio-Grande-Crdito-Portos-RS-150x150.jpg",150,150,true],"medium":["https:\/\/upconsultas.com.br\/blog\/wp-content\/uploads\/2026\/02\/b2ap3_thumbnail_Porto-do-Rio-Grande-Crdito-Portos-RS-300x169.jpg",300,169,true],"medium_large":["https:\/\/upconsultas.com.br\/blog\/wp-content\/uploads\/2026\/02\/b2ap3_thumbnail_Porto-do-Rio-Grande-Crdito-Portos-RS.jpg",480,270,false],"large":["https:\/\/upconsultas.com.br\/blog\/wp-content\/uploads\/2026\/02\/b2ap3_thumbnail_Porto-do-Rio-Grande-Crdito-Portos-RS.jpg",480,270,false],"1536x1536":["https:\/\/upconsultas.com.br\/blog\/wp-content\/uploads\/2026\/02\/b2ap3_thumbnail_Porto-do-Rio-Grande-Crdito-Portos-RS.jpg",480,270,false],"2048x2048":["https:\/\/upconsultas.com.br\/blog\/wp-content\/uploads\/2026\/02\/b2ap3_thumbnail_Porto-do-Rio-Grande-Crdito-Portos-RS.jpg",480,270,false],"chromenews-featured":["https:\/\/upconsultas.com.br\/blog\/wp-content\/uploads\/2026\/02\/b2ap3_thumbnail_Porto-do-Rio-Grande-Crdito-Portos-RS.jpg",480,270,false],"chromenews-large":["https:\/\/upconsultas.com.br\/blog\/wp-content\/uploads\/2026\/02\/b2ap3_thumbnail_Porto-do-Rio-Grande-Crdito-Portos-RS.jpg",480,270,false],"chromenews-medium":["https:\/\/upconsultas.com.br\/blog\/wp-content\/uploads\/2026\/02\/b2ap3_thumbnail_Porto-do-Rio-Grande-Crdito-Portos-RS.jpg",480,270,false]},"author_info":{"display_name":"UP Consultas Brasil","author_link":"https:\/\/upconsultas.com.br\/blog\/author\/pachecopauluciofgmail-com\/"},"category_info":"<a href=\"https:\/\/upconsultas.com.br\/blog\/categoria\/economia\/\" rel=\"category tag\">Economia<\/a>","tag_info":"Economia","comment_count":"0","jetpack_featured_media_url":"https:\/\/upconsultas.com.br\/blog\/wp-content\/uploads\/2026\/02\/b2ap3_thumbnail_Porto-do-Rio-Grande-Crdito-Portos-RS.jpg","_links":{"self":[{"href":"https:\/\/upconsultas.com.br\/blog\/wp-json\/wp\/v2\/posts\/3960"}],"collection":[{"href":"https:\/\/upconsultas.com.br\/blog\/wp-json\/wp\/v2\/posts"}],"about":[{"href":"https:\/\/upconsultas.com.br\/blog\/wp-json\/wp\/v2\/types\/post"}],"author":[{"embeddable":true,"href":"https:\/\/upconsultas.com.br\/blog\/wp-json\/wp\/v2\/users\/1"}],"replies":[{"embeddable":true,"href":"https:\/\/upconsultas.com.br\/blog\/wp-json\/wp\/v2\/comments?post=3960"}],"version-history":[{"count":0,"href":"https:\/\/upconsultas.com.br\/blog\/wp-json\/wp\/v2\/posts\/3960\/revisions"}],"wp:featuredmedia":[{"embeddable":true,"href":"https:\/\/upconsultas.com.br\/blog\/wp-json\/wp\/v2\/media\/3961"}],"wp:attachment":[{"href":"https:\/\/upconsultas.com.br\/blog\/wp-json\/wp\/v2\/media?parent=3960"}],"wp:term":[{"taxonomy":"category","embeddable":true,"href":"https:\/\/upconsultas.com.br\/blog\/wp-json\/wp\/v2\/categories?post=3960"},{"taxonomy":"post_tag","embeddable":true,"href":"https:\/\/upconsultas.com.br\/blog\/wp-json\/wp\/v2\/tags?post=3960"}],"curies":[{"name":"wp","href":"https:\/\/api.w.org\/{rel}","templated":true}]}}