{"id":4156,"date":"2026-02-28T10:44:05","date_gmt":"2026-02-28T13:44:05","guid":{"rendered":"https:\/\/upconsultas.com.br\/blog\/vereador-e-condenado-por-discurso-xenofobico-contra-nordestinos\/"},"modified":"2026-02-28T10:44:05","modified_gmt":"2026-02-28T13:44:05","slug":"vereador-e-condenado-por-discurso-xenofobico-contra-nordestinos","status":"publish","type":"post","link":"https:\/\/upconsultas.com.br\/blog\/vereador-e-condenado-por-discurso-xenofobico-contra-nordestinos\/","title":{"rendered":"vereador \u00e9 condenado por discurso xenof\u00f3bico contra nordestinos"},"content":{"rendered":"<p><\/p>\n<div id=\"post-body\">\n<div id=\"conteudo-target\">\n<div class=\"separator\" style=\"clear: both; text-align: center;\"><a href=\"https:\/\/blogger.googleusercontent.com\/img\/b\/R29vZ2xl\/AVvXsEgo7pPhkAbigxdBzxsswZsad_s1Kwx9xKEWrAP0IaSm_Zww4wx8QOZy4szci2wszZ_CCfLU-D71f7AKt4hfdWlyEdvsNxen1yAzjgwWRgFL-Ne-uRDrZwfMMVsI-43kE5pWlWtm2Lom_uJSaWfIXwZfrRGVPM7K2eg4-3C-WdbHatgoOX_WAtzDwRthKxA\/s920\/sempre-odio-vereador-condenado-discurso-xenofobico-nordestinos.webp\" imageanchor=\"1\" style=\"margin-left: 1em; margin-right: 1em;\"><\/a><\/div>\n<p>Via <b><a href=\"https:\/\/www.instagram.com\/consultor_juridico\/\" target=\"_blank\" rel=\"noopener\">@consultor_juridico<\/a><\/b> |\u00a0Ofensas de cunho discriminat\u00f3rio n\u00e3o s\u00e3o protegidas pela imunidade parlamentar. Com esse entendimento, o Tribunal Regional Federal da 4\u00aa Regi\u00e3o manteve a condena\u00e7\u00e3o do vereador de Caxias do Sul (RS) <b>Sandro Luiz Fantinel<\/b> (PL) ao pagamento de R$ 100 mil a t\u00edtulo de danos morais coletivos por falas discriminat\u00f3rias em um discurso feito na C\u00e2mara Municipal da cidade em fevereiro de 2023.<\/p>\n<p>A\u00a03\u00aa Turma da corte entendeu por unanimidade que o parlamentar proferiu ofensas de cunho discriminat\u00f3rio ao discursar sobre o resgate de mais de 200 pessoas que haviam sido encontradas em condi\u00e7\u00f5es de trabalho degradantes em vin\u00edcolas do munic\u00edpio de Bento Gon\u00e7alves (RS).<\/p>\n<p>O Minist\u00e9rio P\u00fablico Federal, associa\u00e7\u00f5es civis defensoras de direitos humanos, da cidadania, de comunidades remanescentes de quilombos e de religiosidade africana ajuizaram quatro a\u00e7\u00f5es civis p\u00fablicas em 2023 para denunciar as ofensas.<\/p>\n<h2 style=\"text-align: left;\">\u2018Tocam tambor\u2019<\/h2>\n<p>Os autores dos processos narraram que, em 28 de fevereiro de 2023, o pol\u00edtico ocupou a tribuna parlamentar para expressar sua opini\u00e3o sobre o resgate dos trabalhadores.<\/p>\n<p>\u201cE agora o patr\u00e3o vai ter que pagar a empregada para fazer limpeza todo dia pros bonitos tamb\u00e9m. \u00c9 isso que tem que acontecer. Temos que botar eles no hotel cinco estrelas para n\u00e3o ter problema com o Minist\u00e9rio do Trabalho. (\u2026) Gente, eu s\u00f3 vou dar um conselho. (\u2026) N\u00e3o contratem mais aquela gente l\u00e1 de cima. Conversem comigo. Vamos criar uma linha e vamos atar os argentinos, porque todos os agricultores que tem argentinos trabalhando hoje s\u00f3 batem palma. S\u00e3o limpos, trabalhadores, corretos, cumprem o hor\u00e1rio, mant\u00e9m a casa limpa e no dia de ir embora ainda agradecem o patr\u00e3o pelo servi\u00e7o prestado e pelo dinheiro que receberam. Agora com os baianos, que \u00e9 a \u00fanica cultura que eles t\u00eam, \u00e9 viver na praia tocando tambor, era normal que se fosse ter esse tipo de problema. Que isso sirva de li\u00e7\u00e3o. Deixem de lado aquele povo que \u00e9 acostumado com Carnaval e festa para voc\u00eas n\u00e3o se incomodarem novamente. Ent\u00e3o, vamos abrir o olho ao povo que me assiste, t\u00e1?\u201d, disse o vereador.<\/p>\n<p>Os autores afirmaram que o parlamentar promoveu xenofobia e discrimina\u00e7\u00e3o contra os nordestinos, especialmente contra o povo do estado da Bahia, utilizando termos pejorativos.<\/p>\n<p>Em maio de 2025, o ju\u00edzo da 3\u00aa Vara Federal de Caxias julgou em conjunto as quatro a\u00e7\u00f5es e condenou o vereador ao pagamento de indeniza\u00e7\u00e3o por danos morais coletivos no valor de R$ 100 mil. A decis\u00e3o estabeleceu que a quantia deveria ser revertida para um fundo gerido por conselhos p\u00fablicos, com a participa\u00e7\u00e3o do Minist\u00e9rio P\u00fablico e de representantes da comunidade, conforme previs\u00e3o do <b><a href=\"https:\/\/www.jusbrasil.com.br\/topicos\/11268795\/artigo-13-da-lei-n-7347-de-24-de-julho-de-1985\" target=\"_blank\" rel=\"noopener\">artigo 13 da Lei 7.347\/1985<\/a><\/b>.<\/p>\n<p>O parlamentar recorreu ao TRF-4. Na apela\u00e7\u00e3o, a defesa alegou a inexist\u00eancia de discrimina\u00e7\u00e3o ou preconceito no discurso e pleiteou pelo benef\u00edcio da inviolabilidade parlamentar, j\u00e1 que o discurso foi proferido na tribuna da C\u00e2mara Municipal, na qualidade de vereador. Ainda solicitou que, em caso de manuten\u00e7\u00e3o da condena\u00e7\u00e3o, o valor da indeniza\u00e7\u00e3o fosse reduzido.<\/p>\n<h2 style=\"text-align: left;\">Imunidade limitada<\/h2>\n<p>O colegiado decidiu rejeitar o recurso e manteve a condena\u00e7\u00e3o em R$ 100 mil.<\/p>\n<p>Em seu voto, o relator do caso, desembargador federal Roger Raupp Rios, destacou que \u201cdiante do discurso proferido, n\u00e3o h\u00e1 sombra de d\u00favida de que o demandado incorreu na proibi\u00e7\u00e3o jur\u00eddica de praticar ato discriminat\u00f3rio, uma vez que se verifica a pr\u00e1tica de um ato concreto de emitir mensagem verbal, objetivando sustentar e disseminar ideias e propor iniciativas discriminat\u00f3rias baseadas em origem regional\u201d.<\/p>\n<p>O desembargador ressalvou que a extens\u00e3o da imunidade parlamentar n\u00e3o \u00e9 ilimitada. \u201cA cr\u00edtica mordaz e opini\u00e3o pol\u00eamica s\u00e3o protegidas quando corporificam o conv\u00edvio heterog\u00eaneo e o conflito democr\u00e1tico leg\u00edtimo. Nesse quadro, est\u00e3o fora da prote\u00e7\u00e3o constitucional ofensas de cunho discriminat\u00f3rio, cujo efeito, longe de vitalizar o processo democr\u00e1tico numa sociedade plural, abusam da liberdade parlamentar e desvirtuam o mandato eletivo.\u201d<\/p>\n<p>O relator considerou o valor da indeniza\u00e7\u00e3o razo\u00e1vel, \u201cdado o contexto, a gravidade, a posi\u00e7\u00e3o institucional, o conte\u00fado, os direitos afetados e a repercuss\u00e3o havidas no caso\u201d. <i>Com informa\u00e7\u00f5es da assessoria de imprensa do TRF-4.<\/i><\/p>\n<ul style=\"text-align: left;\">\n<li><b>Processo 5002539-15.2023.4.04.7107<\/b><\/li>\n<\/ul>\n<p>Fonte:\u00a0<b><a href=\"https:\/\/www.instagram.com\/consultor_juridico\/\" target=\"_blank\" rel=\"noopener\">@consultor_juridico<\/a><\/b><\/p>\n<\/div>\n<\/div>\n<p><script async src=\"\/\/www.instagram.com\/embed.js\"><\/script><\/p>\n","protected":false},"excerpt":{"rendered":"<p>Via @consultor_juridico |\u00a0Ofensas de cunho discriminat\u00f3rio n\u00e3o s\u00e3o protegidas pela imunidade parlamentar. Com esse entendimento,<\/p>\n","protected":false},"author":1,"featured_media":4157,"comment_status":"open","ping_status":"open","sticky":false,"template":"","format":"standard","meta":{"footnotes":""},"categories":[315],"tags":[405,361,1689,3725,374,3723,3724],"yoast_head":"<!-- This site is optimized with the Yoast SEO plugin v20.1 - https:\/\/yoast.com\/wordpress\/plugins\/seo\/ -->\n<title>vereador \u00e9 condenado por discurso xenof\u00f3bico contra nordestinos - UP Consultas<\/title>\n<meta name=\"robots\" content=\"index, follow, max-snippet:-1, max-image-preview:large, max-video-preview:-1\" \/>\n<link rel=\"canonical\" href=\"https:\/\/upconsultas.com.br\/blog\/vereador-e-condenado-por-discurso-xenofobico-contra-nordestinos\/\" \/>\n<meta property=\"og:locale\" content=\"pt_BR\" \/>\n<meta property=\"og:type\" content=\"article\" \/>\n<meta property=\"og:title\" content=\"vereador \u00e9 condenado por discurso xenof\u00f3bico contra nordestinos - UP Consultas\" \/>\n<meta property=\"og:description\" content=\"Via @consultor_juridico |\u00a0Ofensas de cunho discriminat\u00f3rio n\u00e3o s\u00e3o protegidas pela imunidade parlamentar. Com esse entendimento,\" \/>\n<meta property=\"og:url\" content=\"https:\/\/upconsultas.com.br\/blog\/vereador-e-condenado-por-discurso-xenofobico-contra-nordestinos\/\" \/>\n<meta property=\"og:site_name\" content=\"UP Consultas\" \/>\n<meta property=\"article:published_time\" content=\"2026-02-28T13:44:05+00:00\" \/>\n<meta property=\"og:image\" content=\"https:\/\/blogger.googleusercontent.com\/img\/b\/R29vZ2xl\/AVvXsEgo7pPhkAbigxdBzxsswZsad_s1Kwx9xKEWrAP0IaSm_Zww4wx8QOZy4szci2wszZ_CCfLU-D71f7AKt4hfdWlyEdvsNxen1yAzjgwWRgFL-Ne-uRDrZwfMMVsI-43kE5pWlWtm2Lom_uJSaWfIXwZfrRGVPM7K2eg4-3C-WdbHatgoOX_WAtzDwRthKxA\/s16000-rw\/sempre-odio-vereador-condenado-discurso-xenofobico-nordestinos.webp\" \/>\n<meta name=\"author\" content=\"UP Consultas Brasil\" \/>\n<meta name=\"twitter:card\" content=\"summary_large_image\" \/>\n<meta name=\"twitter:label1\" content=\"Escrito por\" \/>\n\t<meta name=\"twitter:data1\" content=\"UP Consultas Brasil\" \/>\n\t<meta name=\"twitter:label2\" content=\"Est. tempo de leitura\" \/>\n\t<meta name=\"twitter:data2\" content=\"4 minutos\" \/>\n<script type=\"application\/ld+json\" class=\"yoast-schema-graph\">{\"@context\":\"https:\/\/schema.org\",\"@graph\":[{\"@type\":\"Article\",\"@id\":\"https:\/\/upconsultas.com.br\/blog\/vereador-e-condenado-por-discurso-xenofobico-contra-nordestinos\/#article\",\"isPartOf\":{\"@id\":\"https:\/\/upconsultas.com.br\/blog\/vereador-e-condenado-por-discurso-xenofobico-contra-nordestinos\/\"},\"author\":{\"name\":\"UP Consultas Brasil\",\"@id\":\"https:\/\/upconsultas.com.br\/blog\/#\/schema\/person\/7989e66c6d2f68e50be6c07a2d492e52\"},\"headline\":\"vereador \u00e9 condenado por discurso xenof\u00f3bico contra nordestinos\",\"datePublished\":\"2026-02-28T13:44:05+00:00\",\"dateModified\":\"2026-02-28T13:44:05+00:00\",\"mainEntityOfPage\":{\"@id\":\"https:\/\/upconsultas.com.br\/blog\/vereador-e-condenado-por-discurso-xenofobico-contra-nordestinos\/\"},\"wordCount\":742,\"commentCount\":0,\"publisher\":{\"@id\":\"https:\/\/upconsultas.com.br\/blog\/#organization\"},\"keywords\":[\"condenado\",\"contra\",\"discurso\",\"nordestinos\",\"por\",\"vereador\",\"xenof\u00f3bico\"],\"articleSection\":[\"Advocacia\"],\"inLanguage\":\"pt-BR\",\"potentialAction\":[{\"@type\":\"CommentAction\",\"name\":\"Comment\",\"target\":[\"https:\/\/upconsultas.com.br\/blog\/vereador-e-condenado-por-discurso-xenofobico-contra-nordestinos\/#respond\"]}]},{\"@type\":\"WebPage\",\"@id\":\"https:\/\/upconsultas.com.br\/blog\/vereador-e-condenado-por-discurso-xenofobico-contra-nordestinos\/\",\"url\":\"https:\/\/upconsultas.com.br\/blog\/vereador-e-condenado-por-discurso-xenofobico-contra-nordestinos\/\",\"name\":\"vereador \u00e9 condenado por discurso xenof\u00f3bico contra nordestinos - UP Consultas\",\"isPartOf\":{\"@id\":\"https:\/\/upconsultas.com.br\/blog\/#website\"},\"datePublished\":\"2026-02-28T13:44:05+00:00\",\"dateModified\":\"2026-02-28T13:44:05+00:00\",\"breadcrumb\":{\"@id\":\"https:\/\/upconsultas.com.br\/blog\/vereador-e-condenado-por-discurso-xenofobico-contra-nordestinos\/#breadcrumb\"},\"inLanguage\":\"pt-BR\",\"potentialAction\":[{\"@type\":\"ReadAction\",\"target\":[\"https:\/\/upconsultas.com.br\/blog\/vereador-e-condenado-por-discurso-xenofobico-contra-nordestinos\/\"]}]},{\"@type\":\"BreadcrumbList\",\"@id\":\"https:\/\/upconsultas.com.br\/blog\/vereador-e-condenado-por-discurso-xenofobico-contra-nordestinos\/#breadcrumb\",\"itemListElement\":[{\"@type\":\"ListItem\",\"position\":1,\"name\":\"In\u00edcio\",\"item\":\"https:\/\/upconsultas.com.br\/blog\/\"},{\"@type\":\"ListItem\",\"position\":2,\"name\":\"vereador \u00e9 condenado por discurso xenof\u00f3bico contra nordestinos\"}]},{\"@type\":\"WebSite\",\"@id\":\"https:\/\/upconsultas.com.br\/blog\/#website\",\"url\":\"https:\/\/upconsultas.com.br\/blog\/\",\"name\":\"UP Consultas\",\"description\":\"Portal de consultas, CPF, CNPJ e Veiculos\",\"publisher\":{\"@id\":\"https:\/\/upconsultas.com.br\/blog\/#organization\"},\"potentialAction\":[{\"@type\":\"SearchAction\",\"target\":{\"@type\":\"EntryPoint\",\"urlTemplate\":\"https:\/\/upconsultas.com.br\/blog\/?s={search_term_string}\"},\"query-input\":\"required name=search_term_string\"}],\"inLanguage\":\"pt-BR\"},{\"@type\":\"Organization\",\"@id\":\"https:\/\/upconsultas.com.br\/blog\/#organization\",\"name\":\"UP Consultas\",\"url\":\"https:\/\/upconsultas.com.br\/blog\/\",\"logo\":{\"@type\":\"ImageObject\",\"inLanguage\":\"pt-BR\",\"@id\":\"https:\/\/upconsultas.com.br\/blog\/#\/schema\/logo\/image\/\",\"url\":\"https:\/\/upconsultas.com.br\/blog\/wp-content\/uploads\/2024\/09\/cropped-Azul_v3.png\",\"contentUrl\":\"https:\/\/upconsultas.com.br\/blog\/wp-content\/uploads\/2024\/09\/cropped-Azul_v3.png\",\"width\":350,\"height\":199,\"caption\":\"UP Consultas\"},\"image\":{\"@id\":\"https:\/\/upconsultas.com.br\/blog\/#\/schema\/logo\/image\/\"}},{\"@type\":\"Person\",\"@id\":\"https:\/\/upconsultas.com.br\/blog\/#\/schema\/person\/7989e66c6d2f68e50be6c07a2d492e52\",\"name\":\"UP Consultas Brasil\",\"image\":{\"@type\":\"ImageObject\",\"inLanguage\":\"pt-BR\",\"@id\":\"https:\/\/upconsultas.com.br\/blog\/#\/schema\/person\/image\/\",\"url\":\"https:\/\/secure.gravatar.com\/avatar\/02f760804f39d0748d6cafbf5ca3b6e9?s=96&d=mm&r=g\",\"contentUrl\":\"https:\/\/secure.gravatar.com\/avatar\/02f760804f39d0748d6cafbf5ca3b6e9?s=96&d=mm&r=g\",\"caption\":\"UP Consultas Brasil\"},\"sameAs\":[\"http:\/\/blog.upconsultas.com.br\"],\"url\":\"https:\/\/upconsultas.com.br\/blog\/author\/pachecopauluciofgmail-com\/\"}]}<\/script>\n<!-- \/ Yoast SEO plugin. -->","yoast_head_json":{"title":"vereador \u00e9 condenado por discurso xenof\u00f3bico contra nordestinos - UP Consultas","robots":{"index":"index","follow":"follow","max-snippet":"max-snippet:-1","max-image-preview":"max-image-preview:large","max-video-preview":"max-video-preview:-1"},"canonical":"https:\/\/upconsultas.com.br\/blog\/vereador-e-condenado-por-discurso-xenofobico-contra-nordestinos\/","og_locale":"pt_BR","og_type":"article","og_title":"vereador \u00e9 condenado por discurso xenof\u00f3bico contra nordestinos - UP Consultas","og_description":"Via @consultor_juridico |\u00a0Ofensas de cunho discriminat\u00f3rio n\u00e3o s\u00e3o protegidas pela imunidade parlamentar. Com esse entendimento,","og_url":"https:\/\/upconsultas.com.br\/blog\/vereador-e-condenado-por-discurso-xenofobico-contra-nordestinos\/","og_site_name":"UP Consultas","article_published_time":"2026-02-28T13:44:05+00:00","og_image":[{"url":"https:\/\/blogger.googleusercontent.com\/img\/b\/R29vZ2xl\/AVvXsEgo7pPhkAbigxdBzxsswZsad_s1Kwx9xKEWrAP0IaSm_Zww4wx8QOZy4szci2wszZ_CCfLU-D71f7AKt4hfdWlyEdvsNxen1yAzjgwWRgFL-Ne-uRDrZwfMMVsI-43kE5pWlWtm2Lom_uJSaWfIXwZfrRGVPM7K2eg4-3C-WdbHatgoOX_WAtzDwRthKxA\/s16000-rw\/sempre-odio-vereador-condenado-discurso-xenofobico-nordestinos.webp"}],"author":"UP Consultas Brasil","twitter_card":"summary_large_image","twitter_misc":{"Escrito por":"UP Consultas Brasil","Est. tempo de leitura":"4 minutos"},"schema":{"@context":"https:\/\/schema.org","@graph":[{"@type":"Article","@id":"https:\/\/upconsultas.com.br\/blog\/vereador-e-condenado-por-discurso-xenofobico-contra-nordestinos\/#article","isPartOf":{"@id":"https:\/\/upconsultas.com.br\/blog\/vereador-e-condenado-por-discurso-xenofobico-contra-nordestinos\/"},"author":{"name":"UP Consultas Brasil","@id":"https:\/\/upconsultas.com.br\/blog\/#\/schema\/person\/7989e66c6d2f68e50be6c07a2d492e52"},"headline":"vereador \u00e9 condenado por discurso xenof\u00f3bico contra nordestinos","datePublished":"2026-02-28T13:44:05+00:00","dateModified":"2026-02-28T13:44:05+00:00","mainEntityOfPage":{"@id":"https:\/\/upconsultas.com.br\/blog\/vereador-e-condenado-por-discurso-xenofobico-contra-nordestinos\/"},"wordCount":742,"commentCount":0,"publisher":{"@id":"https:\/\/upconsultas.com.br\/blog\/#organization"},"keywords":["condenado","contra","discurso","nordestinos","por","vereador","xenof\u00f3bico"],"articleSection":["Advocacia"],"inLanguage":"pt-BR","potentialAction":[{"@type":"CommentAction","name":"Comment","target":["https:\/\/upconsultas.com.br\/blog\/vereador-e-condenado-por-discurso-xenofobico-contra-nordestinos\/#respond"]}]},{"@type":"WebPage","@id":"https:\/\/upconsultas.com.br\/blog\/vereador-e-condenado-por-discurso-xenofobico-contra-nordestinos\/","url":"https:\/\/upconsultas.com.br\/blog\/vereador-e-condenado-por-discurso-xenofobico-contra-nordestinos\/","name":"vereador \u00e9 condenado por discurso xenof\u00f3bico contra nordestinos - UP Consultas","isPartOf":{"@id":"https:\/\/upconsultas.com.br\/blog\/#website"},"datePublished":"2026-02-28T13:44:05+00:00","dateModified":"2026-02-28T13:44:05+00:00","breadcrumb":{"@id":"https:\/\/upconsultas.com.br\/blog\/vereador-e-condenado-por-discurso-xenofobico-contra-nordestinos\/#breadcrumb"},"inLanguage":"pt-BR","potentialAction":[{"@type":"ReadAction","target":["https:\/\/upconsultas.com.br\/blog\/vereador-e-condenado-por-discurso-xenofobico-contra-nordestinos\/"]}]},{"@type":"BreadcrumbList","@id":"https:\/\/upconsultas.com.br\/blog\/vereador-e-condenado-por-discurso-xenofobico-contra-nordestinos\/#breadcrumb","itemListElement":[{"@type":"ListItem","position":1,"name":"In\u00edcio","item":"https:\/\/upconsultas.com.br\/blog\/"},{"@type":"ListItem","position":2,"name":"vereador \u00e9 condenado por discurso xenof\u00f3bico contra nordestinos"}]},{"@type":"WebSite","@id":"https:\/\/upconsultas.com.br\/blog\/#website","url":"https:\/\/upconsultas.com.br\/blog\/","name":"UP Consultas","description":"Portal de consultas, CPF, CNPJ e Veiculos","publisher":{"@id":"https:\/\/upconsultas.com.br\/blog\/#organization"},"potentialAction":[{"@type":"SearchAction","target":{"@type":"EntryPoint","urlTemplate":"https:\/\/upconsultas.com.br\/blog\/?s={search_term_string}"},"query-input":"required name=search_term_string"}],"inLanguage":"pt-BR"},{"@type":"Organization","@id":"https:\/\/upconsultas.com.br\/blog\/#organization","name":"UP Consultas","url":"https:\/\/upconsultas.com.br\/blog\/","logo":{"@type":"ImageObject","inLanguage":"pt-BR","@id":"https:\/\/upconsultas.com.br\/blog\/#\/schema\/logo\/image\/","url":"https:\/\/upconsultas.com.br\/blog\/wp-content\/uploads\/2024\/09\/cropped-Azul_v3.png","contentUrl":"https:\/\/upconsultas.com.br\/blog\/wp-content\/uploads\/2024\/09\/cropped-Azul_v3.png","width":350,"height":199,"caption":"UP Consultas"},"image":{"@id":"https:\/\/upconsultas.com.br\/blog\/#\/schema\/logo\/image\/"}},{"@type":"Person","@id":"https:\/\/upconsultas.com.br\/blog\/#\/schema\/person\/7989e66c6d2f68e50be6c07a2d492e52","name":"UP Consultas Brasil","image":{"@type":"ImageObject","inLanguage":"pt-BR","@id":"https:\/\/upconsultas.com.br\/blog\/#\/schema\/person\/image\/","url":"https:\/\/secure.gravatar.com\/avatar\/02f760804f39d0748d6cafbf5ca3b6e9?s=96&d=mm&r=g","contentUrl":"https:\/\/secure.gravatar.com\/avatar\/02f760804f39d0748d6cafbf5ca3b6e9?s=96&d=mm&r=g","caption":"UP Consultas Brasil"},"sameAs":["http:\/\/blog.upconsultas.com.br"],"url":"https:\/\/upconsultas.com.br\/blog\/author\/pachecopauluciofgmail-com\/"}]}},"jetpack_sharing_enabled":true,"featured_image_urls":{"full":["https:\/\/upconsultas.com.br\/blog\/wp-content\/uploads\/2026\/02\/sempre-odio-vereador-condenado-discurso-xenofobico-nordestinos.webp.jpeg",920,518,false],"thumbnail":["https:\/\/upconsultas.com.br\/blog\/wp-content\/uploads\/2026\/02\/sempre-odio-vereador-condenado-discurso-xenofobico-nordestinos.webp-150x150.jpeg",150,150,true],"medium":["https:\/\/upconsultas.com.br\/blog\/wp-content\/uploads\/2026\/02\/sempre-odio-vereador-condenado-discurso-xenofobico-nordestinos.webp-300x169.jpeg",300,169,true],"medium_large":["https:\/\/upconsultas.com.br\/blog\/wp-content\/uploads\/2026\/02\/sempre-odio-vereador-condenado-discurso-xenofobico-nordestinos.webp-768x432.jpeg",640,360,true],"large":["https:\/\/upconsultas.com.br\/blog\/wp-content\/uploads\/2026\/02\/sempre-odio-vereador-condenado-discurso-xenofobico-nordestinos.webp.jpeg",640,360,false],"1536x1536":["https:\/\/upconsultas.com.br\/blog\/wp-content\/uploads\/2026\/02\/sempre-odio-vereador-condenado-discurso-xenofobico-nordestinos.webp.jpeg",920,518,false],"2048x2048":["https:\/\/upconsultas.com.br\/blog\/wp-content\/uploads\/2026\/02\/sempre-odio-vereador-condenado-discurso-xenofobico-nordestinos.webp.jpeg",920,518,false],"chromenews-featured":["https:\/\/upconsultas.com.br\/blog\/wp-content\/uploads\/2026\/02\/sempre-odio-vereador-condenado-discurso-xenofobico-nordestinos.webp.jpeg",920,518,false],"chromenews-large":["https:\/\/upconsultas.com.br\/blog\/wp-content\/uploads\/2026\/02\/sempre-odio-vereador-condenado-discurso-xenofobico-nordestinos.webp-825x518.jpeg",825,518,true],"chromenews-medium":["https:\/\/upconsultas.com.br\/blog\/wp-content\/uploads\/2026\/02\/sempre-odio-vereador-condenado-discurso-xenofobico-nordestinos.webp-590x410.jpeg",590,410,true]},"author_info":{"display_name":"UP Consultas Brasil","author_link":"https:\/\/upconsultas.com.br\/blog\/author\/pachecopauluciofgmail-com\/"},"category_info":"<a href=\"https:\/\/upconsultas.com.br\/blog\/categoria\/advocacia\/\" rel=\"category tag\">Advocacia<\/a>","tag_info":"Advocacia","comment_count":"0","jetpack_featured_media_url":"https:\/\/upconsultas.com.br\/blog\/wp-content\/uploads\/2026\/02\/sempre-odio-vereador-condenado-discurso-xenofobico-nordestinos.webp.jpeg","_links":{"self":[{"href":"https:\/\/upconsultas.com.br\/blog\/wp-json\/wp\/v2\/posts\/4156"}],"collection":[{"href":"https:\/\/upconsultas.com.br\/blog\/wp-json\/wp\/v2\/posts"}],"about":[{"href":"https:\/\/upconsultas.com.br\/blog\/wp-json\/wp\/v2\/types\/post"}],"author":[{"embeddable":true,"href":"https:\/\/upconsultas.com.br\/blog\/wp-json\/wp\/v2\/users\/1"}],"replies":[{"embeddable":true,"href":"https:\/\/upconsultas.com.br\/blog\/wp-json\/wp\/v2\/comments?post=4156"}],"version-history":[{"count":0,"href":"https:\/\/upconsultas.com.br\/blog\/wp-json\/wp\/v2\/posts\/4156\/revisions"}],"wp:featuredmedia":[{"embeddable":true,"href":"https:\/\/upconsultas.com.br\/blog\/wp-json\/wp\/v2\/media\/4157"}],"wp:attachment":[{"href":"https:\/\/upconsultas.com.br\/blog\/wp-json\/wp\/v2\/media?parent=4156"}],"wp:term":[{"taxonomy":"category","embeddable":true,"href":"https:\/\/upconsultas.com.br\/blog\/wp-json\/wp\/v2\/categories?post=4156"},{"taxonomy":"post_tag","embeddable":true,"href":"https:\/\/upconsultas.com.br\/blog\/wp-json\/wp\/v2\/tags?post=4156"}],"curies":[{"name":"wp","href":"https:\/\/api.w.org\/{rel}","templated":true}]}}