{"id":5252,"date":"2026-04-15T11:56:06","date_gmt":"2026-04-15T14:56:06","guid":{"rendered":"https:\/\/upconsultas.com.br\/blog\/alexandre-de-moraes-abre-inquerito-contra-flavio-bolsonaro-por-post-sobre-lula\/"},"modified":"2026-04-15T11:56:06","modified_gmt":"2026-04-15T14:56:06","slug":"alexandre-de-moraes-abre-inquerito-contra-flavio-bolsonaro-por-post-sobre-lula","status":"publish","type":"post","link":"https:\/\/upconsultas.com.br\/blog\/alexandre-de-moraes-abre-inquerito-contra-flavio-bolsonaro-por-post-sobre-lula\/","title":{"rendered":"Alexandre de Moraes abre inqu\u00e9rito contra Fl\u00e1vio Bolsonaro por post sobre Lula"},"content":{"rendered":"<p><\/p>\n<div id=\"post-body\">\n<div id=\"conteudo-target\">\n<div class=\"separator\" style=\"clear: both; text-align: center;\"><a href=\"https:\/\/blogger.googleusercontent.com\/img\/b\/R29vZ2xl\/AVvXsEjPFWKdtQLFKGtk_XU31idcRrerg1eRMhE4zl__dFa-2EcYtPhqhptaK_KIK7cILt802DNH_PWrj7bD474ycuR7QFIHZJvJMXIq355qzChPbJyeoxzM9a2t1O2EV7jtBX8yyyJ4Xa8TvJinOerLF8GqlW2iieKffxphut2we8IYqohyphenhyphene1HNnFGKKjAqpbI\/s920\/stf-alexandre-moraes-abre-inquerito-flavio-bolsonaro-post-lula.webp\" style=\"margin-left: 1em; margin-right: 1em;\"><\/a><\/div>\n<p>Via <b><a href=\"https:\/\/www.instagram.com\/portalmigalhas\/\" target=\"_blank\" rel=\"noopener\">@portalmigalhas<\/a><\/b> |\u00a0O ministro <b>Alexandre de Moraes<\/b>, do STF, determinou a instaura\u00e7\u00e3o de inqu\u00e9rito para apurar suposta pr\u00e1tica de cal\u00fania pelo senador <b>Fl\u00e1vio Bolsonaro <\/b>contra o presidente Luiz In\u00e1cio Lula da Silva, ao entender que houve imputa\u00e7\u00e3o p\u00fablica de crimes sem comprova\u00e7\u00e3o em publica\u00e7\u00e3o feita na rede social X.<\/p>\n<p>A apura\u00e7\u00e3o teve origem em representa\u00e7\u00e3o da Pol\u00edcia Federal, com requisi\u00e7\u00e3o do ministro da Justi\u00e7a, ap\u00f3s postagem em 3\/1\/26. No conte\u00fado, o senador afirmou que Lula <b>\u201cser\u00e1 delatado\u201d <\/b>e associou o presidente a pr\u00e1ticas como tr\u00e1fico internacional de drogas e armas, lavagem de dinheiro, apoio a terroristas e fraudes eleitorais.<\/p>\n<p>Segundo a Pol\u00edcia Federal, a men\u00e7\u00e3o \u00e0 <b>\u201cdela\u00e7\u00e3o\u201d<\/b> indicaria refer\u00eancia ao instituto da colabora\u00e7\u00e3o premiada, acompanhada da imputa\u00e7\u00e3o de diversos crimes. Destacou ainda que a publica\u00e7\u00e3o ocorreu em ambiente virtual aberto, acess\u00edvel a grande n\u00famero de pessoas.<\/p>\n<h2 style=\"text-align: left;\">PGR apontou imputa\u00e7\u00e3o falsa e vexat\u00f3ria<\/h2>\n<p>A PGR &#8211; Procuradoria-Geral da Rep\u00fablica se manifestou favoravelmente \u00e0 abertura do inqu\u00e9rito. Para o \u00f3rg\u00e3o, h\u00e1 ind\u00edcios de que o parlamentar atribuiu, de forma p\u00fablica e vexat\u00f3ria, fatos criminosos ao presidente da Rep\u00fablica.<\/p>\n<div class=\"separator\" style=\"clear: both; text-align: center;\"><a href=\"https:\/\/blogger.googleusercontent.com\/img\/a\/AVvXsEjlP0xNqeM0flAK8obDouH80-SPiGEkZNjAU0I73WDJjpTEgGdeGDZzlrZfach206VoGNy_WQyUs4vQK_gRY5m-GDqRbQllO4NoKn2PEMEiWUigiRcdwUxbKPiWaX28yi1QwCg_F1P6mpuS3QpK2UIqv0A4LH8IUMKftLV--6H5ATO5-CGKkZNz5Xr2Wk0\" style=\"margin-left: 1em; margin-right: 1em;\"><img decoding=\"async\" data-original-height=\"375\" data-original-width=\"478\" height=\"502\" loading=\"lazy\" src=\"https:\/\/blogger.googleusercontent.com\/img\/a\/AVvXsEjlP0xNqeM0flAK8obDouH80-SPiGEkZNjAU0I73WDJjpTEgGdeGDZzlrZfach206VoGNy_WQyUs4vQK_gRY5m-GDqRbQllO4NoKn2PEMEiWUigiRcdwUxbKPiWaX28yi1QwCg_F1P6mpuS3QpK2UIqv0A4LH8IUMKftLV--6H5ATO5-CGKkZNz5Xr2Wk0=w640-h502-rw\" width=\"640\"\/><\/a><\/div>\n<p><i><\/p>\n<p><i>(Imagem: Reprodu\u00e7\u00e3o\/X)<\/i><\/p>\n<p><\/i><\/p>\n<p><b>\u201cA provid\u00eancia pleiteada est\u00e1 amparada em publica\u00e7\u00e3o realizada em ambiente virtual p\u00fablico, acess\u00edvel a milhares de usu\u00e1rios, em que se atribui falsamente, de maneira p\u00fablica e vexat\u00f3ria, fatos delituosos ao presidente da Rep\u00fablica\u201d<\/b>, ressaltou.<\/p>\n<p>Ao analisar o caso, Moraes considerou presentes elementos m\u00ednimos para abertura da investiga\u00e7\u00e3o, ressaltando a exist\u00eancia de ind\u00edcios concretos da atua\u00e7\u00e3o do senador na conduta descrita.<\/p>\n<p>Com base no art. 138 do <b><a href=\"https:\/\/www.planalto.gov.br\/ccivil_03\/decreto-lei\/del2848compilado.htm\" target=\"_blank\" rel=\"noopener\">CP<\/a><\/b>, determinou a instaura\u00e7\u00e3o de inqu\u00e9rito contra Fl\u00e1vio Bolsonaro para apurar suposta pr\u00e1tica de cal\u00fania contra o presidente da Rep\u00fablica, com envio dos autos \u00e0 Pol\u00edcia Federal para dilig\u00eancias no prazo de 60 dias.<\/p>\n<p><b>Leia a <a href=\"https:\/\/arq.migalhas.com.br\/arquivos\/2026\/4\/675AED98560479_InqueritoFlavioBolsonaro.pdf\" target=\"_blank\" rel=\"noopener\">decis\u00e3o<\/a>.<\/b><\/p>\n<p>Fonte: <b><a href=\"\"><\/a><\/b><\/p>\n<\/div>\n<\/div>\n<p><script>\n  !function(f,b,e,v,n,t,s)\n  {if(f.fbq)return;n=f.fbq=function(){n.callMethod?\n  n.callMethod.apply(n,arguments):n.queue.push(arguments)};\n  if(!f._fbq)f._fbq=n;n.push=n;n.loaded=!0;n.version='2.0';\n  n.queue=[];t=b.createElement(e);t.async=!0;\n  t.src=v;s=b.getElementsByTagName(e)[0];\n  s.parentNode.insertBefore(t,s)}(window, document,'script',\n  '\n  fbq('init', '697261525894352');\n  fbq('track', 'PageView');\n<\/script><script async src=\"\/\/www.instagram.com\/embed.js\"><\/script><\/p>\n","protected":false},"excerpt":{"rendered":"<p>Via @portalmigalhas |\u00a0O ministro Alexandre de Moraes, do STF, determinou a instaura\u00e7\u00e3o de inqu\u00e9rito para<\/p>\n","protected":false},"author":1,"featured_media":5253,"comment_status":"open","ping_status":"open","sticky":false,"template":"","format":"standard","meta":{"footnotes":""},"categories":[315],"tags":[924,1002,400,361,662,1252,627,349,374,4559,828],"yoast_head":"<!-- This site is optimized with the Yoast SEO plugin v20.1 - https:\/\/yoast.com\/wordpress\/plugins\/seo\/ -->\n<title>Alexandre de Moraes abre inqu\u00e9rito contra Fl\u00e1vio Bolsonaro por post sobre Lula - UP Consultas<\/title>\n<meta name=\"robots\" content=\"index, follow, max-snippet:-1, max-image-preview:large, max-video-preview:-1\" \/>\n<link rel=\"canonical\" href=\"https:\/\/upconsultas.com.br\/blog\/alexandre-de-moraes-abre-inquerito-contra-flavio-bolsonaro-por-post-sobre-lula\/\" \/>\n<meta property=\"og:locale\" content=\"pt_BR\" \/>\n<meta property=\"og:type\" content=\"article\" \/>\n<meta property=\"og:title\" content=\"Alexandre de Moraes abre inqu\u00e9rito contra Fl\u00e1vio Bolsonaro por post sobre Lula - UP Consultas\" \/>\n<meta property=\"og:description\" content=\"Via @portalmigalhas |\u00a0O ministro Alexandre de Moraes, do STF, determinou a instaura\u00e7\u00e3o de inqu\u00e9rito para\" \/>\n<meta property=\"og:url\" content=\"https:\/\/upconsultas.com.br\/blog\/alexandre-de-moraes-abre-inquerito-contra-flavio-bolsonaro-por-post-sobre-lula\/\" \/>\n<meta property=\"og:site_name\" content=\"UP Consultas\" \/>\n<meta property=\"article:published_time\" content=\"2026-04-15T14:56:06+00:00\" \/>\n<meta property=\"og:image\" content=\"https:\/\/blogger.googleusercontent.com\/img\/b\/R29vZ2xl\/AVvXsEjPFWKdtQLFKGtk_XU31idcRrerg1eRMhE4zl__dFa-2EcYtPhqhptaK_KIK7cILt802DNH_PWrj7bD474ycuR7QFIHZJvJMXIq355qzChPbJyeoxzM9a2t1O2EV7jtBX8yyyJ4Xa8TvJinOerLF8GqlW2iieKffxphut2we8IYqohyphenhyphene1HNnFGKKjAqpbI\/s16000-rw\/stf-alexandre-moraes-abre-inquerito-flavio-bolsonaro-post-lula.webp\" \/>\n<meta name=\"author\" content=\"UP Consultas Brasil\" \/>\n<meta name=\"twitter:card\" content=\"summary_large_image\" \/>\n<meta name=\"twitter:label1\" content=\"Escrito por\" \/>\n\t<meta name=\"twitter:data1\" content=\"UP Consultas Brasil\" \/>\n\t<meta name=\"twitter:label2\" content=\"Est. tempo de leitura\" \/>\n\t<meta name=\"twitter:data2\" content=\"2 minutos\" \/>\n<script type=\"application\/ld+json\" class=\"yoast-schema-graph\">{\"@context\":\"https:\/\/schema.org\",\"@graph\":[{\"@type\":\"Article\",\"@id\":\"https:\/\/upconsultas.com.br\/blog\/alexandre-de-moraes-abre-inquerito-contra-flavio-bolsonaro-por-post-sobre-lula\/#article\",\"isPartOf\":{\"@id\":\"https:\/\/upconsultas.com.br\/blog\/alexandre-de-moraes-abre-inquerito-contra-flavio-bolsonaro-por-post-sobre-lula\/\"},\"author\":{\"name\":\"UP Consultas Brasil\",\"@id\":\"https:\/\/upconsultas.com.br\/blog\/#\/schema\/person\/7989e66c6d2f68e50be6c07a2d492e52\"},\"headline\":\"Alexandre de Moraes abre inqu\u00e9rito contra Fl\u00e1vio Bolsonaro por post sobre Lula\",\"datePublished\":\"2026-04-15T14:56:06+00:00\",\"dateModified\":\"2026-04-15T14:56:06+00:00\",\"mainEntityOfPage\":{\"@id\":\"https:\/\/upconsultas.com.br\/blog\/alexandre-de-moraes-abre-inquerito-contra-flavio-bolsonaro-por-post-sobre-lula\/\"},\"wordCount\":351,\"commentCount\":0,\"publisher\":{\"@id\":\"https:\/\/upconsultas.com.br\/blog\/#organization\"},\"keywords\":[\"abre\",\"Alexandre\",\"Bolsonaro\",\"contra\",\"Fl\u00e1vio\",\"Inqu\u00e9rito\",\"Lula\",\"Moraes\",\"por\",\"post\",\"sobre\"],\"articleSection\":[\"Advocacia\"],\"inLanguage\":\"pt-BR\",\"potentialAction\":[{\"@type\":\"CommentAction\",\"name\":\"Comment\",\"target\":[\"https:\/\/upconsultas.com.br\/blog\/alexandre-de-moraes-abre-inquerito-contra-flavio-bolsonaro-por-post-sobre-lula\/#respond\"]}]},{\"@type\":\"WebPage\",\"@id\":\"https:\/\/upconsultas.com.br\/blog\/alexandre-de-moraes-abre-inquerito-contra-flavio-bolsonaro-por-post-sobre-lula\/\",\"url\":\"https:\/\/upconsultas.com.br\/blog\/alexandre-de-moraes-abre-inquerito-contra-flavio-bolsonaro-por-post-sobre-lula\/\",\"name\":\"Alexandre de Moraes abre inqu\u00e9rito contra Fl\u00e1vio Bolsonaro por post sobre Lula - UP Consultas\",\"isPartOf\":{\"@id\":\"https:\/\/upconsultas.com.br\/blog\/#website\"},\"datePublished\":\"2026-04-15T14:56:06+00:00\",\"dateModified\":\"2026-04-15T14:56:06+00:00\",\"breadcrumb\":{\"@id\":\"https:\/\/upconsultas.com.br\/blog\/alexandre-de-moraes-abre-inquerito-contra-flavio-bolsonaro-por-post-sobre-lula\/#breadcrumb\"},\"inLanguage\":\"pt-BR\",\"potentialAction\":[{\"@type\":\"ReadAction\",\"target\":[\"https:\/\/upconsultas.com.br\/blog\/alexandre-de-moraes-abre-inquerito-contra-flavio-bolsonaro-por-post-sobre-lula\/\"]}]},{\"@type\":\"BreadcrumbList\",\"@id\":\"https:\/\/upconsultas.com.br\/blog\/alexandre-de-moraes-abre-inquerito-contra-flavio-bolsonaro-por-post-sobre-lula\/#breadcrumb\",\"itemListElement\":[{\"@type\":\"ListItem\",\"position\":1,\"name\":\"In\u00edcio\",\"item\":\"https:\/\/upconsultas.com.br\/blog\/\"},{\"@type\":\"ListItem\",\"position\":2,\"name\":\"Alexandre de Moraes abre inqu\u00e9rito contra Fl\u00e1vio Bolsonaro por post sobre Lula\"}]},{\"@type\":\"WebSite\",\"@id\":\"https:\/\/upconsultas.com.br\/blog\/#website\",\"url\":\"https:\/\/upconsultas.com.br\/blog\/\",\"name\":\"UP Consultas\",\"description\":\"Portal de consultas, CPF, CNPJ e Veiculos\",\"publisher\":{\"@id\":\"https:\/\/upconsultas.com.br\/blog\/#organization\"},\"potentialAction\":[{\"@type\":\"SearchAction\",\"target\":{\"@type\":\"EntryPoint\",\"urlTemplate\":\"https:\/\/upconsultas.com.br\/blog\/?s={search_term_string}\"},\"query-input\":\"required name=search_term_string\"}],\"inLanguage\":\"pt-BR\"},{\"@type\":\"Organization\",\"@id\":\"https:\/\/upconsultas.com.br\/blog\/#organization\",\"name\":\"UP Consultas\",\"url\":\"https:\/\/upconsultas.com.br\/blog\/\",\"logo\":{\"@type\":\"ImageObject\",\"inLanguage\":\"pt-BR\",\"@id\":\"https:\/\/upconsultas.com.br\/blog\/#\/schema\/logo\/image\/\",\"url\":\"https:\/\/upconsultas.com.br\/blog\/wp-content\/uploads\/2024\/09\/cropped-Azul_v3.png\",\"contentUrl\":\"https:\/\/upconsultas.com.br\/blog\/wp-content\/uploads\/2024\/09\/cropped-Azul_v3.png\",\"width\":350,\"height\":199,\"caption\":\"UP Consultas\"},\"image\":{\"@id\":\"https:\/\/upconsultas.com.br\/blog\/#\/schema\/logo\/image\/\"}},{\"@type\":\"Person\",\"@id\":\"https:\/\/upconsultas.com.br\/blog\/#\/schema\/person\/7989e66c6d2f68e50be6c07a2d492e52\",\"name\":\"UP Consultas Brasil\",\"image\":{\"@type\":\"ImageObject\",\"inLanguage\":\"pt-BR\",\"@id\":\"https:\/\/upconsultas.com.br\/blog\/#\/schema\/person\/image\/\",\"url\":\"https:\/\/secure.gravatar.com\/avatar\/02f760804f39d0748d6cafbf5ca3b6e9?s=96&d=mm&r=g\",\"contentUrl\":\"https:\/\/secure.gravatar.com\/avatar\/02f760804f39d0748d6cafbf5ca3b6e9?s=96&d=mm&r=g\",\"caption\":\"UP Consultas Brasil\"},\"sameAs\":[\"http:\/\/blog.upconsultas.com.br\"],\"url\":\"https:\/\/upconsultas.com.br\/blog\/author\/pachecopauluciofgmail-com\/\"}]}<\/script>\n<!-- \/ Yoast SEO plugin. -->","yoast_head_json":{"title":"Alexandre de Moraes abre inqu\u00e9rito contra Fl\u00e1vio Bolsonaro por post sobre Lula - UP Consultas","robots":{"index":"index","follow":"follow","max-snippet":"max-snippet:-1","max-image-preview":"max-image-preview:large","max-video-preview":"max-video-preview:-1"},"canonical":"https:\/\/upconsultas.com.br\/blog\/alexandre-de-moraes-abre-inquerito-contra-flavio-bolsonaro-por-post-sobre-lula\/","og_locale":"pt_BR","og_type":"article","og_title":"Alexandre de Moraes abre inqu\u00e9rito contra Fl\u00e1vio Bolsonaro por post sobre Lula - UP Consultas","og_description":"Via @portalmigalhas |\u00a0O ministro Alexandre de Moraes, do STF, determinou a instaura\u00e7\u00e3o de inqu\u00e9rito para","og_url":"https:\/\/upconsultas.com.br\/blog\/alexandre-de-moraes-abre-inquerito-contra-flavio-bolsonaro-por-post-sobre-lula\/","og_site_name":"UP Consultas","article_published_time":"2026-04-15T14:56:06+00:00","og_image":[{"url":"https:\/\/blogger.googleusercontent.com\/img\/b\/R29vZ2xl\/AVvXsEjPFWKdtQLFKGtk_XU31idcRrerg1eRMhE4zl__dFa-2EcYtPhqhptaK_KIK7cILt802DNH_PWrj7bD474ycuR7QFIHZJvJMXIq355qzChPbJyeoxzM9a2t1O2EV7jtBX8yyyJ4Xa8TvJinOerLF8GqlW2iieKffxphut2we8IYqohyphenhyphene1HNnFGKKjAqpbI\/s16000-rw\/stf-alexandre-moraes-abre-inquerito-flavio-bolsonaro-post-lula.webp"}],"author":"UP Consultas Brasil","twitter_card":"summary_large_image","twitter_misc":{"Escrito por":"UP Consultas Brasil","Est. tempo de leitura":"2 minutos"},"schema":{"@context":"https:\/\/schema.org","@graph":[{"@type":"Article","@id":"https:\/\/upconsultas.com.br\/blog\/alexandre-de-moraes-abre-inquerito-contra-flavio-bolsonaro-por-post-sobre-lula\/#article","isPartOf":{"@id":"https:\/\/upconsultas.com.br\/blog\/alexandre-de-moraes-abre-inquerito-contra-flavio-bolsonaro-por-post-sobre-lula\/"},"author":{"name":"UP Consultas Brasil","@id":"https:\/\/upconsultas.com.br\/blog\/#\/schema\/person\/7989e66c6d2f68e50be6c07a2d492e52"},"headline":"Alexandre de Moraes abre inqu\u00e9rito contra Fl\u00e1vio Bolsonaro por post sobre Lula","datePublished":"2026-04-15T14:56:06+00:00","dateModified":"2026-04-15T14:56:06+00:00","mainEntityOfPage":{"@id":"https:\/\/upconsultas.com.br\/blog\/alexandre-de-moraes-abre-inquerito-contra-flavio-bolsonaro-por-post-sobre-lula\/"},"wordCount":351,"commentCount":0,"publisher":{"@id":"https:\/\/upconsultas.com.br\/blog\/#organization"},"keywords":["abre","Alexandre","Bolsonaro","contra","Fl\u00e1vio","Inqu\u00e9rito","Lula","Moraes","por","post","sobre"],"articleSection":["Advocacia"],"inLanguage":"pt-BR","potentialAction":[{"@type":"CommentAction","name":"Comment","target":["https:\/\/upconsultas.com.br\/blog\/alexandre-de-moraes-abre-inquerito-contra-flavio-bolsonaro-por-post-sobre-lula\/#respond"]}]},{"@type":"WebPage","@id":"https:\/\/upconsultas.com.br\/blog\/alexandre-de-moraes-abre-inquerito-contra-flavio-bolsonaro-por-post-sobre-lula\/","url":"https:\/\/upconsultas.com.br\/blog\/alexandre-de-moraes-abre-inquerito-contra-flavio-bolsonaro-por-post-sobre-lula\/","name":"Alexandre de Moraes abre inqu\u00e9rito contra Fl\u00e1vio Bolsonaro por post sobre Lula - UP Consultas","isPartOf":{"@id":"https:\/\/upconsultas.com.br\/blog\/#website"},"datePublished":"2026-04-15T14:56:06+00:00","dateModified":"2026-04-15T14:56:06+00:00","breadcrumb":{"@id":"https:\/\/upconsultas.com.br\/blog\/alexandre-de-moraes-abre-inquerito-contra-flavio-bolsonaro-por-post-sobre-lula\/#breadcrumb"},"inLanguage":"pt-BR","potentialAction":[{"@type":"ReadAction","target":["https:\/\/upconsultas.com.br\/blog\/alexandre-de-moraes-abre-inquerito-contra-flavio-bolsonaro-por-post-sobre-lula\/"]}]},{"@type":"BreadcrumbList","@id":"https:\/\/upconsultas.com.br\/blog\/alexandre-de-moraes-abre-inquerito-contra-flavio-bolsonaro-por-post-sobre-lula\/#breadcrumb","itemListElement":[{"@type":"ListItem","position":1,"name":"In\u00edcio","item":"https:\/\/upconsultas.com.br\/blog\/"},{"@type":"ListItem","position":2,"name":"Alexandre de Moraes abre inqu\u00e9rito contra Fl\u00e1vio Bolsonaro por post sobre Lula"}]},{"@type":"WebSite","@id":"https:\/\/upconsultas.com.br\/blog\/#website","url":"https:\/\/upconsultas.com.br\/blog\/","name":"UP Consultas","description":"Portal de consultas, CPF, CNPJ e Veiculos","publisher":{"@id":"https:\/\/upconsultas.com.br\/blog\/#organization"},"potentialAction":[{"@type":"SearchAction","target":{"@type":"EntryPoint","urlTemplate":"https:\/\/upconsultas.com.br\/blog\/?s={search_term_string}"},"query-input":"required name=search_term_string"}],"inLanguage":"pt-BR"},{"@type":"Organization","@id":"https:\/\/upconsultas.com.br\/blog\/#organization","name":"UP Consultas","url":"https:\/\/upconsultas.com.br\/blog\/","logo":{"@type":"ImageObject","inLanguage":"pt-BR","@id":"https:\/\/upconsultas.com.br\/blog\/#\/schema\/logo\/image\/","url":"https:\/\/upconsultas.com.br\/blog\/wp-content\/uploads\/2024\/09\/cropped-Azul_v3.png","contentUrl":"https:\/\/upconsultas.com.br\/blog\/wp-content\/uploads\/2024\/09\/cropped-Azul_v3.png","width":350,"height":199,"caption":"UP Consultas"},"image":{"@id":"https:\/\/upconsultas.com.br\/blog\/#\/schema\/logo\/image\/"}},{"@type":"Person","@id":"https:\/\/upconsultas.com.br\/blog\/#\/schema\/person\/7989e66c6d2f68e50be6c07a2d492e52","name":"UP Consultas Brasil","image":{"@type":"ImageObject","inLanguage":"pt-BR","@id":"https:\/\/upconsultas.com.br\/blog\/#\/schema\/person\/image\/","url":"https:\/\/secure.gravatar.com\/avatar\/02f760804f39d0748d6cafbf5ca3b6e9?s=96&d=mm&r=g","contentUrl":"https:\/\/secure.gravatar.com\/avatar\/02f760804f39d0748d6cafbf5ca3b6e9?s=96&d=mm&r=g","caption":"UP Consultas Brasil"},"sameAs":["http:\/\/blog.upconsultas.com.br"],"url":"https:\/\/upconsultas.com.br\/blog\/author\/pachecopauluciofgmail-com\/"}]}},"jetpack_sharing_enabled":true,"featured_image_urls":{"full":["https:\/\/upconsultas.com.br\/blog\/wp-content\/uploads\/2026\/04\/stf-alexandre-moraes-abre-inquerito-flavio-bolsonaro-post-lula.webp.jpeg",920,518,false],"thumbnail":["https:\/\/upconsultas.com.br\/blog\/wp-content\/uploads\/2026\/04\/stf-alexandre-moraes-abre-inquerito-flavio-bolsonaro-post-lula.webp-150x150.jpeg",150,150,true],"medium":["https:\/\/upconsultas.com.br\/blog\/wp-content\/uploads\/2026\/04\/stf-alexandre-moraes-abre-inquerito-flavio-bolsonaro-post-lula.webp-300x169.jpeg",300,169,true],"medium_large":["https:\/\/upconsultas.com.br\/blog\/wp-content\/uploads\/2026\/04\/stf-alexandre-moraes-abre-inquerito-flavio-bolsonaro-post-lula.webp-768x432.jpeg",640,360,true],"large":["https:\/\/upconsultas.com.br\/blog\/wp-content\/uploads\/2026\/04\/stf-alexandre-moraes-abre-inquerito-flavio-bolsonaro-post-lula.webp.jpeg",640,360,false],"1536x1536":["https:\/\/upconsultas.com.br\/blog\/wp-content\/uploads\/2026\/04\/stf-alexandre-moraes-abre-inquerito-flavio-bolsonaro-post-lula.webp.jpeg",920,518,false],"2048x2048":["https:\/\/upconsultas.com.br\/blog\/wp-content\/uploads\/2026\/04\/stf-alexandre-moraes-abre-inquerito-flavio-bolsonaro-post-lula.webp.jpeg",920,518,false],"chromenews-featured":["https:\/\/upconsultas.com.br\/blog\/wp-content\/uploads\/2026\/04\/stf-alexandre-moraes-abre-inquerito-flavio-bolsonaro-post-lula.webp.jpeg",920,518,false],"chromenews-large":["https:\/\/upconsultas.com.br\/blog\/wp-content\/uploads\/2026\/04\/stf-alexandre-moraes-abre-inquerito-flavio-bolsonaro-post-lula.webp-825x518.jpeg",825,518,true],"chromenews-medium":["https:\/\/upconsultas.com.br\/blog\/wp-content\/uploads\/2026\/04\/stf-alexandre-moraes-abre-inquerito-flavio-bolsonaro-post-lula.webp-590x410.jpeg",590,410,true]},"author_info":{"display_name":"UP Consultas Brasil","author_link":"https:\/\/upconsultas.com.br\/blog\/author\/pachecopauluciofgmail-com\/"},"category_info":"<a href=\"https:\/\/upconsultas.com.br\/blog\/categoria\/advocacia\/\" rel=\"category tag\">Advocacia<\/a>","tag_info":"Advocacia","comment_count":"0","jetpack_featured_media_url":"https:\/\/upconsultas.com.br\/blog\/wp-content\/uploads\/2026\/04\/stf-alexandre-moraes-abre-inquerito-flavio-bolsonaro-post-lula.webp.jpeg","_links":{"self":[{"href":"https:\/\/upconsultas.com.br\/blog\/wp-json\/wp\/v2\/posts\/5252"}],"collection":[{"href":"https:\/\/upconsultas.com.br\/blog\/wp-json\/wp\/v2\/posts"}],"about":[{"href":"https:\/\/upconsultas.com.br\/blog\/wp-json\/wp\/v2\/types\/post"}],"author":[{"embeddable":true,"href":"https:\/\/upconsultas.com.br\/blog\/wp-json\/wp\/v2\/users\/1"}],"replies":[{"embeddable":true,"href":"https:\/\/upconsultas.com.br\/blog\/wp-json\/wp\/v2\/comments?post=5252"}],"version-history":[{"count":0,"href":"https:\/\/upconsultas.com.br\/blog\/wp-json\/wp\/v2\/posts\/5252\/revisions"}],"wp:featuredmedia":[{"embeddable":true,"href":"https:\/\/upconsultas.com.br\/blog\/wp-json\/wp\/v2\/media\/5253"}],"wp:attachment":[{"href":"https:\/\/upconsultas.com.br\/blog\/wp-json\/wp\/v2\/media?parent=5252"}],"wp:term":[{"taxonomy":"category","embeddable":true,"href":"https:\/\/upconsultas.com.br\/blog\/wp-json\/wp\/v2\/categories?post=5252"},{"taxonomy":"post_tag","embeddable":true,"href":"https:\/\/upconsultas.com.br\/blog\/wp-json\/wp\/v2\/tags?post=5252"}],"curies":[{"name":"wp","href":"https:\/\/api.w.org\/{rel}","templated":true}]}}