{"id":5362,"date":"2026-04-20T09:52:07","date_gmt":"2026-04-20T12:52:07","guid":{"rendered":"https:\/\/upconsultas.com.br\/blog\/lula-assina-decreto-que-regulamenta-auxilio-creche-e-reduz-jornada-de-terceirizados-para-40h\/"},"modified":"2026-04-20T09:52:07","modified_gmt":"2026-04-20T12:52:07","slug":"lula-assina-decreto-que-regulamenta-auxilio-creche-e-reduz-jornada-de-terceirizados-para-40h","status":"publish","type":"post","link":"https:\/\/upconsultas.com.br\/blog\/lula-assina-decreto-que-regulamenta-auxilio-creche-e-reduz-jornada-de-terceirizados-para-40h\/","title":{"rendered":"Lula assina decreto que regulamenta aux\u00edlio-creche e reduz jornada de terceirizados para 40h"},"content":{"rendered":"<p><\/p>\n<div id=\"post-body\">\n<div id=\"conteudo-target\">\n<div class=\"separator\" style=\"clear: both; text-align: center;\"><a href=\"https:\/\/blogger.googleusercontent.com\/img\/b\/R29vZ2xl\/AVvXsEhO4HrVmWW-LvxK2Ju2mk0AD2oUGLtB8fc38TeBWs-SgwLe2XxBnLEtN3E-wXjgdZy4eSBXguW74Bna4gNTOnMBw_k9mJleTs9vHNKwqVq9aY2W5uhZZ_vPar6MAClBbWHPk7YIMa-VQD19E5d2XRin-I2gKmEWtpi_R6lCd0vnvSVpuE-um-y4ET5t5xI\/s920\/lula-assina-decreto-regulamenta-auxilio-creche-reduz-jornada-terceirizados-40h.webp\" style=\"margin-left: 1em; margin-right: 1em;\"><\/a><\/div>\n<p>Via <b><a href=\"https:\/\/www.instagram.com\/sbtnews\/\" target=\"_blank\" rel=\"noopener\">@sbtnews<\/a><\/b> |\u00a0O <b>presidente Luiz In\u00e1cio Lula da Silva<\/b> (PT) assinou a regulamenta\u00e7\u00e3o do <b>reembolso-creche para trabalhadores terceirizados que atuam na administra\u00e7\u00e3o p\u00fablica federal<\/b>. A medida passa a valer imediatamente e prev\u00ea o <b>pagamento de at\u00e9 R$ 526,64 por dependente<\/b>. O decreto tamb\u00e9m<b> reduz a jornada semanal de 44 horas para 40 horas, sem corte de sal\u00e1rio, para esses profissionais<\/b>.<\/p>\n<p>Na pr\u00e1tica, as regras se aplicam a contratos de presta\u00e7\u00e3o de servi\u00e7os com dedica\u00e7\u00e3o exclusiva de m\u00e3o de obra firmados por \u00f3rg\u00e3os federais, ou seja, empresas terceirizadas que <b>prestam servi\u00e7o ao governo<\/b>, como limpeza, vigil\u00e2ncia e apoio administrativo. Esses trabalhadores passam a ter acesso a <b>direitos semelhantes aos dos servidores p\u00fablicos<\/b>.<\/p>\n<p>O aux\u00edlio-creche dever\u00e1 ser solicitado \u00e0s empresas contratadas, que v\u00e3o reunir as informa\u00e7\u00f5es e repass\u00e1-las ao \u00f3rg\u00e3o p\u00fablico respons\u00e1vel pelo contrato.<\/p>\n<p>Segundo Lula, o pagamento pode come\u00e7ar rapidamente ap\u00f3s o envio da documenta\u00e7\u00e3o.<b> \u201cSe voc\u00eas mandarem as informa\u00e7\u00f5es amanh\u00e3, daqui a poucos dias voc\u00eas j\u00e1 podem receber esse reembolso\u201d<\/b>, afirmou. O presidente tamb\u00e9m orientou que eventuais atrasos sejam denunciados aos sindicatos.<\/p>\n<p>Ao comentar a medida, Lula associou o benef\u00edcio \u00e0 necessidade de ampliar a <b>participa\u00e7\u00e3o feminina na pol\u00edtica<\/b>. Ele destacou que a falta de apoio no cuidado com os filhos ainda \u00e9 um obst\u00e1culo para muitas mulheres.<\/p>\n<blockquote style=\"border-color: currentcolor; border-image: initial; border-style: none; border-width: medium; border: none; margin: 0px 0px 0px 40px; padding: 0px;\">\n<p style=\"text-align: left;\"><b>\u201cSe a mulher tem dois filhos, tr\u00eas filhos, um filho, quem \u00e9 que vai dar janta para aquela crian\u00e7a? Quem \u00e9 que vai dar banho naquela crian\u00e7a? Quem \u00e9 que vai colocar aquela crian\u00e7a para dormir se ela n\u00e3o tem nenhuma ajuda? Ent\u00e3o, ela est\u00e1 inferiorizada. Ela est\u00e1 prejudicada na parte participa\u00e7\u00e3o pol\u00edtica dela, porque a liberdade para ela \u00e9 mais te\u00f3rica do que pr\u00e1tica\u201d, afirmou.<\/b><\/p>\n<\/blockquote>\n<p>Al\u00e9m do aux\u00edlio, o governo ampliou a redu\u00e7\u00e3o da jornada semanal que deve beneficiar 60 mil trabalhadores terceirizados. A mudan\u00e7a d\u00e1 continuidade a a\u00e7\u00f5es iniciadas em 2024, quando parte das categorias j\u00e1 havia sido contemplada. A regra n\u00e3o se aplica aos profissionais que atuam em regime de escala de revezamento 12hx36h ou 24hx72h.<\/p>\n<p>Ao justificar as medidas, Lula relembrou o epis\u00f3dio dos ataques \u00e0s sedes dos Tr\u00eas Poderes, em 8 de janeiro de 2023, e disse que a experi\u00eancia influenciou sua vis\u00e3o sobre as condi\u00e7\u00f5es de trabalho. Segundo ele, ao retornar ao Pal\u00e1cio do Planalto ap\u00f3s a depreda\u00e7\u00e3o, encontrou trabalhadores terceirizados respons\u00e1veis pela limpeza do local, o que o levou a refletir sobre as diferen\u00e7as de tratamento entre categorias.<\/p>\n<blockquote style=\"border-color: currentcolor; border-image: initial; border-style: none; border-width: medium; border: none; margin: 0px 0px 0px 40px; padding: 0px;\">\n<p style=\"text-align: left;\"><b>\u201cFoi naquele instante que eu me dei conta que [&#8230;] n\u00e3o precisaria ter dois ou tr\u00eas tipos de categoria de trabalhadores e que a gente poderia trabalhar para tentar uniformizar [para que], pelo menos dentro do pal\u00e1cio, as pessoas fossem de uma s\u00f3 categoria, porque \u00e9 sempre muito desagrad\u00e1vel voc\u00ea saber que tem uma pessoa de primeira categoria, outra de segunda, outra de terceira\u201d, disse.<\/b><\/p>\n<\/blockquote>\n<p>As medidas fazem parte de um conjunto de pol\u00edticas voltadas \u00e0 valoriza\u00e7\u00e3o do trabalho dos terceirizados na administra\u00e7\u00e3o p\u00fablica federal, que incluem ainda programa\u00e7\u00e3o de f\u00e9rias, recesso de fim de ano e contrata\u00e7\u00e3o com base no piso das categorias.<\/p>\n<p><b>Jessica Cardoso<br \/><\/b>Foto: <b>Adriano Machado<\/b>\/Reuters<br \/>Fonte:\u00a0<b><a href=\"https:\/\/www.instagram.com\/sbtnews\/\" target=\"_blank\" rel=\"noopener\">@sbtnews<\/a><\/b><\/p>\n<\/div>\n<\/div>\n<p><script>\n  !function(f,b,e,v,n,t,s)\n  {if(f.fbq)return;n=f.fbq=function(){n.callMethod?\n  n.callMethod.apply(n,arguments):n.queue.push(arguments)};\n  if(!f._fbq)f._fbq=n;n.push=n;n.loaded=!0;n.version='2.0';\n  n.queue=[];t=b.createElement(e);t.async=!0;\n  t.src=v;s=b.getElementsByTagName(e)[0];\n  s.parentNode.insertBefore(t,s)}(window, document,'script',\n  '\n  fbq('init', '697261525894352');\n  fbq('track', 'PageView');\n<\/script><script async src=\"\/\/www.instagram.com\/embed.js\"><\/script><\/p>\n","protected":false},"excerpt":{"rendered":"<p>Via @sbtnews |\u00a0O presidente Luiz In\u00e1cio Lula da Silva (PT) assinou a regulamenta\u00e7\u00e3o do reembolso-creche<\/p>\n","protected":false},"author":1,"featured_media":5363,"comment_status":"open","ping_status":"open","sticky":false,"template":"","format":"standard","meta":{"footnotes":""},"categories":[315],"tags":[4651,1977,4649,2045,432,627,356,640,2429,4650],"yoast_head":"<!-- This site is optimized with the Yoast SEO plugin v20.1 - https:\/\/yoast.com\/wordpress\/plugins\/seo\/ -->\n<title>Lula assina decreto que regulamenta aux\u00edlio-creche e reduz jornada de terceirizados para 40h - UP Consultas<\/title>\n<meta name=\"robots\" content=\"index, follow, max-snippet:-1, max-image-preview:large, max-video-preview:-1\" \/>\n<link rel=\"canonical\" href=\"https:\/\/upconsultas.com.br\/blog\/lula-assina-decreto-que-regulamenta-auxilio-creche-e-reduz-jornada-de-terceirizados-para-40h\/\" \/>\n<meta property=\"og:locale\" content=\"pt_BR\" \/>\n<meta property=\"og:type\" content=\"article\" \/>\n<meta property=\"og:title\" content=\"Lula assina decreto que regulamenta aux\u00edlio-creche e reduz jornada de terceirizados para 40h - UP Consultas\" \/>\n<meta property=\"og:description\" content=\"Via @sbtnews |\u00a0O presidente Luiz In\u00e1cio Lula da Silva (PT) assinou a regulamenta\u00e7\u00e3o do reembolso-creche\" \/>\n<meta property=\"og:url\" content=\"https:\/\/upconsultas.com.br\/blog\/lula-assina-decreto-que-regulamenta-auxilio-creche-e-reduz-jornada-de-terceirizados-para-40h\/\" \/>\n<meta property=\"og:site_name\" content=\"UP Consultas\" \/>\n<meta property=\"article:published_time\" content=\"2026-04-20T12:52:07+00:00\" \/>\n<meta property=\"og:image\" content=\"https:\/\/blogger.googleusercontent.com\/img\/b\/R29vZ2xl\/AVvXsEhO4HrVmWW-LvxK2Ju2mk0AD2oUGLtB8fc38TeBWs-SgwLe2XxBnLEtN3E-wXjgdZy4eSBXguW74Bna4gNTOnMBw_k9mJleTs9vHNKwqVq9aY2W5uhZZ_vPar6MAClBbWHPk7YIMa-VQD19E5d2XRin-I2gKmEWtpi_R6lCd0vnvSVpuE-um-y4ET5t5xI\/s16000-rw\/lula-assina-decreto-regulamenta-auxilio-creche-reduz-jornada-terceirizados-40h.webp\" \/>\n<meta name=\"author\" content=\"UP Consultas Brasil\" \/>\n<meta name=\"twitter:card\" content=\"summary_large_image\" \/>\n<meta name=\"twitter:label1\" content=\"Escrito por\" \/>\n\t<meta name=\"twitter:data1\" content=\"UP Consultas Brasil\" \/>\n\t<meta name=\"twitter:label2\" content=\"Est. tempo de leitura\" \/>\n\t<meta name=\"twitter:data2\" content=\"3 minutos\" \/>\n<script type=\"application\/ld+json\" class=\"yoast-schema-graph\">{\"@context\":\"https:\/\/schema.org\",\"@graph\":[{\"@type\":\"Article\",\"@id\":\"https:\/\/upconsultas.com.br\/blog\/lula-assina-decreto-que-regulamenta-auxilio-creche-e-reduz-jornada-de-terceirizados-para-40h\/#article\",\"isPartOf\":{\"@id\":\"https:\/\/upconsultas.com.br\/blog\/lula-assina-decreto-que-regulamenta-auxilio-creche-e-reduz-jornada-de-terceirizados-para-40h\/\"},\"author\":{\"name\":\"UP Consultas Brasil\",\"@id\":\"https:\/\/upconsultas.com.br\/blog\/#\/schema\/person\/7989e66c6d2f68e50be6c07a2d492e52\"},\"headline\":\"Lula assina decreto que regulamenta aux\u00edlio-creche e reduz jornada de terceirizados para 40h\",\"datePublished\":\"2026-04-20T12:52:07+00:00\",\"dateModified\":\"2026-04-20T12:52:07+00:00\",\"mainEntityOfPage\":{\"@id\":\"https:\/\/upconsultas.com.br\/blog\/lula-assina-decreto-que-regulamenta-auxilio-creche-e-reduz-jornada-de-terceirizados-para-40h\/\"},\"wordCount\":574,\"commentCount\":0,\"publisher\":{\"@id\":\"https:\/\/upconsultas.com.br\/blog\/#organization\"},\"keywords\":[\"40h\",\"assina\",\"aux\u00edliocreche\",\"decreto\",\"jornada\",\"Lula\",\"para\",\"reduz\",\"regulamenta\",\"terceirizados\"],\"articleSection\":[\"Advocacia\"],\"inLanguage\":\"pt-BR\",\"potentialAction\":[{\"@type\":\"CommentAction\",\"name\":\"Comment\",\"target\":[\"https:\/\/upconsultas.com.br\/blog\/lula-assina-decreto-que-regulamenta-auxilio-creche-e-reduz-jornada-de-terceirizados-para-40h\/#respond\"]}]},{\"@type\":\"WebPage\",\"@id\":\"https:\/\/upconsultas.com.br\/blog\/lula-assina-decreto-que-regulamenta-auxilio-creche-e-reduz-jornada-de-terceirizados-para-40h\/\",\"url\":\"https:\/\/upconsultas.com.br\/blog\/lula-assina-decreto-que-regulamenta-auxilio-creche-e-reduz-jornada-de-terceirizados-para-40h\/\",\"name\":\"Lula assina decreto que regulamenta aux\u00edlio-creche e reduz jornada de terceirizados para 40h - UP Consultas\",\"isPartOf\":{\"@id\":\"https:\/\/upconsultas.com.br\/blog\/#website\"},\"datePublished\":\"2026-04-20T12:52:07+00:00\",\"dateModified\":\"2026-04-20T12:52:07+00:00\",\"breadcrumb\":{\"@id\":\"https:\/\/upconsultas.com.br\/blog\/lula-assina-decreto-que-regulamenta-auxilio-creche-e-reduz-jornada-de-terceirizados-para-40h\/#breadcrumb\"},\"inLanguage\":\"pt-BR\",\"potentialAction\":[{\"@type\":\"ReadAction\",\"target\":[\"https:\/\/upconsultas.com.br\/blog\/lula-assina-decreto-que-regulamenta-auxilio-creche-e-reduz-jornada-de-terceirizados-para-40h\/\"]}]},{\"@type\":\"BreadcrumbList\",\"@id\":\"https:\/\/upconsultas.com.br\/blog\/lula-assina-decreto-que-regulamenta-auxilio-creche-e-reduz-jornada-de-terceirizados-para-40h\/#breadcrumb\",\"itemListElement\":[{\"@type\":\"ListItem\",\"position\":1,\"name\":\"In\u00edcio\",\"item\":\"https:\/\/upconsultas.com.br\/blog\/\"},{\"@type\":\"ListItem\",\"position\":2,\"name\":\"Lula assina decreto que regulamenta aux\u00edlio-creche e reduz jornada de terceirizados para 40h\"}]},{\"@type\":\"WebSite\",\"@id\":\"https:\/\/upconsultas.com.br\/blog\/#website\",\"url\":\"https:\/\/upconsultas.com.br\/blog\/\",\"name\":\"UP Consultas\",\"description\":\"Portal de consultas, CPF, CNPJ e Veiculos\",\"publisher\":{\"@id\":\"https:\/\/upconsultas.com.br\/blog\/#organization\"},\"potentialAction\":[{\"@type\":\"SearchAction\",\"target\":{\"@type\":\"EntryPoint\",\"urlTemplate\":\"https:\/\/upconsultas.com.br\/blog\/?s={search_term_string}\"},\"query-input\":\"required name=search_term_string\"}],\"inLanguage\":\"pt-BR\"},{\"@type\":\"Organization\",\"@id\":\"https:\/\/upconsultas.com.br\/blog\/#organization\",\"name\":\"UP Consultas\",\"url\":\"https:\/\/upconsultas.com.br\/blog\/\",\"logo\":{\"@type\":\"ImageObject\",\"inLanguage\":\"pt-BR\",\"@id\":\"https:\/\/upconsultas.com.br\/blog\/#\/schema\/logo\/image\/\",\"url\":\"https:\/\/upconsultas.com.br\/blog\/wp-content\/uploads\/2024\/09\/cropped-Azul_v3.png\",\"contentUrl\":\"https:\/\/upconsultas.com.br\/blog\/wp-content\/uploads\/2024\/09\/cropped-Azul_v3.png\",\"width\":350,\"height\":199,\"caption\":\"UP Consultas\"},\"image\":{\"@id\":\"https:\/\/upconsultas.com.br\/blog\/#\/schema\/logo\/image\/\"}},{\"@type\":\"Person\",\"@id\":\"https:\/\/upconsultas.com.br\/blog\/#\/schema\/person\/7989e66c6d2f68e50be6c07a2d492e52\",\"name\":\"UP Consultas Brasil\",\"image\":{\"@type\":\"ImageObject\",\"inLanguage\":\"pt-BR\",\"@id\":\"https:\/\/upconsultas.com.br\/blog\/#\/schema\/person\/image\/\",\"url\":\"https:\/\/secure.gravatar.com\/avatar\/02f760804f39d0748d6cafbf5ca3b6e9?s=96&d=mm&r=g\",\"contentUrl\":\"https:\/\/secure.gravatar.com\/avatar\/02f760804f39d0748d6cafbf5ca3b6e9?s=96&d=mm&r=g\",\"caption\":\"UP Consultas Brasil\"},\"sameAs\":[\"http:\/\/blog.upconsultas.com.br\"],\"url\":\"https:\/\/upconsultas.com.br\/blog\/author\/pachecopauluciofgmail-com\/\"}]}<\/script>\n<!-- \/ Yoast SEO plugin. -->","yoast_head_json":{"title":"Lula assina decreto que regulamenta aux\u00edlio-creche e reduz jornada de terceirizados para 40h - UP Consultas","robots":{"index":"index","follow":"follow","max-snippet":"max-snippet:-1","max-image-preview":"max-image-preview:large","max-video-preview":"max-video-preview:-1"},"canonical":"https:\/\/upconsultas.com.br\/blog\/lula-assina-decreto-que-regulamenta-auxilio-creche-e-reduz-jornada-de-terceirizados-para-40h\/","og_locale":"pt_BR","og_type":"article","og_title":"Lula assina decreto que regulamenta aux\u00edlio-creche e reduz jornada de terceirizados para 40h - UP Consultas","og_description":"Via @sbtnews |\u00a0O presidente Luiz In\u00e1cio Lula da Silva (PT) assinou a regulamenta\u00e7\u00e3o do reembolso-creche","og_url":"https:\/\/upconsultas.com.br\/blog\/lula-assina-decreto-que-regulamenta-auxilio-creche-e-reduz-jornada-de-terceirizados-para-40h\/","og_site_name":"UP Consultas","article_published_time":"2026-04-20T12:52:07+00:00","og_image":[{"url":"https:\/\/blogger.googleusercontent.com\/img\/b\/R29vZ2xl\/AVvXsEhO4HrVmWW-LvxK2Ju2mk0AD2oUGLtB8fc38TeBWs-SgwLe2XxBnLEtN3E-wXjgdZy4eSBXguW74Bna4gNTOnMBw_k9mJleTs9vHNKwqVq9aY2W5uhZZ_vPar6MAClBbWHPk7YIMa-VQD19E5d2XRin-I2gKmEWtpi_R6lCd0vnvSVpuE-um-y4ET5t5xI\/s16000-rw\/lula-assina-decreto-regulamenta-auxilio-creche-reduz-jornada-terceirizados-40h.webp"}],"author":"UP Consultas Brasil","twitter_card":"summary_large_image","twitter_misc":{"Escrito por":"UP Consultas Brasil","Est. tempo de leitura":"3 minutos"},"schema":{"@context":"https:\/\/schema.org","@graph":[{"@type":"Article","@id":"https:\/\/upconsultas.com.br\/blog\/lula-assina-decreto-que-regulamenta-auxilio-creche-e-reduz-jornada-de-terceirizados-para-40h\/#article","isPartOf":{"@id":"https:\/\/upconsultas.com.br\/blog\/lula-assina-decreto-que-regulamenta-auxilio-creche-e-reduz-jornada-de-terceirizados-para-40h\/"},"author":{"name":"UP Consultas Brasil","@id":"https:\/\/upconsultas.com.br\/blog\/#\/schema\/person\/7989e66c6d2f68e50be6c07a2d492e52"},"headline":"Lula assina decreto que regulamenta aux\u00edlio-creche e reduz jornada de terceirizados para 40h","datePublished":"2026-04-20T12:52:07+00:00","dateModified":"2026-04-20T12:52:07+00:00","mainEntityOfPage":{"@id":"https:\/\/upconsultas.com.br\/blog\/lula-assina-decreto-que-regulamenta-auxilio-creche-e-reduz-jornada-de-terceirizados-para-40h\/"},"wordCount":574,"commentCount":0,"publisher":{"@id":"https:\/\/upconsultas.com.br\/blog\/#organization"},"keywords":["40h","assina","aux\u00edliocreche","decreto","jornada","Lula","para","reduz","regulamenta","terceirizados"],"articleSection":["Advocacia"],"inLanguage":"pt-BR","potentialAction":[{"@type":"CommentAction","name":"Comment","target":["https:\/\/upconsultas.com.br\/blog\/lula-assina-decreto-que-regulamenta-auxilio-creche-e-reduz-jornada-de-terceirizados-para-40h\/#respond"]}]},{"@type":"WebPage","@id":"https:\/\/upconsultas.com.br\/blog\/lula-assina-decreto-que-regulamenta-auxilio-creche-e-reduz-jornada-de-terceirizados-para-40h\/","url":"https:\/\/upconsultas.com.br\/blog\/lula-assina-decreto-que-regulamenta-auxilio-creche-e-reduz-jornada-de-terceirizados-para-40h\/","name":"Lula assina decreto que regulamenta aux\u00edlio-creche e reduz jornada de terceirizados para 40h - UP Consultas","isPartOf":{"@id":"https:\/\/upconsultas.com.br\/blog\/#website"},"datePublished":"2026-04-20T12:52:07+00:00","dateModified":"2026-04-20T12:52:07+00:00","breadcrumb":{"@id":"https:\/\/upconsultas.com.br\/blog\/lula-assina-decreto-que-regulamenta-auxilio-creche-e-reduz-jornada-de-terceirizados-para-40h\/#breadcrumb"},"inLanguage":"pt-BR","potentialAction":[{"@type":"ReadAction","target":["https:\/\/upconsultas.com.br\/blog\/lula-assina-decreto-que-regulamenta-auxilio-creche-e-reduz-jornada-de-terceirizados-para-40h\/"]}]},{"@type":"BreadcrumbList","@id":"https:\/\/upconsultas.com.br\/blog\/lula-assina-decreto-que-regulamenta-auxilio-creche-e-reduz-jornada-de-terceirizados-para-40h\/#breadcrumb","itemListElement":[{"@type":"ListItem","position":1,"name":"In\u00edcio","item":"https:\/\/upconsultas.com.br\/blog\/"},{"@type":"ListItem","position":2,"name":"Lula assina decreto que regulamenta aux\u00edlio-creche e reduz jornada de terceirizados para 40h"}]},{"@type":"WebSite","@id":"https:\/\/upconsultas.com.br\/blog\/#website","url":"https:\/\/upconsultas.com.br\/blog\/","name":"UP Consultas","description":"Portal de consultas, CPF, CNPJ e Veiculos","publisher":{"@id":"https:\/\/upconsultas.com.br\/blog\/#organization"},"potentialAction":[{"@type":"SearchAction","target":{"@type":"EntryPoint","urlTemplate":"https:\/\/upconsultas.com.br\/blog\/?s={search_term_string}"},"query-input":"required name=search_term_string"}],"inLanguage":"pt-BR"},{"@type":"Organization","@id":"https:\/\/upconsultas.com.br\/blog\/#organization","name":"UP Consultas","url":"https:\/\/upconsultas.com.br\/blog\/","logo":{"@type":"ImageObject","inLanguage":"pt-BR","@id":"https:\/\/upconsultas.com.br\/blog\/#\/schema\/logo\/image\/","url":"https:\/\/upconsultas.com.br\/blog\/wp-content\/uploads\/2024\/09\/cropped-Azul_v3.png","contentUrl":"https:\/\/upconsultas.com.br\/blog\/wp-content\/uploads\/2024\/09\/cropped-Azul_v3.png","width":350,"height":199,"caption":"UP Consultas"},"image":{"@id":"https:\/\/upconsultas.com.br\/blog\/#\/schema\/logo\/image\/"}},{"@type":"Person","@id":"https:\/\/upconsultas.com.br\/blog\/#\/schema\/person\/7989e66c6d2f68e50be6c07a2d492e52","name":"UP Consultas Brasil","image":{"@type":"ImageObject","inLanguage":"pt-BR","@id":"https:\/\/upconsultas.com.br\/blog\/#\/schema\/person\/image\/","url":"https:\/\/secure.gravatar.com\/avatar\/02f760804f39d0748d6cafbf5ca3b6e9?s=96&d=mm&r=g","contentUrl":"https:\/\/secure.gravatar.com\/avatar\/02f760804f39d0748d6cafbf5ca3b6e9?s=96&d=mm&r=g","caption":"UP Consultas Brasil"},"sameAs":["http:\/\/blog.upconsultas.com.br"],"url":"https:\/\/upconsultas.com.br\/blog\/author\/pachecopauluciofgmail-com\/"}]}},"jetpack_sharing_enabled":true,"featured_image_urls":{"full":["https:\/\/upconsultas.com.br\/blog\/wp-content\/uploads\/2026\/04\/lula-assina-decreto-regulamenta-auxilio-creche-reduz-jornada-terceirizados-40h.webp.jpeg",920,518,false],"thumbnail":["https:\/\/upconsultas.com.br\/blog\/wp-content\/uploads\/2026\/04\/lula-assina-decreto-regulamenta-auxilio-creche-reduz-jornada-terceirizados-40h.webp-150x150.jpeg",150,150,true],"medium":["https:\/\/upconsultas.com.br\/blog\/wp-content\/uploads\/2026\/04\/lula-assina-decreto-regulamenta-auxilio-creche-reduz-jornada-terceirizados-40h.webp-300x169.jpeg",300,169,true],"medium_large":["https:\/\/upconsultas.com.br\/blog\/wp-content\/uploads\/2026\/04\/lula-assina-decreto-regulamenta-auxilio-creche-reduz-jornada-terceirizados-40h.webp-768x432.jpeg",640,360,true],"large":["https:\/\/upconsultas.com.br\/blog\/wp-content\/uploads\/2026\/04\/lula-assina-decreto-regulamenta-auxilio-creche-reduz-jornada-terceirizados-40h.webp.jpeg",640,360,false],"1536x1536":["https:\/\/upconsultas.com.br\/blog\/wp-content\/uploads\/2026\/04\/lula-assina-decreto-regulamenta-auxilio-creche-reduz-jornada-terceirizados-40h.webp.jpeg",920,518,false],"2048x2048":["https:\/\/upconsultas.com.br\/blog\/wp-content\/uploads\/2026\/04\/lula-assina-decreto-regulamenta-auxilio-creche-reduz-jornada-terceirizados-40h.webp.jpeg",920,518,false],"chromenews-featured":["https:\/\/upconsultas.com.br\/blog\/wp-content\/uploads\/2026\/04\/lula-assina-decreto-regulamenta-auxilio-creche-reduz-jornada-terceirizados-40h.webp.jpeg",920,518,false],"chromenews-large":["https:\/\/upconsultas.com.br\/blog\/wp-content\/uploads\/2026\/04\/lula-assina-decreto-regulamenta-auxilio-creche-reduz-jornada-terceirizados-40h.webp-825x518.jpeg",825,518,true],"chromenews-medium":["https:\/\/upconsultas.com.br\/blog\/wp-content\/uploads\/2026\/04\/lula-assina-decreto-regulamenta-auxilio-creche-reduz-jornada-terceirizados-40h.webp-590x410.jpeg",590,410,true]},"author_info":{"display_name":"UP Consultas Brasil","author_link":"https:\/\/upconsultas.com.br\/blog\/author\/pachecopauluciofgmail-com\/"},"category_info":"<a href=\"https:\/\/upconsultas.com.br\/blog\/categoria\/advocacia\/\" rel=\"category tag\">Advocacia<\/a>","tag_info":"Advocacia","comment_count":"0","jetpack_featured_media_url":"https:\/\/upconsultas.com.br\/blog\/wp-content\/uploads\/2026\/04\/lula-assina-decreto-regulamenta-auxilio-creche-reduz-jornada-terceirizados-40h.webp.jpeg","_links":{"self":[{"href":"https:\/\/upconsultas.com.br\/blog\/wp-json\/wp\/v2\/posts\/5362"}],"collection":[{"href":"https:\/\/upconsultas.com.br\/blog\/wp-json\/wp\/v2\/posts"}],"about":[{"href":"https:\/\/upconsultas.com.br\/blog\/wp-json\/wp\/v2\/types\/post"}],"author":[{"embeddable":true,"href":"https:\/\/upconsultas.com.br\/blog\/wp-json\/wp\/v2\/users\/1"}],"replies":[{"embeddable":true,"href":"https:\/\/upconsultas.com.br\/blog\/wp-json\/wp\/v2\/comments?post=5362"}],"version-history":[{"count":0,"href":"https:\/\/upconsultas.com.br\/blog\/wp-json\/wp\/v2\/posts\/5362\/revisions"}],"wp:featuredmedia":[{"embeddable":true,"href":"https:\/\/upconsultas.com.br\/blog\/wp-json\/wp\/v2\/media\/5363"}],"wp:attachment":[{"href":"https:\/\/upconsultas.com.br\/blog\/wp-json\/wp\/v2\/media?parent=5362"}],"wp:term":[{"taxonomy":"category","embeddable":true,"href":"https:\/\/upconsultas.com.br\/blog\/wp-json\/wp\/v2\/categories?post=5362"},{"taxonomy":"post_tag","embeddable":true,"href":"https:\/\/upconsultas.com.br\/blog\/wp-json\/wp\/v2\/tags?post=5362"}],"curies":[{"name":"wp","href":"https:\/\/api.w.org\/{rel}","templated":true}]}}