{"id":5396,"date":"2026-04-22T08:38:06","date_gmt":"2026-04-22T11:38:06","guid":{"rendered":"https:\/\/upconsultas.com.br\/blog\/stf-tem-maioria-por-aplicacao-imediata-da-aposentadoria-de-empregado-publico-aos-75-anos\/"},"modified":"2026-04-22T08:38:06","modified_gmt":"2026-04-22T11:38:06","slug":"stf-tem-maioria-por-aplicacao-imediata-da-aposentadoria-de-empregado-publico-aos-75-anos","status":"publish","type":"post","link":"https:\/\/upconsultas.com.br\/blog\/stf-tem-maioria-por-aplicacao-imediata-da-aposentadoria-de-empregado-publico-aos-75-anos\/","title":{"rendered":"STF tem maioria por aplica\u00e7\u00e3o imediata da aposentadoria de empregado p\u00fablico aos 75 anos"},"content":{"rendered":"<p><\/p>\n<div id=\"conteudo-target\">\n<div class=\"separator\" style=\"clear: both; text-align: center;\"><a href=\"https:\/\/blogger.googleusercontent.com\/img\/b\/R29vZ2xl\/AVvXsEj6x7RUMVOF3Gl1mDSz4iz6f57u5SxOb0g7kqy5C80llSK8gYypSMOwRwjpnD3c3-msWmDpLkjoROrqTXrfTKKUOrGBwDMgQzOL_nukIFbx-xBHOanpUH9IW8x4za_-QZKuZ8WButS16dF9M6paaPBQWlzMss7AZGKoxFvof-0G6Y1LlXqYJHKq1FMW0G0\/s920\/escandalos-ministros-stf-reacendem-debate-importancia-codigo-etica.webp\" style=\"margin-left: 1em; margin-right: 1em;\"><\/a><\/div>\n<p>Via <b><a href=\"https:\/\/www.instagram.com\/portalmigalhas\/\" target=\"_blank\" rel=\"noopener\">@portalmigalhas<\/a><\/b> |\u00a0O STF formou maioria para reconhecer a aplica\u00e7\u00e3o imediata da aposentadoria compuls\u00f3ria de empregados p\u00fablicos aos 75 anos, conforme previsto na reforma da Previd\u00eancia, <b><a href=\"https:\/\/www.planalto.gov.br\/ccivil_03\/constituicao\/emendas\/emc\/emc103.htm\" target=\"_blank\" rel=\"noopener\">EC 103\/19<\/a><\/b>. O caso teve repercuss\u00e3o geral reconhecida, <b><a href=\"https:\/\/portal.stf.jus.br\/jurisprudenciarepercussao\/verandamentoprocesso.asp?incidente=7051926&amp;numeroprocesso=1519008&amp;classeprocesso=re&amp;numerotema=1390\" target=\"_blank\" rel=\"noopener\">Tema 1.390<\/a><\/b>, e discute se a norma constitucional depende de regulamenta\u00e7\u00e3o ou se j\u00e1 pode produzir efeitos diretos.<\/p>\n<p>O\u00a0julgamento teve tramita\u00e7\u00e3o marcada por idas e vindas. Inicialmente analisado no plen\u00e1rio virtual, o processo foi destacado para sess\u00e3o presencial, quando o ministro Fl\u00e1vio Dino pediu vista, suspendendo a an\u00e1lise. Ap\u00f3s a devolu\u00e7\u00e3o, o caso retornou ao ambiente virtual.<\/p>\n<p>O relator, ministro Gilmar Mendes, votou pela aplicabilidade imediata da regra. A maioria foi consolidada com o voto da ministra C\u00e1rmen L\u00facia, que acompanhou o relator junto com os ministros Alexandre de Moraes, Cristiano Zanin e Dias Toffoli.<\/p>\n<p>Fl\u00e1vio Dino apresentou diverg\u00eancia parcial: embora concorde com a aplica\u00e7\u00e3o imediata da norma, entende que os efeitos financeiros do desligamento devem preservar direitos j\u00e1 incorporados ao patrim\u00f4nio dos trabalhadores.<\/p>\n<p>O julgamento tem t\u00e9rmino previsto para o pr\u00f3ximo dia 28, prazo em que os demais ministros ainda podem votar, pedir vista ou destacar o processo para julgamento presencial.<\/p>\n<h2 style=\"text-align: left;\">Entenda o caso<\/h2>\n<p>O recurso extraordin\u00e1rio foi interposto por empregada da Conab &#8211; Companhia Nacional de Abastecimento, desligada ao completar 75 anos de idade.<\/p>\n<p>Embora j\u00e1 estivesse aposentada pelo Regime Geral de Previd\u00eancia Social desde 1997, ela permaneceu em atividade at\u00e9 2022, quando teve o v\u00ednculo encerrado com base na aposentadoria compuls\u00f3ria prevista na CF.<\/p>\n<p>Na a\u00e7\u00e3o, argumentou que a regra constitucional n\u00e3o se aplicaria a empregados celetistas e que, por ter se aposentado antes da EC 103\/19, estaria protegida por regra de transi\u00e7\u00e3o.<\/p>\n<p>Defende ainda a nulidade da dispensa e pede reintegra\u00e7\u00e3o ou pagamento de verbas rescis\u00f3rias t\u00edpicas da dispensa sem justa causa.<\/p>\n<p>O TRF da 5\u00aa regi\u00e3o rejeitou os pedidos, reconhecendo a legitimidade do desligamento com base na nova reda\u00e7\u00e3o constitucional, o que motivou a interposi\u00e7\u00e3o do recurso ao STF.<\/p>\n<h2 style=\"text-align: left;\">Voto do relator<\/h2>\n<p>Ao votar, ministro Gilmar Mendes destacou que, antes da reforma previdenci\u00e1ria, o STF entendia que a aposentadoria compuls\u00f3ria n\u00e3o se aplicava a empregados p\u00fablicos, por estarem vinculados ao RGPS.<\/p>\n<p>Segundo o relator, esse cen\u00e1rio foi alterado pela EC 103\/19, que passou a prever expressamente, no art. 201, \u00a716, a aposentadoria compuls\u00f3ria desses trabalhadores.<\/p>\n<p>Gilmar afirmou que a norma tem aplica\u00e7\u00e3o imediata e n\u00e3o depende de regulamenta\u00e7\u00e3o, pois j\u00e1 existem par\u00e2metros suficientes no pr\u00f3prio texto constitucional e na legisla\u00e7\u00e3o vigente, especialmente a <b><a href=\"https:\/\/www.planalto.gov.br\/ccivil_03\/leis\/lcp\/lcp152.htm\" target=\"_blank\" rel=\"noopener\">LC 152\/15<\/a><\/b>, que fixa a idade de 75 anos.<\/p>\n<p>Para o ministro, a reforma buscou uniformizar o tratamento entre empregados p\u00fablicos e servidores estatut\u00e1rios, raz\u00e3o pela qual n\u00e3o haveria justificativa para afastar a incid\u00eancia da aposentadoria compuls\u00f3ria.<\/p>\n<p>O relator tamb\u00e9m concluiu que a extin\u00e7\u00e3o do v\u00ednculo, nesse caso, n\u00e3o configura dispensa imotivada, pois decorre de imposi\u00e7\u00e3o constitucional, afastando, assim, o pagamento de verbas rescis\u00f3rias t\u00edpicas.<\/p>\n<p>Ao final, votou por negar provimento ao recurso e prop\u00f4s a seguinte tese:<\/p>\n<ol style=\"text-align: left;\">\n<li>O disposto no art. 201, \u00a716, c\/c art. 40, \u00a71\u00ba, II, com a reda\u00e7\u00e3o fornecida pela EC 103\/2019, da Constitui\u00e7\u00e3o Federal produz efeitos imediatos, na forma da LC 152\/2015, de modo que os empregados p\u00fablicos da Administra\u00e7\u00e3o Direta e Indireta ser\u00e3o aposentados compulsoriamente aos 75 anos de idade.<\/li>\n<li>Os empregados p\u00fablicos que atingirem a idade limite sem terem completado o tempo m\u00ednimo de contribui\u00e7\u00e3o continuar\u00e3o em atividade at\u00e9 preencherem esse requisito.<\/li>\n<li>A extin\u00e7\u00e3o do v\u00ednculo de emprego com fundamento no art. 201, \u00a716, da Constitui\u00e7\u00e3o n\u00e3o gera qualquer esp\u00e9cie de responsabilidade para o empregador.<\/li>\n<\/ol>\n<h2 style=\"text-align: left;\">Diverg\u00eancia parcial<\/h2>\n<p>Ministro Fl\u00e1vio Dino apresentou diverg\u00eancia parcial. Embora concorde com a aplica\u00e7\u00e3o imediata da aposentadoria compuls\u00f3ria, diverge quanto aos efeitos financeiros do desligamento.<\/p>\n<p>Para Dino, a extin\u00e7\u00e3o do v\u00ednculo, ainda que decorrente de imposi\u00e7\u00e3o constitucional, n\u00e3o pode afastar o direito do trabalhador \u00e0s verbas j\u00e1 incorporadas ao seu patrim\u00f4nio jur\u00eddico.<\/p>\n<p>Nesse sentido, defende o pagamento de parcelas como saldo de sal\u00e1rio, f\u00e9rias vencidas e proporcionais, 13\u00ba sal\u00e1rio proporcional e saque do FGTS, entre outras.<\/p>\n<p>Segundo o ministro, a negativa desses valores poderia configurar enriquecimento indevido por parte da Administra\u00e7\u00e3o P\u00fablica.<\/p>\n<p>&#8220;Contudo, real\u00e7o que, verificado por for\u00e7a do texto constitucional o desligamento pela aposentadoria compuls\u00f3ria, de modo que independe da vontade do empregador e do empregado, o trabalhador deve ter assegurado o direito ao recebimento das verbas decorrentes da extin\u00e7\u00e3o ope legis do v\u00ednculo empregat\u00edcio, precisamente as parcelas j\u00e1 incorporadas ao seu patrim\u00f4nio jur\u00eddico, sob pena de enriquecimento indevido da Administra\u00e7\u00e3o.&#8221;<\/p>\n<p>Ao final, Dino prop\u00f4s a seguinte tese:<\/p>\n<ol style=\"text-align: left;\">\n<li>O disposto no art. 201, \u00a7 16, c\/c art. 40, \u00a7 1\u00ba, II, com a reda\u00e7\u00e3o fornecida pela EC 103\/2019, da Constitui\u00e7\u00e3o Federal produz efeitos imediatos, na forma da LC 152\/2015, de modo que os empregados p\u00fablicos da Administra\u00e7\u00e3o Direta e Indireta ser\u00e3o aposentados compulsoriamente aos 75 anos de idade.<\/li>\n<li>Os empregados p\u00fablicos que atingirem a idade limite sem terem completado o tempo m\u00ednimo de contribui\u00e7\u00e3o continuar\u00e3o em atividade at\u00e9 preencherem esse requisito.<\/li>\n<li>A extin\u00e7\u00e3o do v\u00ednculo de emprego com fundamento no art. 201, \u00a7 16, da Constitui\u00e7\u00e3o Federal n\u00e3o retira do trabalhador o direito ao recebimento de todas as verbas incorporadas ao seu patrim\u00f4nio jur\u00eddico, a exemplo i) do saldo de sal\u00e1rio, correspondente \u00e0 contrapresta\u00e7\u00e3o pelos servi\u00e7os efetivamente prestados at\u00e9 a data da extin\u00e7\u00e3o do v\u00ednculo; ii) do montante relativo a f\u00e9rias vencidas, acrescidas do ter\u00e7o constitucional; iii) das f\u00e9rias proporcionais, consoante assegurado pela Conven\u00e7\u00e3o n\u00ba 132 da OIT; iv) do sal\u00e1rio-fam\u00edlia proporcional, caso o empregado seja benefici\u00e1rio; v) do 13\u00ba sal\u00e1rio proporcional; vi) do saque do saldo eventualmente existente no FGTS; bem como vii) de outros direitos regulados por conven\u00e7\u00f5es ou acordos coletivos de trabalho, e\/ou nos regulamentos das empresas p\u00fablicas e sociedades de economia mista.<\/li>\n<\/ol>\n<p><b>Veja o <a href=\"https:\/\/arq.migalhas.com.br\/arquivos\/2026\/4\/41998A4000579B_vistadino.pdf\" target=\"_blank\" rel=\"noopener\">voto<\/a> na \u00edntegra.<\/b><\/p>\n<p>Fonte: <b><a href=\"\" target=\"_blank\" rel=\"noopener\"><\/a><\/b><\/p>\n<\/div>\n<p><script>\n  !function(f,b,e,v,n,t,s)\n  {if(f.fbq)return;n=f.fbq=function(){n.callMethod?\n  n.callMethod.apply(n,arguments):n.queue.push(arguments)};\n  if(!f._fbq)f._fbq=n;n.push=n;n.loaded=!0;n.version='2.0';\n  n.queue=[];t=b.createElement(e);t.async=!0;\n  t.src=v;s=b.getElementsByTagName(e)[0];\n  s.parentNode.insertBefore(t,s)}(window, document,'script',\n  '\n  fbq('init', '697261525894352');\n  fbq('track', 'PageView');\n<\/script><script async src=\"\/\/www.instagram.com\/embed.js\"><\/script><\/p>\n","protected":false},"excerpt":{"rendered":"<p>Via @portalmigalhas |\u00a0O STF formou maioria para reconhecer a aplica\u00e7\u00e3o imediata da aposentadoria compuls\u00f3ria de<\/p>\n","protected":false},"author":1,"featured_media":5397,"comment_status":"open","ping_status":"open","sticky":false,"template":"","format":"standard","meta":{"footnotes":""},"categories":[315],"tags":[354,1007,470,771,3855,3346,449,374,2102,363,443],"yoast_head":"<!-- This site is optimized with the Yoast SEO plugin v20.1 - https:\/\/yoast.com\/wordpress\/plugins\/seo\/ -->\n<title>STF tem maioria por aplica\u00e7\u00e3o imediata da aposentadoria de empregado p\u00fablico aos 75 anos - UP Consultas<\/title>\n<meta name=\"robots\" content=\"index, follow, max-snippet:-1, max-image-preview:large, max-video-preview:-1\" \/>\n<link rel=\"canonical\" href=\"https:\/\/upconsultas.com.br\/blog\/stf-tem-maioria-por-aplicacao-imediata-da-aposentadoria-de-empregado-publico-aos-75-anos\/\" \/>\n<meta property=\"og:locale\" content=\"pt_BR\" \/>\n<meta property=\"og:type\" content=\"article\" \/>\n<meta property=\"og:title\" content=\"STF tem maioria por aplica\u00e7\u00e3o imediata da aposentadoria de empregado p\u00fablico aos 75 anos - UP Consultas\" \/>\n<meta property=\"og:description\" content=\"Via @portalmigalhas |\u00a0O STF formou maioria para reconhecer a aplica\u00e7\u00e3o imediata da aposentadoria compuls\u00f3ria de\" \/>\n<meta property=\"og:url\" content=\"https:\/\/upconsultas.com.br\/blog\/stf-tem-maioria-por-aplicacao-imediata-da-aposentadoria-de-empregado-publico-aos-75-anos\/\" \/>\n<meta property=\"og:site_name\" content=\"UP Consultas\" \/>\n<meta property=\"article:published_time\" content=\"2026-04-22T11:38:06+00:00\" \/>\n<meta property=\"og:image\" content=\"https:\/\/blogger.googleusercontent.com\/img\/b\/R29vZ2xl\/AVvXsEj6x7RUMVOF3Gl1mDSz4iz6f57u5SxOb0g7kqy5C80llSK8gYypSMOwRwjpnD3c3-msWmDpLkjoROrqTXrfTKKUOrGBwDMgQzOL_nukIFbx-xBHOanpUH9IW8x4za_-QZKuZ8WButS16dF9M6paaPBQWlzMss7AZGKoxFvof-0G6Y1LlXqYJHKq1FMW0G0\/s16000-rw\/escandalos-ministros-stf-reacendem-debate-importancia-codigo-etica.webp\" \/>\n<meta name=\"author\" content=\"UP Consultas Brasil\" \/>\n<meta name=\"twitter:card\" content=\"summary_large_image\" \/>\n<meta name=\"twitter:label1\" content=\"Escrito por\" \/>\n\t<meta name=\"twitter:data1\" content=\"UP Consultas Brasil\" \/>\n\t<meta name=\"twitter:label2\" content=\"Est. tempo de leitura\" \/>\n\t<meta name=\"twitter:data2\" content=\"5 minutos\" \/>\n<script type=\"application\/ld+json\" class=\"yoast-schema-graph\">{\"@context\":\"https:\/\/schema.org\",\"@graph\":[{\"@type\":\"Article\",\"@id\":\"https:\/\/upconsultas.com.br\/blog\/stf-tem-maioria-por-aplicacao-imediata-da-aposentadoria-de-empregado-publico-aos-75-anos\/#article\",\"isPartOf\":{\"@id\":\"https:\/\/upconsultas.com.br\/blog\/stf-tem-maioria-por-aplicacao-imediata-da-aposentadoria-de-empregado-publico-aos-75-anos\/\"},\"author\":{\"name\":\"UP Consultas Brasil\",\"@id\":\"https:\/\/upconsultas.com.br\/blog\/#\/schema\/person\/7989e66c6d2f68e50be6c07a2d492e52\"},\"headline\":\"STF tem maioria por aplica\u00e7\u00e3o imediata da aposentadoria de empregado p\u00fablico aos 75 anos\",\"datePublished\":\"2026-04-22T11:38:06+00:00\",\"dateModified\":\"2026-04-22T11:38:06+00:00\",\"mainEntityOfPage\":{\"@id\":\"https:\/\/upconsultas.com.br\/blog\/stf-tem-maioria-por-aplicacao-imediata-da-aposentadoria-de-empregado-publico-aos-75-anos\/\"},\"wordCount\":1046,\"commentCount\":0,\"publisher\":{\"@id\":\"https:\/\/upconsultas.com.br\/blog\/#organization\"},\"keywords\":[\"anos\",\"aos\",\"aplica\u00e7\u00e3o\",\"aposentadoria\",\"empregado\",\"imediata\",\"maioria\",\"por\",\"p\u00fablico\",\"STF\",\"tem\"],\"articleSection\":[\"Advocacia\"],\"inLanguage\":\"pt-BR\",\"potentialAction\":[{\"@type\":\"CommentAction\",\"name\":\"Comment\",\"target\":[\"https:\/\/upconsultas.com.br\/blog\/stf-tem-maioria-por-aplicacao-imediata-da-aposentadoria-de-empregado-publico-aos-75-anos\/#respond\"]}]},{\"@type\":\"WebPage\",\"@id\":\"https:\/\/upconsultas.com.br\/blog\/stf-tem-maioria-por-aplicacao-imediata-da-aposentadoria-de-empregado-publico-aos-75-anos\/\",\"url\":\"https:\/\/upconsultas.com.br\/blog\/stf-tem-maioria-por-aplicacao-imediata-da-aposentadoria-de-empregado-publico-aos-75-anos\/\",\"name\":\"STF tem maioria por aplica\u00e7\u00e3o imediata da aposentadoria de empregado p\u00fablico aos 75 anos - UP Consultas\",\"isPartOf\":{\"@id\":\"https:\/\/upconsultas.com.br\/blog\/#website\"},\"datePublished\":\"2026-04-22T11:38:06+00:00\",\"dateModified\":\"2026-04-22T11:38:06+00:00\",\"breadcrumb\":{\"@id\":\"https:\/\/upconsultas.com.br\/blog\/stf-tem-maioria-por-aplicacao-imediata-da-aposentadoria-de-empregado-publico-aos-75-anos\/#breadcrumb\"},\"inLanguage\":\"pt-BR\",\"potentialAction\":[{\"@type\":\"ReadAction\",\"target\":[\"https:\/\/upconsultas.com.br\/blog\/stf-tem-maioria-por-aplicacao-imediata-da-aposentadoria-de-empregado-publico-aos-75-anos\/\"]}]},{\"@type\":\"BreadcrumbList\",\"@id\":\"https:\/\/upconsultas.com.br\/blog\/stf-tem-maioria-por-aplicacao-imediata-da-aposentadoria-de-empregado-publico-aos-75-anos\/#breadcrumb\",\"itemListElement\":[{\"@type\":\"ListItem\",\"position\":1,\"name\":\"In\u00edcio\",\"item\":\"https:\/\/upconsultas.com.br\/blog\/\"},{\"@type\":\"ListItem\",\"position\":2,\"name\":\"STF tem maioria por aplica\u00e7\u00e3o imediata da aposentadoria de empregado p\u00fablico aos 75 anos\"}]},{\"@type\":\"WebSite\",\"@id\":\"https:\/\/upconsultas.com.br\/blog\/#website\",\"url\":\"https:\/\/upconsultas.com.br\/blog\/\",\"name\":\"UP Consultas\",\"description\":\"Portal de consultas, CPF, CNPJ e Veiculos\",\"publisher\":{\"@id\":\"https:\/\/upconsultas.com.br\/blog\/#organization\"},\"potentialAction\":[{\"@type\":\"SearchAction\",\"target\":{\"@type\":\"EntryPoint\",\"urlTemplate\":\"https:\/\/upconsultas.com.br\/blog\/?s={search_term_string}\"},\"query-input\":\"required name=search_term_string\"}],\"inLanguage\":\"pt-BR\"},{\"@type\":\"Organization\",\"@id\":\"https:\/\/upconsultas.com.br\/blog\/#organization\",\"name\":\"UP Consultas\",\"url\":\"https:\/\/upconsultas.com.br\/blog\/\",\"logo\":{\"@type\":\"ImageObject\",\"inLanguage\":\"pt-BR\",\"@id\":\"https:\/\/upconsultas.com.br\/blog\/#\/schema\/logo\/image\/\",\"url\":\"https:\/\/upconsultas.com.br\/blog\/wp-content\/uploads\/2024\/09\/cropped-Azul_v3.png\",\"contentUrl\":\"https:\/\/upconsultas.com.br\/blog\/wp-content\/uploads\/2024\/09\/cropped-Azul_v3.png\",\"width\":350,\"height\":199,\"caption\":\"UP Consultas\"},\"image\":{\"@id\":\"https:\/\/upconsultas.com.br\/blog\/#\/schema\/logo\/image\/\"}},{\"@type\":\"Person\",\"@id\":\"https:\/\/upconsultas.com.br\/blog\/#\/schema\/person\/7989e66c6d2f68e50be6c07a2d492e52\",\"name\":\"UP Consultas Brasil\",\"image\":{\"@type\":\"ImageObject\",\"inLanguage\":\"pt-BR\",\"@id\":\"https:\/\/upconsultas.com.br\/blog\/#\/schema\/person\/image\/\",\"url\":\"https:\/\/secure.gravatar.com\/avatar\/02f760804f39d0748d6cafbf5ca3b6e9?s=96&d=mm&r=g\",\"contentUrl\":\"https:\/\/secure.gravatar.com\/avatar\/02f760804f39d0748d6cafbf5ca3b6e9?s=96&d=mm&r=g\",\"caption\":\"UP Consultas Brasil\"},\"sameAs\":[\"http:\/\/blog.upconsultas.com.br\"],\"url\":\"https:\/\/upconsultas.com.br\/blog\/author\/pachecopauluciofgmail-com\/\"}]}<\/script>\n<!-- \/ Yoast SEO plugin. -->","yoast_head_json":{"title":"STF tem maioria por aplica\u00e7\u00e3o imediata da aposentadoria de empregado p\u00fablico aos 75 anos - UP Consultas","robots":{"index":"index","follow":"follow","max-snippet":"max-snippet:-1","max-image-preview":"max-image-preview:large","max-video-preview":"max-video-preview:-1"},"canonical":"https:\/\/upconsultas.com.br\/blog\/stf-tem-maioria-por-aplicacao-imediata-da-aposentadoria-de-empregado-publico-aos-75-anos\/","og_locale":"pt_BR","og_type":"article","og_title":"STF tem maioria por aplica\u00e7\u00e3o imediata da aposentadoria de empregado p\u00fablico aos 75 anos - UP Consultas","og_description":"Via @portalmigalhas |\u00a0O STF formou maioria para reconhecer a aplica\u00e7\u00e3o imediata da aposentadoria compuls\u00f3ria de","og_url":"https:\/\/upconsultas.com.br\/blog\/stf-tem-maioria-por-aplicacao-imediata-da-aposentadoria-de-empregado-publico-aos-75-anos\/","og_site_name":"UP Consultas","article_published_time":"2026-04-22T11:38:06+00:00","og_image":[{"url":"https:\/\/blogger.googleusercontent.com\/img\/b\/R29vZ2xl\/AVvXsEj6x7RUMVOF3Gl1mDSz4iz6f57u5SxOb0g7kqy5C80llSK8gYypSMOwRwjpnD3c3-msWmDpLkjoROrqTXrfTKKUOrGBwDMgQzOL_nukIFbx-xBHOanpUH9IW8x4za_-QZKuZ8WButS16dF9M6paaPBQWlzMss7AZGKoxFvof-0G6Y1LlXqYJHKq1FMW0G0\/s16000-rw\/escandalos-ministros-stf-reacendem-debate-importancia-codigo-etica.webp"}],"author":"UP Consultas Brasil","twitter_card":"summary_large_image","twitter_misc":{"Escrito por":"UP Consultas Brasil","Est. tempo de leitura":"5 minutos"},"schema":{"@context":"https:\/\/schema.org","@graph":[{"@type":"Article","@id":"https:\/\/upconsultas.com.br\/blog\/stf-tem-maioria-por-aplicacao-imediata-da-aposentadoria-de-empregado-publico-aos-75-anos\/#article","isPartOf":{"@id":"https:\/\/upconsultas.com.br\/blog\/stf-tem-maioria-por-aplicacao-imediata-da-aposentadoria-de-empregado-publico-aos-75-anos\/"},"author":{"name":"UP Consultas Brasil","@id":"https:\/\/upconsultas.com.br\/blog\/#\/schema\/person\/7989e66c6d2f68e50be6c07a2d492e52"},"headline":"STF tem maioria por aplica\u00e7\u00e3o imediata da aposentadoria de empregado p\u00fablico aos 75 anos","datePublished":"2026-04-22T11:38:06+00:00","dateModified":"2026-04-22T11:38:06+00:00","mainEntityOfPage":{"@id":"https:\/\/upconsultas.com.br\/blog\/stf-tem-maioria-por-aplicacao-imediata-da-aposentadoria-de-empregado-publico-aos-75-anos\/"},"wordCount":1046,"commentCount":0,"publisher":{"@id":"https:\/\/upconsultas.com.br\/blog\/#organization"},"keywords":["anos","aos","aplica\u00e7\u00e3o","aposentadoria","empregado","imediata","maioria","por","p\u00fablico","STF","tem"],"articleSection":["Advocacia"],"inLanguage":"pt-BR","potentialAction":[{"@type":"CommentAction","name":"Comment","target":["https:\/\/upconsultas.com.br\/blog\/stf-tem-maioria-por-aplicacao-imediata-da-aposentadoria-de-empregado-publico-aos-75-anos\/#respond"]}]},{"@type":"WebPage","@id":"https:\/\/upconsultas.com.br\/blog\/stf-tem-maioria-por-aplicacao-imediata-da-aposentadoria-de-empregado-publico-aos-75-anos\/","url":"https:\/\/upconsultas.com.br\/blog\/stf-tem-maioria-por-aplicacao-imediata-da-aposentadoria-de-empregado-publico-aos-75-anos\/","name":"STF tem maioria por aplica\u00e7\u00e3o imediata da aposentadoria de empregado p\u00fablico aos 75 anos - UP Consultas","isPartOf":{"@id":"https:\/\/upconsultas.com.br\/blog\/#website"},"datePublished":"2026-04-22T11:38:06+00:00","dateModified":"2026-04-22T11:38:06+00:00","breadcrumb":{"@id":"https:\/\/upconsultas.com.br\/blog\/stf-tem-maioria-por-aplicacao-imediata-da-aposentadoria-de-empregado-publico-aos-75-anos\/#breadcrumb"},"inLanguage":"pt-BR","potentialAction":[{"@type":"ReadAction","target":["https:\/\/upconsultas.com.br\/blog\/stf-tem-maioria-por-aplicacao-imediata-da-aposentadoria-de-empregado-publico-aos-75-anos\/"]}]},{"@type":"BreadcrumbList","@id":"https:\/\/upconsultas.com.br\/blog\/stf-tem-maioria-por-aplicacao-imediata-da-aposentadoria-de-empregado-publico-aos-75-anos\/#breadcrumb","itemListElement":[{"@type":"ListItem","position":1,"name":"In\u00edcio","item":"https:\/\/upconsultas.com.br\/blog\/"},{"@type":"ListItem","position":2,"name":"STF tem maioria por aplica\u00e7\u00e3o imediata da aposentadoria de empregado p\u00fablico aos 75 anos"}]},{"@type":"WebSite","@id":"https:\/\/upconsultas.com.br\/blog\/#website","url":"https:\/\/upconsultas.com.br\/blog\/","name":"UP Consultas","description":"Portal de consultas, CPF, CNPJ e Veiculos","publisher":{"@id":"https:\/\/upconsultas.com.br\/blog\/#organization"},"potentialAction":[{"@type":"SearchAction","target":{"@type":"EntryPoint","urlTemplate":"https:\/\/upconsultas.com.br\/blog\/?s={search_term_string}"},"query-input":"required name=search_term_string"}],"inLanguage":"pt-BR"},{"@type":"Organization","@id":"https:\/\/upconsultas.com.br\/blog\/#organization","name":"UP Consultas","url":"https:\/\/upconsultas.com.br\/blog\/","logo":{"@type":"ImageObject","inLanguage":"pt-BR","@id":"https:\/\/upconsultas.com.br\/blog\/#\/schema\/logo\/image\/","url":"https:\/\/upconsultas.com.br\/blog\/wp-content\/uploads\/2024\/09\/cropped-Azul_v3.png","contentUrl":"https:\/\/upconsultas.com.br\/blog\/wp-content\/uploads\/2024\/09\/cropped-Azul_v3.png","width":350,"height":199,"caption":"UP Consultas"},"image":{"@id":"https:\/\/upconsultas.com.br\/blog\/#\/schema\/logo\/image\/"}},{"@type":"Person","@id":"https:\/\/upconsultas.com.br\/blog\/#\/schema\/person\/7989e66c6d2f68e50be6c07a2d492e52","name":"UP Consultas Brasil","image":{"@type":"ImageObject","inLanguage":"pt-BR","@id":"https:\/\/upconsultas.com.br\/blog\/#\/schema\/person\/image\/","url":"https:\/\/secure.gravatar.com\/avatar\/02f760804f39d0748d6cafbf5ca3b6e9?s=96&d=mm&r=g","contentUrl":"https:\/\/secure.gravatar.com\/avatar\/02f760804f39d0748d6cafbf5ca3b6e9?s=96&d=mm&r=g","caption":"UP Consultas Brasil"},"sameAs":["http:\/\/blog.upconsultas.com.br"],"url":"https:\/\/upconsultas.com.br\/blog\/author\/pachecopauluciofgmail-com\/"}]}},"jetpack_sharing_enabled":true,"featured_image_urls":{"full":["https:\/\/upconsultas.com.br\/blog\/wp-content\/uploads\/2026\/04\/escandalos-ministros-stf-reacendem-debate-importancia-codigo-etica.webp.jpeg",920,518,false],"thumbnail":["https:\/\/upconsultas.com.br\/blog\/wp-content\/uploads\/2026\/04\/escandalos-ministros-stf-reacendem-debate-importancia-codigo-etica.webp-150x150.jpeg",150,150,true],"medium":["https:\/\/upconsultas.com.br\/blog\/wp-content\/uploads\/2026\/04\/escandalos-ministros-stf-reacendem-debate-importancia-codigo-etica.webp-300x169.jpeg",300,169,true],"medium_large":["https:\/\/upconsultas.com.br\/blog\/wp-content\/uploads\/2026\/04\/escandalos-ministros-stf-reacendem-debate-importancia-codigo-etica.webp-768x432.jpeg",640,360,true],"large":["https:\/\/upconsultas.com.br\/blog\/wp-content\/uploads\/2026\/04\/escandalos-ministros-stf-reacendem-debate-importancia-codigo-etica.webp.jpeg",640,360,false],"1536x1536":["https:\/\/upconsultas.com.br\/blog\/wp-content\/uploads\/2026\/04\/escandalos-ministros-stf-reacendem-debate-importancia-codigo-etica.webp.jpeg",920,518,false],"2048x2048":["https:\/\/upconsultas.com.br\/blog\/wp-content\/uploads\/2026\/04\/escandalos-ministros-stf-reacendem-debate-importancia-codigo-etica.webp.jpeg",920,518,false],"chromenews-featured":["https:\/\/upconsultas.com.br\/blog\/wp-content\/uploads\/2026\/04\/escandalos-ministros-stf-reacendem-debate-importancia-codigo-etica.webp.jpeg",920,518,false],"chromenews-large":["https:\/\/upconsultas.com.br\/blog\/wp-content\/uploads\/2026\/04\/escandalos-ministros-stf-reacendem-debate-importancia-codigo-etica.webp-825x518.jpeg",825,518,true],"chromenews-medium":["https:\/\/upconsultas.com.br\/blog\/wp-content\/uploads\/2026\/04\/escandalos-ministros-stf-reacendem-debate-importancia-codigo-etica.webp-590x410.jpeg",590,410,true]},"author_info":{"display_name":"UP Consultas Brasil","author_link":"https:\/\/upconsultas.com.br\/blog\/author\/pachecopauluciofgmail-com\/"},"category_info":"<a href=\"https:\/\/upconsultas.com.br\/blog\/categoria\/advocacia\/\" rel=\"category tag\">Advocacia<\/a>","tag_info":"Advocacia","comment_count":"0","jetpack_featured_media_url":"https:\/\/upconsultas.com.br\/blog\/wp-content\/uploads\/2026\/04\/escandalos-ministros-stf-reacendem-debate-importancia-codigo-etica.webp.jpeg","_links":{"self":[{"href":"https:\/\/upconsultas.com.br\/blog\/wp-json\/wp\/v2\/posts\/5396"}],"collection":[{"href":"https:\/\/upconsultas.com.br\/blog\/wp-json\/wp\/v2\/posts"}],"about":[{"href":"https:\/\/upconsultas.com.br\/blog\/wp-json\/wp\/v2\/types\/post"}],"author":[{"embeddable":true,"href":"https:\/\/upconsultas.com.br\/blog\/wp-json\/wp\/v2\/users\/1"}],"replies":[{"embeddable":true,"href":"https:\/\/upconsultas.com.br\/blog\/wp-json\/wp\/v2\/comments?post=5396"}],"version-history":[{"count":0,"href":"https:\/\/upconsultas.com.br\/blog\/wp-json\/wp\/v2\/posts\/5396\/revisions"}],"wp:featuredmedia":[{"embeddable":true,"href":"https:\/\/upconsultas.com.br\/blog\/wp-json\/wp\/v2\/media\/5397"}],"wp:attachment":[{"href":"https:\/\/upconsultas.com.br\/blog\/wp-json\/wp\/v2\/media?parent=5396"}],"wp:term":[{"taxonomy":"category","embeddable":true,"href":"https:\/\/upconsultas.com.br\/blog\/wp-json\/wp\/v2\/categories?post=5396"},{"taxonomy":"post_tag","embeddable":true,"href":"https:\/\/upconsultas.com.br\/blog\/wp-json\/wp\/v2\/tags?post=5396"}],"curies":[{"name":"wp","href":"https:\/\/api.w.org\/{rel}","templated":true}]}}