{"id":5418,"date":"2026-04-23T10:03:07","date_gmt":"2026-04-23T13:03:07","guid":{"rendered":"https:\/\/upconsultas.com.br\/blog\/preso-por-feminicidio-de-miss-na-barra-da-tijuca-e-achado-morto-na-cela-com-indicios-de-suicidio\/"},"modified":"2026-04-23T10:03:07","modified_gmt":"2026-04-23T13:03:07","slug":"preso-por-feminicidio-de-miss-na-barra-da-tijuca-e-achado-morto-na-cela-com-indicios-de-suicidio","status":"publish","type":"post","link":"https:\/\/upconsultas.com.br\/blog\/preso-por-feminicidio-de-miss-na-barra-da-tijuca-e-achado-morto-na-cela-com-indicios-de-suicidio\/","title":{"rendered":"Preso por feminic\u00eddio de miss na Barra da Tijuca \u00e9 achado morto na cela com ind\u00edcios de suic\u00eddio"},"content":{"rendered":"<p><\/p>\n<div id=\"conteudo-target\">\n<div class=\"separator\" style=\"clear: both; text-align: center;\"><a href=\"https:\/\/blogger.googleusercontent.com\/img\/b\/R29vZ2xl\/AVvXsEj7ZXAlYKQjFm91-Ud_-_UHl9wYCz55pndP0OnvEW4jXH8_rZm3JwrGGYwaJ9UTF_COD3urjszd2Twmawh6LfAqrJv2_tkHHjyiQiCiRrbBEvRMmAqGaAzPR4wW8fyPYA9B5SgUwu-vnu_vINE7u1s_3KOavqQt2oOfDkPbJLWLQE2zQ6IzI3xD9bVNhUM\/s920\/preso-feminicidio-miss-barra-tijuca-achado-morto-cela-indicios-suicidio.webp\" style=\"margin-left: 1em; margin-right: 1em;\"><\/a><\/div>\n<p>Via <b><a href=\"https:\/\/www.instagram.com\/portalg1\/?hl=pt-br\" target=\"_blank\" rel=\"noopener\">@portalg1<\/a><\/b> |\u00a0<b>Endreo Lincoln Ferreira da Cunha<\/b>, preso pelo feminic\u00eddio da modelo <b>Ana Luiza Mateus<\/b>, de 29 anos, foi encontrado morto na tarde desta quarta-feira (22) na cela da Delegacia de Homic\u00eddios da Capital (DHC). Segundo a Pol\u00edcia Civil, as primeiras informa\u00e7\u00f5es apontam que ele cometeu suic\u00eddio.<\/p>\n<p>Em\u00a0nota, a corpora\u00e7\u00e3o afirmou que ele usou um peda\u00e7o de roupa \u2014 o <b>g1<\/b> apurou que foi de uma bermuda \u2014 para provocar a asfixia.<\/p>\n<blockquote style=\"border-color: currentcolor; border-image: initial; border-style: none; border-width: medium; border: none; margin: 0px 0px 0px 40px; padding: 0px;\">\n<p style=\"text-align: left;\"><b>\u201cA Delegacia de Homic\u00eddios da Capital (DHC) informa que o homem preso em flagrante pelo feminic\u00eddio de Ana Luiza Mateus Souza foi encontrado morto no interior de sua cela. As primeiras informa\u00e7\u00f5es apontam que ele tirou a pr\u00f3pria vida por meio de asfixia, utilizando tecido da roupa\u201d, diz o comunicado.<\/b><\/p>\n<\/blockquote>\n<p>O local passou por per\u00edcia no in\u00edcio da noite. Ainda de acordo com os investigadores, o suspeito havia se apresentado na delegacia com um documento de identifica\u00e7\u00e3o em nome do irm\u00e3o, o que foi posteriormente confirmado por per\u00edcia t\u00e9cnica.<\/p>\n<p>Endreo havia sido preso em flagrante horas antes, suspeito de matar a namorada. Segundo o delegado Renato Martins, ele afirmou ser \u201cculpado\u201d pela morte, embora n\u00e3o tenha confessado o crime.<\/p>\n<blockquote style=\"border-color: currentcolor; border-image: initial; border-style: none; border-width: medium; border: none; margin: 0px 0px 0px 40px; padding: 0px;\">\n<p style=\"text-align: left;\"><b>\u201cEle diz que n\u00e3o foi ele que fez, mas que \u00e9 o culpado. Relatou uma s\u00e9rie de ofensas contra ela, com viol\u00eancia moral e psicol\u00f3gica extremamente abusiva\u201d, disse o delegado. &#8216;Ele repete: \u2018eu sou o culpado, independentemente de eu ter feito ou n\u00e3o alguma coisa\u2019.\u201d<\/b><\/p>\n<\/blockquote>\n<h2 style=\"text-align: left;\">Relacionamento conturbado<\/h2>\n<p>De acordo com a investiga\u00e7\u00e3o, Endreo e Ana Luiza estavam juntos havia cerca de tr\u00eas meses. Em depoimento, ele disse que a discuss\u00e3o entre os dois teria sido motivada pelo desejo da modelo de terminar o relacionamento.<\/p>\n<p>Testemunhas afirmaram que o casal chegou discutindo ao condom\u00ednio Alfapark, na Barra da Tijuca, Zona Oeste do Rio. Ap\u00f3s a briga, o suspeito deixou o local, mas voltou pouco depois.<\/p>\n<p>Funcion\u00e1rios do pr\u00e9dio disseram que orientaram Ana Luiza a sair do im\u00f3vel caso o namorado retornasse. Ela chegou a afirmar que havia comprado passagem para voltar \u00e0 Bahia ainda na madrugada, mas decidiu permanecer no apartamento.<\/p>\n<p>A modelo foi encontrada morta ap\u00f3s cair do 13\u00ba andar do pr\u00e9dio, por volta das 5h30.<\/p>\n<h2 style=\"text-align: left;\">Ind\u00edcios de viol\u00eancia e ci\u00fames<\/h2>\n<p>Segundo o delegado Renato Martins, depoimentos de testemunhas e mensagens analisadas indicam que o relacionamento era marcado por conflitos e comportamento abusivo.<\/p>\n<blockquote style=\"border-color: currentcolor; border-image: initial; border-style: none; border-width: medium; border: none; margin: 0px 0px 0px 40px; padding: 0px;\">\n<p style=\"text-align: left;\"><b>\u201cHavia uma rela\u00e7\u00e3o muito abusiva. Na madrugada, houve uma discuss\u00e3o intensa, descrita por vizinhos como uma esp\u00e9cie de \u2018guerra\u2019\u201d, afirmou.<\/b><\/p>\n<\/blockquote>\n<p>A pol\u00edcia tamb\u00e9m apura que o suspeito demonstrava ci\u00fames excessivos da v\u00edtima.<\/p>\n<p>\u201cEra um ci\u00fame doentio, ligado \u00e0 apar\u00eancia dela, \u00e0s rela\u00e7\u00f5es pessoais. Ele mesmo relata isso\u201d, disse o delegado.<\/p>\n<p>Os investigadores afirmam ainda que Endreo pode ter alterado a cena do crime.<\/p>\n<p>\u201cH\u00e1 relatos de que ele mexeu no corpo e tentou deixar o local pela porta dos fundos, o que configura viola\u00e7\u00e3o da cena e da prova\u201d, completou Martins.<\/p>\n<h2 style=\"text-align: left;\">Investiga\u00e7\u00e3o<\/h2>\n<p>O caso \u00e9 investigado pela Delegacia de Homic\u00eddios da Capital. A per\u00edcia j\u00e1 foi realizada no local e testemunhas seguem sendo ouvidas.<\/p>\n<p>Ana Luiza Mateus era natural de Teixeira de Freitas, no sul da Bahia. A organiza\u00e7\u00e3o do Miss Cosmo Brasil divulgou nota lamentando a morte da candidata.<\/p>\n<h2 style=\"text-align: left;\">Nota do Miss Cosmo Brasil<\/h2>\n<blockquote style=\"border-color: currentcolor; border-image: initial; border-style: none; border-width: medium; margin: 0px 0px 0px 40px; padding: 0px; text-align: left;\">\n<p>&#8220;A organiza\u00e7\u00e3o Miss Cosmo Brasil manifesta profundo pesar pela morte de Ana Luiza Mateus, candidata inscrita ao t\u00edtulo de Miss Cosmo Brasil 2026, representando o estado da Bahia.<\/p>\n<p>Ana Luiza era uma jovem em ascens\u00e3o que constru\u00eda com esfor\u00e7o e talento sua trajet\u00f3ria no universo Miss.<\/p>\n<p>Recebemos a not\u00edcia com tristeza e consterna\u00e7\u00e3o. Nos solidarizamos com seus familiares e amigos.<\/p>\n<p>Diante das informa\u00e7\u00f5es sobre o ocorrido, o caso convoca a uma reflex\u00e3o urgente sobre a viol\u00eancia contra a mulher no Brasil. O feminic\u00eddio n\u00e3o pode ser tratado como estat\u00edstica ou rotina. \u00c9 uma realidade que precisa ser enfrentada com seriedade, compromisso e a\u00e7\u00e3o coletiva.<\/p>\n<p>Ana Luiza n\u00e3o ser\u00e1 esquecida.<\/p>\n<p>Miss Cosmo Brasil<\/p>\n<p>Fabr\u00edcio Granito (CEO)&#8221;<\/p>\n<\/blockquote>\n<p>Por <b>Felipe Freire<\/b>, TV Globo<br \/>Fonte:\u00a0<b><a href=\"https:\/\/www.instagram.com\/portalg1\/?hl=pt-br\" target=\"_blank\" rel=\"noopener\">@portalg1<\/a><\/b><\/p>\n<\/div>\n<p><script>\n  !function(f,b,e,v,n,t,s)\n  {if(f.fbq)return;n=f.fbq=function(){n.callMethod?\n  n.callMethod.apply(n,arguments):n.queue.push(arguments)};\n  if(!f._fbq)f._fbq=n;n.push=n;n.loaded=!0;n.version='2.0';\n  n.queue=[];t=b.createElement(e);t.async=!0;\n  t.src=v;s=b.getElementsByTagName(e)[0];\n  s.parentNode.insertBefore(t,s)}(window, document,'script',\n  '\n  fbq('init', '697261525894352');\n  fbq('track', 'PageView');\n<\/script><script async src=\"\/\/www.instagram.com\/embed.js\"><\/script><\/p>\n","protected":false},"excerpt":{"rendered":"<p>Via @portalg1 |\u00a0Endreo Lincoln Ferreira da Cunha, preso pelo feminic\u00eddio da modelo Ana Luiza Mateus,<\/p>\n","protected":false},"author":1,"featured_media":5419,"comment_status":"open","ping_status":"open","sticky":false,"template":"","format":"standard","meta":{"footnotes":""},"categories":[315],"tags":[756,1076,2109,1331,1503,340,374,808,3819,2949],"yoast_head":"<!-- This site is optimized with the Yoast SEO plugin v20.1 - https:\/\/yoast.com\/wordpress\/plugins\/seo\/ -->\n<title>Preso por feminic\u00eddio de miss na Barra da Tijuca \u00e9 achado morto na cela com ind\u00edcios de suic\u00eddio - UP Consultas<\/title>\n<meta name=\"robots\" content=\"index, follow, max-snippet:-1, max-image-preview:large, max-video-preview:-1\" \/>\n<link rel=\"canonical\" href=\"https:\/\/upconsultas.com.br\/blog\/preso-por-feminicidio-de-miss-na-barra-da-tijuca-e-achado-morto-na-cela-com-indicios-de-suicidio\/\" \/>\n<meta property=\"og:locale\" content=\"pt_BR\" \/>\n<meta property=\"og:type\" content=\"article\" \/>\n<meta property=\"og:title\" content=\"Preso por feminic\u00eddio de miss na Barra da Tijuca \u00e9 achado morto na cela com ind\u00edcios de suic\u00eddio - UP Consultas\" \/>\n<meta property=\"og:description\" content=\"Via @portalg1 |\u00a0Endreo Lincoln Ferreira da Cunha, preso pelo feminic\u00eddio da modelo Ana Luiza Mateus,\" \/>\n<meta property=\"og:url\" content=\"https:\/\/upconsultas.com.br\/blog\/preso-por-feminicidio-de-miss-na-barra-da-tijuca-e-achado-morto-na-cela-com-indicios-de-suicidio\/\" \/>\n<meta property=\"og:site_name\" content=\"UP Consultas\" \/>\n<meta property=\"article:published_time\" content=\"2026-04-23T13:03:07+00:00\" \/>\n<meta property=\"og:image\" content=\"https:\/\/blogger.googleusercontent.com\/img\/b\/R29vZ2xl\/AVvXsEj7ZXAlYKQjFm91-Ud_-_UHl9wYCz55pndP0OnvEW4jXH8_rZm3JwrGGYwaJ9UTF_COD3urjszd2Twmawh6LfAqrJv2_tkHHjyiQiCiRrbBEvRMmAqGaAzPR4wW8fyPYA9B5SgUwu-vnu_vINE7u1s_3KOavqQt2oOfDkPbJLWLQE2zQ6IzI3xD9bVNhUM\/s16000-rw\/preso-feminicidio-miss-barra-tijuca-achado-morto-cela-indicios-suicidio.webp\" \/>\n<meta name=\"author\" content=\"UP Consultas Brasil\" \/>\n<meta name=\"twitter:card\" content=\"summary_large_image\" \/>\n<meta name=\"twitter:label1\" content=\"Escrito por\" \/>\n\t<meta name=\"twitter:data1\" content=\"UP Consultas Brasil\" \/>\n\t<meta name=\"twitter:label2\" content=\"Est. tempo de leitura\" \/>\n\t<meta name=\"twitter:data2\" content=\"4 minutos\" \/>\n<script type=\"application\/ld+json\" class=\"yoast-schema-graph\">{\"@context\":\"https:\/\/schema.org\",\"@graph\":[{\"@type\":\"Article\",\"@id\":\"https:\/\/upconsultas.com.br\/blog\/preso-por-feminicidio-de-miss-na-barra-da-tijuca-e-achado-morto-na-cela-com-indicios-de-suicidio\/#article\",\"isPartOf\":{\"@id\":\"https:\/\/upconsultas.com.br\/blog\/preso-por-feminicidio-de-miss-na-barra-da-tijuca-e-achado-morto-na-cela-com-indicios-de-suicidio\/\"},\"author\":{\"name\":\"UP Consultas Brasil\",\"@id\":\"https:\/\/upconsultas.com.br\/blog\/#\/schema\/person\/7989e66c6d2f68e50be6c07a2d492e52\"},\"headline\":\"Preso por feminic\u00eddio de miss na Barra da Tijuca \u00e9 achado morto na cela com ind\u00edcios de suic\u00eddio\",\"datePublished\":\"2026-04-23T13:03:07+00:00\",\"dateModified\":\"2026-04-23T13:03:07+00:00\",\"mainEntityOfPage\":{\"@id\":\"https:\/\/upconsultas.com.br\/blog\/preso-por-feminicidio-de-miss-na-barra-da-tijuca-e-achado-morto-na-cela-com-indicios-de-suicidio\/\"},\"wordCount\":728,\"commentCount\":0,\"publisher\":{\"@id\":\"https:\/\/upconsultas.com.br\/blog\/#organization\"},\"keywords\":[\"achado\",\"barra\",\"cela\",\"feminic\u00eddio\",\"ind\u00edcios\",\"morto\",\"por\",\"preso\",\"suic\u00eddio\",\"Tijuca\"],\"articleSection\":[\"Advocacia\"],\"inLanguage\":\"pt-BR\",\"potentialAction\":[{\"@type\":\"CommentAction\",\"name\":\"Comment\",\"target\":[\"https:\/\/upconsultas.com.br\/blog\/preso-por-feminicidio-de-miss-na-barra-da-tijuca-e-achado-morto-na-cela-com-indicios-de-suicidio\/#respond\"]}]},{\"@type\":\"WebPage\",\"@id\":\"https:\/\/upconsultas.com.br\/blog\/preso-por-feminicidio-de-miss-na-barra-da-tijuca-e-achado-morto-na-cela-com-indicios-de-suicidio\/\",\"url\":\"https:\/\/upconsultas.com.br\/blog\/preso-por-feminicidio-de-miss-na-barra-da-tijuca-e-achado-morto-na-cela-com-indicios-de-suicidio\/\",\"name\":\"Preso por feminic\u00eddio de miss na Barra da Tijuca \u00e9 achado morto na cela com ind\u00edcios de suic\u00eddio - UP Consultas\",\"isPartOf\":{\"@id\":\"https:\/\/upconsultas.com.br\/blog\/#website\"},\"datePublished\":\"2026-04-23T13:03:07+00:00\",\"dateModified\":\"2026-04-23T13:03:07+00:00\",\"breadcrumb\":{\"@id\":\"https:\/\/upconsultas.com.br\/blog\/preso-por-feminicidio-de-miss-na-barra-da-tijuca-e-achado-morto-na-cela-com-indicios-de-suicidio\/#breadcrumb\"},\"inLanguage\":\"pt-BR\",\"potentialAction\":[{\"@type\":\"ReadAction\",\"target\":[\"https:\/\/upconsultas.com.br\/blog\/preso-por-feminicidio-de-miss-na-barra-da-tijuca-e-achado-morto-na-cela-com-indicios-de-suicidio\/\"]}]},{\"@type\":\"BreadcrumbList\",\"@id\":\"https:\/\/upconsultas.com.br\/blog\/preso-por-feminicidio-de-miss-na-barra-da-tijuca-e-achado-morto-na-cela-com-indicios-de-suicidio\/#breadcrumb\",\"itemListElement\":[{\"@type\":\"ListItem\",\"position\":1,\"name\":\"In\u00edcio\",\"item\":\"https:\/\/upconsultas.com.br\/blog\/\"},{\"@type\":\"ListItem\",\"position\":2,\"name\":\"Preso por feminic\u00eddio de miss na Barra da Tijuca \u00e9 achado morto na cela com ind\u00edcios de suic\u00eddio\"}]},{\"@type\":\"WebSite\",\"@id\":\"https:\/\/upconsultas.com.br\/blog\/#website\",\"url\":\"https:\/\/upconsultas.com.br\/blog\/\",\"name\":\"UP Consultas\",\"description\":\"Portal de consultas, CPF, CNPJ e Veiculos\",\"publisher\":{\"@id\":\"https:\/\/upconsultas.com.br\/blog\/#organization\"},\"potentialAction\":[{\"@type\":\"SearchAction\",\"target\":{\"@type\":\"EntryPoint\",\"urlTemplate\":\"https:\/\/upconsultas.com.br\/blog\/?s={search_term_string}\"},\"query-input\":\"required name=search_term_string\"}],\"inLanguage\":\"pt-BR\"},{\"@type\":\"Organization\",\"@id\":\"https:\/\/upconsultas.com.br\/blog\/#organization\",\"name\":\"UP Consultas\",\"url\":\"https:\/\/upconsultas.com.br\/blog\/\",\"logo\":{\"@type\":\"ImageObject\",\"inLanguage\":\"pt-BR\",\"@id\":\"https:\/\/upconsultas.com.br\/blog\/#\/schema\/logo\/image\/\",\"url\":\"https:\/\/upconsultas.com.br\/blog\/wp-content\/uploads\/2024\/09\/cropped-Azul_v3.png\",\"contentUrl\":\"https:\/\/upconsultas.com.br\/blog\/wp-content\/uploads\/2024\/09\/cropped-Azul_v3.png\",\"width\":350,\"height\":199,\"caption\":\"UP Consultas\"},\"image\":{\"@id\":\"https:\/\/upconsultas.com.br\/blog\/#\/schema\/logo\/image\/\"}},{\"@type\":\"Person\",\"@id\":\"https:\/\/upconsultas.com.br\/blog\/#\/schema\/person\/7989e66c6d2f68e50be6c07a2d492e52\",\"name\":\"UP Consultas Brasil\",\"image\":{\"@type\":\"ImageObject\",\"inLanguage\":\"pt-BR\",\"@id\":\"https:\/\/upconsultas.com.br\/blog\/#\/schema\/person\/image\/\",\"url\":\"https:\/\/secure.gravatar.com\/avatar\/02f760804f39d0748d6cafbf5ca3b6e9?s=96&d=mm&r=g\",\"contentUrl\":\"https:\/\/secure.gravatar.com\/avatar\/02f760804f39d0748d6cafbf5ca3b6e9?s=96&d=mm&r=g\",\"caption\":\"UP Consultas Brasil\"},\"sameAs\":[\"http:\/\/blog.upconsultas.com.br\"],\"url\":\"https:\/\/upconsultas.com.br\/blog\/author\/pachecopauluciofgmail-com\/\"}]}<\/script>\n<!-- \/ Yoast SEO plugin. -->","yoast_head_json":{"title":"Preso por feminic\u00eddio de miss na Barra da Tijuca \u00e9 achado morto na cela com ind\u00edcios de suic\u00eddio - UP Consultas","robots":{"index":"index","follow":"follow","max-snippet":"max-snippet:-1","max-image-preview":"max-image-preview:large","max-video-preview":"max-video-preview:-1"},"canonical":"https:\/\/upconsultas.com.br\/blog\/preso-por-feminicidio-de-miss-na-barra-da-tijuca-e-achado-morto-na-cela-com-indicios-de-suicidio\/","og_locale":"pt_BR","og_type":"article","og_title":"Preso por feminic\u00eddio de miss na Barra da Tijuca \u00e9 achado morto na cela com ind\u00edcios de suic\u00eddio - UP Consultas","og_description":"Via @portalg1 |\u00a0Endreo Lincoln Ferreira da Cunha, preso pelo feminic\u00eddio da modelo Ana Luiza Mateus,","og_url":"https:\/\/upconsultas.com.br\/blog\/preso-por-feminicidio-de-miss-na-barra-da-tijuca-e-achado-morto-na-cela-com-indicios-de-suicidio\/","og_site_name":"UP Consultas","article_published_time":"2026-04-23T13:03:07+00:00","og_image":[{"url":"https:\/\/blogger.googleusercontent.com\/img\/b\/R29vZ2xl\/AVvXsEj7ZXAlYKQjFm91-Ud_-_UHl9wYCz55pndP0OnvEW4jXH8_rZm3JwrGGYwaJ9UTF_COD3urjszd2Twmawh6LfAqrJv2_tkHHjyiQiCiRrbBEvRMmAqGaAzPR4wW8fyPYA9B5SgUwu-vnu_vINE7u1s_3KOavqQt2oOfDkPbJLWLQE2zQ6IzI3xD9bVNhUM\/s16000-rw\/preso-feminicidio-miss-barra-tijuca-achado-morto-cela-indicios-suicidio.webp"}],"author":"UP Consultas Brasil","twitter_card":"summary_large_image","twitter_misc":{"Escrito por":"UP Consultas Brasil","Est. tempo de leitura":"4 minutos"},"schema":{"@context":"https:\/\/schema.org","@graph":[{"@type":"Article","@id":"https:\/\/upconsultas.com.br\/blog\/preso-por-feminicidio-de-miss-na-barra-da-tijuca-e-achado-morto-na-cela-com-indicios-de-suicidio\/#article","isPartOf":{"@id":"https:\/\/upconsultas.com.br\/blog\/preso-por-feminicidio-de-miss-na-barra-da-tijuca-e-achado-morto-na-cela-com-indicios-de-suicidio\/"},"author":{"name":"UP Consultas Brasil","@id":"https:\/\/upconsultas.com.br\/blog\/#\/schema\/person\/7989e66c6d2f68e50be6c07a2d492e52"},"headline":"Preso por feminic\u00eddio de miss na Barra da Tijuca \u00e9 achado morto na cela com ind\u00edcios de suic\u00eddio","datePublished":"2026-04-23T13:03:07+00:00","dateModified":"2026-04-23T13:03:07+00:00","mainEntityOfPage":{"@id":"https:\/\/upconsultas.com.br\/blog\/preso-por-feminicidio-de-miss-na-barra-da-tijuca-e-achado-morto-na-cela-com-indicios-de-suicidio\/"},"wordCount":728,"commentCount":0,"publisher":{"@id":"https:\/\/upconsultas.com.br\/blog\/#organization"},"keywords":["achado","barra","cela","feminic\u00eddio","ind\u00edcios","morto","por","preso","suic\u00eddio","Tijuca"],"articleSection":["Advocacia"],"inLanguage":"pt-BR","potentialAction":[{"@type":"CommentAction","name":"Comment","target":["https:\/\/upconsultas.com.br\/blog\/preso-por-feminicidio-de-miss-na-barra-da-tijuca-e-achado-morto-na-cela-com-indicios-de-suicidio\/#respond"]}]},{"@type":"WebPage","@id":"https:\/\/upconsultas.com.br\/blog\/preso-por-feminicidio-de-miss-na-barra-da-tijuca-e-achado-morto-na-cela-com-indicios-de-suicidio\/","url":"https:\/\/upconsultas.com.br\/blog\/preso-por-feminicidio-de-miss-na-barra-da-tijuca-e-achado-morto-na-cela-com-indicios-de-suicidio\/","name":"Preso por feminic\u00eddio de miss na Barra da Tijuca \u00e9 achado morto na cela com ind\u00edcios de suic\u00eddio - UP Consultas","isPartOf":{"@id":"https:\/\/upconsultas.com.br\/blog\/#website"},"datePublished":"2026-04-23T13:03:07+00:00","dateModified":"2026-04-23T13:03:07+00:00","breadcrumb":{"@id":"https:\/\/upconsultas.com.br\/blog\/preso-por-feminicidio-de-miss-na-barra-da-tijuca-e-achado-morto-na-cela-com-indicios-de-suicidio\/#breadcrumb"},"inLanguage":"pt-BR","potentialAction":[{"@type":"ReadAction","target":["https:\/\/upconsultas.com.br\/blog\/preso-por-feminicidio-de-miss-na-barra-da-tijuca-e-achado-morto-na-cela-com-indicios-de-suicidio\/"]}]},{"@type":"BreadcrumbList","@id":"https:\/\/upconsultas.com.br\/blog\/preso-por-feminicidio-de-miss-na-barra-da-tijuca-e-achado-morto-na-cela-com-indicios-de-suicidio\/#breadcrumb","itemListElement":[{"@type":"ListItem","position":1,"name":"In\u00edcio","item":"https:\/\/upconsultas.com.br\/blog\/"},{"@type":"ListItem","position":2,"name":"Preso por feminic\u00eddio de miss na Barra da Tijuca \u00e9 achado morto na cela com ind\u00edcios de suic\u00eddio"}]},{"@type":"WebSite","@id":"https:\/\/upconsultas.com.br\/blog\/#website","url":"https:\/\/upconsultas.com.br\/blog\/","name":"UP Consultas","description":"Portal de consultas, CPF, CNPJ e Veiculos","publisher":{"@id":"https:\/\/upconsultas.com.br\/blog\/#organization"},"potentialAction":[{"@type":"SearchAction","target":{"@type":"EntryPoint","urlTemplate":"https:\/\/upconsultas.com.br\/blog\/?s={search_term_string}"},"query-input":"required name=search_term_string"}],"inLanguage":"pt-BR"},{"@type":"Organization","@id":"https:\/\/upconsultas.com.br\/blog\/#organization","name":"UP Consultas","url":"https:\/\/upconsultas.com.br\/blog\/","logo":{"@type":"ImageObject","inLanguage":"pt-BR","@id":"https:\/\/upconsultas.com.br\/blog\/#\/schema\/logo\/image\/","url":"https:\/\/upconsultas.com.br\/blog\/wp-content\/uploads\/2024\/09\/cropped-Azul_v3.png","contentUrl":"https:\/\/upconsultas.com.br\/blog\/wp-content\/uploads\/2024\/09\/cropped-Azul_v3.png","width":350,"height":199,"caption":"UP Consultas"},"image":{"@id":"https:\/\/upconsultas.com.br\/blog\/#\/schema\/logo\/image\/"}},{"@type":"Person","@id":"https:\/\/upconsultas.com.br\/blog\/#\/schema\/person\/7989e66c6d2f68e50be6c07a2d492e52","name":"UP Consultas Brasil","image":{"@type":"ImageObject","inLanguage":"pt-BR","@id":"https:\/\/upconsultas.com.br\/blog\/#\/schema\/person\/image\/","url":"https:\/\/secure.gravatar.com\/avatar\/02f760804f39d0748d6cafbf5ca3b6e9?s=96&d=mm&r=g","contentUrl":"https:\/\/secure.gravatar.com\/avatar\/02f760804f39d0748d6cafbf5ca3b6e9?s=96&d=mm&r=g","caption":"UP Consultas Brasil"},"sameAs":["http:\/\/blog.upconsultas.com.br"],"url":"https:\/\/upconsultas.com.br\/blog\/author\/pachecopauluciofgmail-com\/"}]}},"jetpack_sharing_enabled":true,"featured_image_urls":{"full":["https:\/\/upconsultas.com.br\/blog\/wp-content\/uploads\/2026\/04\/preso-feminicidio-miss-barra-tijuca-achado-morto-cela-indicios-suicidio.webp.jpeg",920,518,false],"thumbnail":["https:\/\/upconsultas.com.br\/blog\/wp-content\/uploads\/2026\/04\/preso-feminicidio-miss-barra-tijuca-achado-morto-cela-indicios-suicidio.webp-150x150.jpeg",150,150,true],"medium":["https:\/\/upconsultas.com.br\/blog\/wp-content\/uploads\/2026\/04\/preso-feminicidio-miss-barra-tijuca-achado-morto-cela-indicios-suicidio.webp-300x169.jpeg",300,169,true],"medium_large":["https:\/\/upconsultas.com.br\/blog\/wp-content\/uploads\/2026\/04\/preso-feminicidio-miss-barra-tijuca-achado-morto-cela-indicios-suicidio.webp-768x432.jpeg",640,360,true],"large":["https:\/\/upconsultas.com.br\/blog\/wp-content\/uploads\/2026\/04\/preso-feminicidio-miss-barra-tijuca-achado-morto-cela-indicios-suicidio.webp.jpeg",640,360,false],"1536x1536":["https:\/\/upconsultas.com.br\/blog\/wp-content\/uploads\/2026\/04\/preso-feminicidio-miss-barra-tijuca-achado-morto-cela-indicios-suicidio.webp.jpeg",920,518,false],"2048x2048":["https:\/\/upconsultas.com.br\/blog\/wp-content\/uploads\/2026\/04\/preso-feminicidio-miss-barra-tijuca-achado-morto-cela-indicios-suicidio.webp.jpeg",920,518,false],"chromenews-featured":["https:\/\/upconsultas.com.br\/blog\/wp-content\/uploads\/2026\/04\/preso-feminicidio-miss-barra-tijuca-achado-morto-cela-indicios-suicidio.webp.jpeg",920,518,false],"chromenews-large":["https:\/\/upconsultas.com.br\/blog\/wp-content\/uploads\/2026\/04\/preso-feminicidio-miss-barra-tijuca-achado-morto-cela-indicios-suicidio.webp-825x518.jpeg",825,518,true],"chromenews-medium":["https:\/\/upconsultas.com.br\/blog\/wp-content\/uploads\/2026\/04\/preso-feminicidio-miss-barra-tijuca-achado-morto-cela-indicios-suicidio.webp-590x410.jpeg",590,410,true]},"author_info":{"display_name":"UP Consultas Brasil","author_link":"https:\/\/upconsultas.com.br\/blog\/author\/pachecopauluciofgmail-com\/"},"category_info":"<a href=\"https:\/\/upconsultas.com.br\/blog\/categoria\/advocacia\/\" rel=\"category tag\">Advocacia<\/a>","tag_info":"Advocacia","comment_count":"0","jetpack_featured_media_url":"https:\/\/upconsultas.com.br\/blog\/wp-content\/uploads\/2026\/04\/preso-feminicidio-miss-barra-tijuca-achado-morto-cela-indicios-suicidio.webp.jpeg","_links":{"self":[{"href":"https:\/\/upconsultas.com.br\/blog\/wp-json\/wp\/v2\/posts\/5418"}],"collection":[{"href":"https:\/\/upconsultas.com.br\/blog\/wp-json\/wp\/v2\/posts"}],"about":[{"href":"https:\/\/upconsultas.com.br\/blog\/wp-json\/wp\/v2\/types\/post"}],"author":[{"embeddable":true,"href":"https:\/\/upconsultas.com.br\/blog\/wp-json\/wp\/v2\/users\/1"}],"replies":[{"embeddable":true,"href":"https:\/\/upconsultas.com.br\/blog\/wp-json\/wp\/v2\/comments?post=5418"}],"version-history":[{"count":0,"href":"https:\/\/upconsultas.com.br\/blog\/wp-json\/wp\/v2\/posts\/5418\/revisions"}],"wp:featuredmedia":[{"embeddable":true,"href":"https:\/\/upconsultas.com.br\/blog\/wp-json\/wp\/v2\/media\/5419"}],"wp:attachment":[{"href":"https:\/\/upconsultas.com.br\/blog\/wp-json\/wp\/v2\/media?parent=5418"}],"wp:term":[{"taxonomy":"category","embeddable":true,"href":"https:\/\/upconsultas.com.br\/blog\/wp-json\/wp\/v2\/categories?post=5418"},{"taxonomy":"post_tag","embeddable":true,"href":"https:\/\/upconsultas.com.br\/blog\/wp-json\/wp\/v2\/tags?post=5418"}],"curies":[{"name":"wp","href":"https:\/\/api.w.org\/{rel}","templated":true}]}}